{"id":108581,"date":"2023-05-12T09:54:00","date_gmt":"2023-05-12T15:54:00","guid":{"rendered":"https:\/\/diariolanoticia.com.mx\/?p=108581"},"modified":"2023-05-15T09:54:11","modified_gmt":"2023-05-15T15:54:11","slug":"continuan-actividades-por-aniversario-de-la-facultad-de-derecho-de-la-uatx","status":"publish","type":"post","link":"https:\/\/diariolanoticia.com.mx\/?p=108581","title":{"rendered":"Contin\u00faan actividades por aniversario de la Facultad de Derecho de la UATx"},"content":{"rendered":"\n<p>Como parte de la conmemoraci\u00f3n del 58 Aniversario de la Facultad de Derecho, Ciencias Pol\u00edticas y Criminolog\u00eda de la Universidad Aut\u00f3noma de Tlaxcala (UATx), se efectu\u00f3 una serie de actividades recreativas consistentes en una carrera de botargas, rally de conocimientos, as\u00ed como justas deportivas, con la finalidad de propiciar un espacio de esparcimiento y convivencia entre su comunidad. Estos eventos, estuvieron presididos por el Maestro Dante Morales Cruz, Director de esta \u00e1rea y el programa acad\u00e9mico-cultural concluir\u00e1 el pr\u00f3ximo viernes 19 de mayo.&nbsp;<\/p>\n","protected":false},"excerpt":{"rendered":"<p>Como parte de la conmemoraci\u00f3n del 58 Aniversario de la Facultad de Derecho, Ciencias Pol\u00edticas y Criminolog\u00eda de la Universidad Aut\u00f3noma de Tlaxcala (UATx), se efectu\u00f3 una serie de actividades recreativas consistentes en una carrera de botargas, rally de conocimientos, as\u00ed como justas deportivas, con la finalidad de propiciar un espacio de esparcimiento y convivencia [&hellip;]<\/p>\n","protected":false},"author":1,"featured_media":108582,"comment_status":"open","ping_status":"open","sticky":false,"template":"","format":"standard","meta":{"footnotes":""},"categories":[10],"tags":[],"class_list":["post-108581","post","type-post","status-publish","format-standard","has-post-thumbnail","hentry","category-educacion"],"blog_post_layout_featured_media_urls":{"thumbnail":["https:\/\/diariolanoticia.com.mx\/wp-content\/uploads\/2023\/05\/12-Continuan-actividades-por-aniversario-de-la-Facultad-de-Derecho-de-la-UATx-216x160.jpg",216,160,true],"full":["https:\/\/diariolanoticia.com.mx\/wp-content\/uploads\/2023\/05\/12-Continuan-actividades-por-aniversario-de-la-Facultad-de-Derecho-de-la-UATx.jpg",1418,946,false]},"categories_names":{"10":{"name":"Educaci\u00f3n","link":"https:\/\/diariolanoticia.com.mx\/?cat=10"}},"tags_names":[],"comments_number":"0","wpmagazine_modules_lite_featured_media_urls":{"thumbnail":["https:\/\/diariolanoticia.com.mx\/wp-content\/uploads\/2023\/05\/12-Continuan-actividades-por-aniversario-de-la-Facultad-de-Derecho-de-la-UATx-216x160.jpg",216,160,true],"cvmm-medium":["https:\/\/diariolanoticia.com.mx\/wp-content\/uploads\/2023\/05\/12-Continuan-actividades-por-aniversario-de-la-Facultad-de-Derecho-de-la-UATx-300x300.jpg",300,300,true],"cvmm-medium-plus":["https:\/\/diariolanoticia.com.mx\/wp-content\/uploads\/2023\/05\/12-Continuan-actividades-por-aniversario-de-la-Facultad-de-Derecho-de-la-UATx-305x207.jpg",305,207,true],"cvmm-portrait":["https:\/\/diariolanoticia.com.mx\/wp-content\/uploads\/2023\/05\/12-Continuan-actividades-por-aniversario-de-la-Facultad-de-Derecho-de-la-UATx-400x600.jpg",400,600,true],"cvmm-medium-square":["https:\/\/diariolanoticia.com.mx\/wp-content\/uploads\/2023\/05\/12-Continuan-actividades-por-aniversario-de-la-Facultad-de-Derecho-de-la-UATx-600x600.jpg",600,600,true],"cvmm-large":["https:\/\/diariolanoticia.com.mx\/wp-content\/uploads\/2023\/05\/12-Continuan-actividades-por-aniversario-de-la-Facultad-de-Derecho-de-la-UATx-1024x946.jpg",1024,946,true],"cvmm-small":["https:\/\/diariolanoticia.com.mx\/wp-content\/uploads\/2023\/05\/12-Continuan-actividades-por-aniversario-de-la-Facultad-de-Derecho-de-la-UATx-130x95.jpg",130,95,true],"full":["https:\/\/diariolanoticia.com.mx\/wp-content\/uploads\/2023\/05\/12-Continuan-actividades-por-aniversario-de-la-Facultad-de-Derecho-de-la-UATx.jpg",1418,946,false]},"_links":{"self":[{"href":"https:\/\/diariolanoticia.com.mx\/index.php?rest_route=\/wp\/v2\/posts\/108581","targetHints":{"allow":["GET"]}}],"collection":[{"href":"https:\/\/diariolanoticia.com.mx\/index.php?rest_route=\/wp\/v2\/posts"}],"about":[{"href":"https:\/\/diariolanoticia.com.mx\/index.php?rest_route=\/wp\/v2\/types\/post"}],"author":[{"embeddable":true,"href":"https:\/\/diariolanoticia.com.mx\/index.php?rest_route=\/wp\/v2\/users\/1"}],"replies":[{"embeddable":true,"href":"https:\/\/diariolanoticia.com.mx\/index.php?rest_route=%2Fwp%2Fv2%2Fcomments&post=108581"}],"version-history":[{"count":1,"href":"https:\/\/diariolanoticia.com.mx\/index.php?rest_route=\/wp\/v2\/posts\/108581\/revisions"}],"predecessor-version":[{"id":108583,"href":"https:\/\/diariolanoticia.com.mx\/index.php?rest_route=\/wp\/v2\/posts\/108581\/revisions\/108583"}],"wp:featuredmedia":[{"embeddable":true,"href":"https:\/\/diariolanoticia.com.mx\/index.php?rest_route=\/wp\/v2\/media\/108582"}],"wp:attachment":[{"href":"https:\/\/diariolanoticia.com.mx\/index.php?rest_route=%2Fwp%2Fv2%2Fmedia&parent=108581"}],"wp:term":[{"taxonomy":"category","embeddable":true,"href":"https:\/\/diariolanoticia.com.mx\/index.php?rest_route=%2Fwp%2Fv2%2Fcategories&post=108581"},{"taxonomy":"post_tag","embeddable":true,"href":"https:\/\/diariolanoticia.com.mx\/index.php?rest_route=%2Fwp%2Fv2%2Ftags&post=108581"}],"curies":[{"name":"wp","href":"https:\/\/api.w.org\/{rel}","templated":true}]}}