{"id":108812,"date":"2023-05-17T15:26:02","date_gmt":"2023-05-17T21:26:02","guid":{"rendered":"https:\/\/diariolanoticia.com.mx\/?p=108812"},"modified":"2023-05-17T15:26:03","modified_gmt":"2023-05-17T21:26:03","slug":"realiza-federacion-de-estudiantes-de-la-uatx-primera-expo-emprendedora","status":"publish","type":"post","link":"https:\/\/diariolanoticia.com.mx\/?p=108812","title":{"rendered":"Realiza Federaci\u00f3n de Estudiantes de la UATx primera\u00a0expo-emprendedora"},"content":{"rendered":"\n<p>\u00b7&nbsp;&nbsp;&nbsp;&nbsp;&nbsp;&nbsp;&nbsp;&nbsp;&nbsp;<strong>&nbsp;Tambi\u00e9n la presentaci\u00f3n de obra de teatro por parte de la Secretar\u00eda de Seguridad Ciudadana<\/strong><\/p>\n\n\n\n<p>La Federaci\u00f3n de Estudiantes de la Universidad Aut\u00f3noma de Tlaxcala (FEUAT), realiz\u00f3 la primera \u00abExpo-emprendedores 2023\u00bb, celebrada en la Plaza de la Autonom\u00eda, la cual busca fomentar esta actividad, visibilizar, promocionar y comercializar productos elaborados por los j\u00f3venes emprendedores.<\/p>\n\n\n\n<p>En representaci\u00f3n del Doctor Seraf\u00edn Ortiz Ortiz, Rector de la UATx, el Doctor Jos\u00e9 Reyes Luna Ru\u00edz, Coordinador de la Divisi\u00f3n de Ciencias Biol\u00f3gicas, destac\u00f3 que, la prioridad de esta administraci\u00f3n es la solidaridad hacia los j\u00f3venes, benefici\u00e1ndolos con diversos servicios que otorga la universidad y, a trav\u00e9s del Modelo Humanista Integrador basado en Capacidades (MHIC), formar hombres y mujeres de bien que tiene como meta elevar est\u00e1ndares de calidad, capacidad y competitividad que impacten positivamente en la sociedad.<\/p>\n\n\n\n<p>Resalt\u00f3 que, ser emprendedor significa moverse con un gran prop\u00f3sito para materializar una idea en un negocio de forma innovadora, asumiendo los riesgos que conlleva a ver su proyecto realizado y que va m\u00e1s all\u00e1 de una gratificaci\u00f3n econ\u00f3mica, por lo que, en esta primera edici\u00f3n, se han sentado las bases destacando la voluntad, determinaci\u00f3n, constancia y persistencia de los j\u00f3venes, haciendo un trabajo en lo personal y en lo profesional.<\/p>\n\n\n\n<p>Por su parte, Daniela Membrila Alarc\u00f3n, Secretaria de la FEUAT, expuso que, en esta actividad, se desarrolla el proyecto denominado \u00abmenstruaci\u00f3n digna\u00bb, el cual busca visibilizar y hablar de esta etapa como un derecho de las ni\u00f1as, adolescentes, mujeres y personas menstruantes, por lo que, los expositores, realizaron donativos de productos de higiene personal, con la finalidad de repartirlos en cada una de las facultades y campus sin alg\u00fan costo.<\/p>\n\n\n\n<p>Cabe destacar que, en esta jornada efectuada por la Federaci\u00f3n de Estudiantes, tambi\u00e9n se llev\u00f3 a cabo la presentaci\u00f3n de la obra de teatro denominada: \u00abCamino sin retorno\u00bb, a cargo del Departamento de Prevenci\u00f3n del Delito de la Secretar\u00eda de Seguridad Ciudadana de Tlaxcala (SSC), en el auditorio Jos\u00e9 de Jes\u00fas Gudi\u00f1o Pelayo del CIJUREP, a la que asistieron la Licenciada Ingrid Morales S\u00e1nchez, Jefa del Departamento de Prevenci\u00f3n del Delito; Julieta Gamboa Vidrio, Presidenta de la FEUAT; directivos universitarios; docentes y estudiantes, quienes donaron material higi\u00e9nico para el cuidado de la salud femenina.<\/p>\n","protected":false},"excerpt":{"rendered":"<p>\u00b7&nbsp;&nbsp;&nbsp;&nbsp;&nbsp;&nbsp;&nbsp;&nbsp;&nbsp;&nbsp;Tambi\u00e9n la presentaci\u00f3n de obra de teatro por parte de la Secretar\u00eda de Seguridad Ciudadana La Federaci\u00f3n de Estudiantes de la Universidad Aut\u00f3noma de Tlaxcala (FEUAT), realiz\u00f3 la primera \u00abExpo-emprendedores 2023\u00bb, celebrada en la Plaza de la Autonom\u00eda, la cual busca fomentar esta actividad, visibilizar, promocionar y comercializar productos elaborados por los j\u00f3venes emprendedores. En [&hellip;]<\/p>\n","protected":false},"author":1,"featured_media":108813,"comment_status":"open","ping_status":"open","sticky":false,"template":"","format":"standard","meta":{"footnotes":""},"categories":[10],"tags":[],"class_list":["post-108812","post","type-post","status-publish","format-standard","has-post-thumbnail","hentry","category-educacion"],"blog_post_layout_featured_media_urls":{"thumbnail":["https:\/\/diariolanoticia.com.mx\/wp-content\/uploads\/2023\/05\/17-Realiza-Federacion-de-Estudiantes-de-la-UATx-primera-expo-emprendedora-216x160.jpg",216,160,true],"full":["https:\/\/diariolanoticia.com.mx\/wp-content\/uploads\/2023\/05\/17-Realiza-Federacion-de-Estudiantes-de-la-UATx-primera-expo-emprendedora.jpg",1418,946,false]},"categories_names":{"10":{"name":"Educaci\u00f3n","link":"https:\/\/diariolanoticia.com.mx\/?cat=10"}},"tags_names":[],"comments_number":"0","wpmagazine_modules_lite_featured_media_urls":{"thumbnail":["https:\/\/diariolanoticia.com.mx\/wp-content\/uploads\/2023\/05\/17-Realiza-Federacion-de-Estudiantes-de-la-UATx-primera-expo-emprendedora-216x160.jpg",216,160,true],"cvmm-medium":["https:\/\/diariolanoticia.com.mx\/wp-content\/uploads\/2023\/05\/17-Realiza-Federacion-de-Estudiantes-de-la-UATx-primera-expo-emprendedora-300x300.jpg",300,300,true],"cvmm-medium-plus":["https:\/\/diariolanoticia.com.mx\/wp-content\/uploads\/2023\/05\/17-Realiza-Federacion-de-Estudiantes-de-la-UATx-primera-expo-emprendedora-305x207.jpg",305,207,true],"cvmm-portrait":["https:\/\/diariolanoticia.com.mx\/wp-content\/uploads\/2023\/05\/17-Realiza-Federacion-de-Estudiantes-de-la-UATx-primera-expo-emprendedora-400x600.jpg",400,600,true],"cvmm-medium-square":["https:\/\/diariolanoticia.com.mx\/wp-content\/uploads\/2023\/05\/17-Realiza-Federacion-de-Estudiantes-de-la-UATx-primera-expo-emprendedora-600x600.jpg",600,600,true],"cvmm-large":["https:\/\/diariolanoticia.com.mx\/wp-content\/uploads\/2023\/05\/17-Realiza-Federacion-de-Estudiantes-de-la-UATx-primera-expo-emprendedora-1024x946.jpg",1024,946,true],"cvmm-small":["https:\/\/diariolanoticia.com.mx\/wp-content\/uploads\/2023\/05\/17-Realiza-Federacion-de-Estudiantes-de-la-UATx-primera-expo-emprendedora-130x95.jpg",130,95,true],"full":["https:\/\/diariolanoticia.com.mx\/wp-content\/uploads\/2023\/05\/17-Realiza-Federacion-de-Estudiantes-de-la-UATx-primera-expo-emprendedora.jpg",1418,946,false]},"_links":{"self":[{"href":"https:\/\/diariolanoticia.com.mx\/index.php?rest_route=\/wp\/v2\/posts\/108812","targetHints":{"allow":["GET"]}}],"collection":[{"href":"https:\/\/diariolanoticia.com.mx\/index.php?rest_route=\/wp\/v2\/posts"}],"about":[{"href":"https:\/\/diariolanoticia.com.mx\/index.php?rest_route=\/wp\/v2\/types\/post"}],"author":[{"embeddable":true,"href":"https:\/\/diariolanoticia.com.mx\/index.php?rest_route=\/wp\/v2\/users\/1"}],"replies":[{"embeddable":true,"href":"https:\/\/diariolanoticia.com.mx\/index.php?rest_route=%2Fwp%2Fv2%2Fcomments&post=108812"}],"version-history":[{"count":1,"href":"https:\/\/diariolanoticia.com.mx\/index.php?rest_route=\/wp\/v2\/posts\/108812\/revisions"}],"predecessor-version":[{"id":108814,"href":"https:\/\/diariolanoticia.com.mx\/index.php?rest_route=\/wp\/v2\/posts\/108812\/revisions\/108814"}],"wp:featuredmedia":[{"embeddable":true,"href":"https:\/\/diariolanoticia.com.mx\/index.php?rest_route=\/wp\/v2\/media\/108813"}],"wp:attachment":[{"href":"https:\/\/diariolanoticia.com.mx\/index.php?rest_route=%2Fwp%2Fv2%2Fmedia&parent=108812"}],"wp:term":[{"taxonomy":"category","embeddable":true,"href":"https:\/\/diariolanoticia.com.mx\/index.php?rest_route=%2Fwp%2Fv2%2Fcategories&post=108812"},{"taxonomy":"post_tag","embeddable":true,"href":"https:\/\/diariolanoticia.com.mx\/index.php?rest_route=%2Fwp%2Fv2%2Ftags&post=108812"}],"curies":[{"name":"wp","href":"https:\/\/api.w.org\/{rel}","templated":true}]}}