{"id":108916,"date":"2023-05-18T15:10:27","date_gmt":"2023-05-18T21:10:27","guid":{"rendered":"https:\/\/diariolanoticia.com.mx\/?p=108916"},"modified":"2023-05-18T15:10:27","modified_gmt":"2023-05-18T21:10:27","slug":"nueva-opcion-profesional-en-economia-y-finanzas-de-la-uatx","status":"publish","type":"post","link":"https:\/\/diariolanoticia.com.mx\/?p=108916","title":{"rendered":"Nueva opci\u00f3n profesional en Econom\u00eda y Finanzas de la UATx"},"content":{"rendered":"\n<p>En concordancia con las pol\u00edticas educativas federales que buscan incrementar la posibilidad de que m\u00e1s j\u00f3venes realicen estudios del nivel superior,&nbsp;la Universidad Aut\u00f3noma de Tlaxcala (UATx) increment\u00f3 su oferta educativa para la presente convocatoria de ingreso al Ciclo Oto\u00f1o 2023, al pasar de 41 a 45 licenciaturas, de forma que responda a las problem\u00e1ticas sociales actuales a escala estatal, nacional e internacional.<\/p>\n\n\n\n<p>En un hecho de gran trascendencia para la m\u00e1xima Casa de Estudios de la entidad, ya que desde hace 12 a\u00f1os no se hab\u00edan estructurado nuevas carreras, en el actual proceso de ingreso se integra la Licenciatura en Econom\u00eda y Finanzas, que ser\u00e1 impartida en la Facultad de Ciencias Econ\u00f3mico Administrativas, campus Amaxac.<\/p>\n\n\n\n<p>Al respecto, la Doctora Glor\u00eda Ram\u00edrez El\u00edas, Coordinadora de la Divisi\u00f3n de Ciencias Sociales y Administrativas, se\u00f1al\u00f3 que, este logro se enmarca en las acciones que el Doctor Seraf\u00edn Ortiz Ortiz, Rector de la UATx, ha impulsado en beneficio de quienes tienen el deseo de realizar estudios profesionales, adem\u00e1s de ser un compromiso establecido en el Plan Institucional de Mejoramiento Acelerado (PIMA), documento que direcciona la&nbsp; transformaci\u00f3n organizacional y normativa de esta Casa de Estudios.<\/p>\n\n\n\n<p>Apunt\u00f3 que, la Licenciatura en Econom\u00eda y Finanzas, tiene como prop\u00f3sito formar profesionales con conocimientos te\u00f3ricos, pr\u00e1cticos y metodol\u00f3gicos, con habilidades y valores para modelar, desarrollar, operar y analizar variables econ\u00f3mico-financieras para la toma de decisiones en el \u00e1mbito nacional e internacional de los sectores p\u00fablico, privado y social con sentido \u00e9tico y de responsabilidad social, bajo los par\u00e1metros del Modelo Humanista Integrador basado en Capacidades (MHIC).<\/p>\n\n\n\n<p>Detall\u00f3 que, esta carrera, se cursar\u00e1 en ocho semestres y al concluir los estudios, el profesionista podr\u00e1 realizar diagn\u00f3sticos de la situaci\u00f3n econ\u00f3mica actual e implementar estrategias que tengan impacto en el crecimiento del pa\u00eds, as\u00ed como contribuir a la planeaci\u00f3n empresarial, de presupuestos, proyectos de inversi\u00f3n p\u00fablicos y privados, as\u00ed como programas p\u00fablicos de desarrollo.<\/p>\n\n\n\n<p>Indic\u00f3 que, los campos formativos abarcan ejes como: tronco com\u00fan universitario, praxis profesional, Finanzas, Inteligencia de Negocios, Econom\u00eda y Empresa, Matem\u00e1ticas y Desarrollo Humano.<\/p>\n\n\n\n<p>Enfatiz\u00f3 que, esta innovadora licenciatura, abarcar\u00e1 en su plan de estudios: escritura oral y escrita; \u00c1lgebra; Humanismo, Autorrealizaci\u00f3n y Sostenibilidad; Sistema Financiero; C\u00e1lculo Diferencial; Ingl\u00e9s; Mercados Financieros; herramientas y anal\u00edtica de Marketing Digital; an\u00e1lisis de datos masivos para inteligencia de negocios, entre otros.<\/p>\n","protected":false},"excerpt":{"rendered":"<p>En concordancia con las pol\u00edticas educativas federales que buscan incrementar la posibilidad de que m\u00e1s j\u00f3venes realicen estudios del nivel superior,&nbsp;la Universidad Aut\u00f3noma de Tlaxcala (UATx) increment\u00f3 su oferta educativa para la presente convocatoria de ingreso al Ciclo Oto\u00f1o 2023, al pasar de 41 a 45 licenciaturas, de forma que responda a las problem\u00e1ticas sociales [&hellip;]<\/p>\n","protected":false},"author":1,"featured_media":108917,"comment_status":"open","ping_status":"open","sticky":false,"template":"","format":"standard","meta":{"footnotes":""},"categories":[10],"tags":[],"class_list":["post-108916","post","type-post","status-publish","format-standard","has-post-thumbnail","hentry","category-educacion"],"blog_post_layout_featured_media_urls":{"thumbnail":["https:\/\/diariolanoticia.com.mx\/wp-content\/uploads\/2023\/05\/18-Nueva-opcion-profesional-en-Economia-y-Finanzas-de-la-UATx-216x160.jpg",216,160,true],"full":["https:\/\/diariolanoticia.com.mx\/wp-content\/uploads\/2023\/05\/18-Nueva-opcion-profesional-en-Economia-y-Finanzas-de-la-UATx.jpg",1400,928,false]},"categories_names":{"10":{"name":"Educaci\u00f3n","link":"https:\/\/diariolanoticia.com.mx\/?cat=10"}},"tags_names":[],"comments_number":"0","wpmagazine_modules_lite_featured_media_urls":{"thumbnail":["https:\/\/diariolanoticia.com.mx\/wp-content\/uploads\/2023\/05\/18-Nueva-opcion-profesional-en-Economia-y-Finanzas-de-la-UATx-216x160.jpg",216,160,true],"cvmm-medium":["https:\/\/diariolanoticia.com.mx\/wp-content\/uploads\/2023\/05\/18-Nueva-opcion-profesional-en-Economia-y-Finanzas-de-la-UATx-300x300.jpg",300,300,true],"cvmm-medium-plus":["https:\/\/diariolanoticia.com.mx\/wp-content\/uploads\/2023\/05\/18-Nueva-opcion-profesional-en-Economia-y-Finanzas-de-la-UATx-305x207.jpg",305,207,true],"cvmm-portrait":["https:\/\/diariolanoticia.com.mx\/wp-content\/uploads\/2023\/05\/18-Nueva-opcion-profesional-en-Economia-y-Finanzas-de-la-UATx-400x600.jpg",400,600,true],"cvmm-medium-square":["https:\/\/diariolanoticia.com.mx\/wp-content\/uploads\/2023\/05\/18-Nueva-opcion-profesional-en-Economia-y-Finanzas-de-la-UATx-600x600.jpg",600,600,true],"cvmm-large":["https:\/\/diariolanoticia.com.mx\/wp-content\/uploads\/2023\/05\/18-Nueva-opcion-profesional-en-Economia-y-Finanzas-de-la-UATx-1024x928.jpg",1024,928,true],"cvmm-small":["https:\/\/diariolanoticia.com.mx\/wp-content\/uploads\/2023\/05\/18-Nueva-opcion-profesional-en-Economia-y-Finanzas-de-la-UATx-130x95.jpg",130,95,true],"full":["https:\/\/diariolanoticia.com.mx\/wp-content\/uploads\/2023\/05\/18-Nueva-opcion-profesional-en-Economia-y-Finanzas-de-la-UATx.jpg",1400,928,false]},"_links":{"self":[{"href":"https:\/\/diariolanoticia.com.mx\/index.php?rest_route=\/wp\/v2\/posts\/108916","targetHints":{"allow":["GET"]}}],"collection":[{"href":"https:\/\/diariolanoticia.com.mx\/index.php?rest_route=\/wp\/v2\/posts"}],"about":[{"href":"https:\/\/diariolanoticia.com.mx\/index.php?rest_route=\/wp\/v2\/types\/post"}],"author":[{"embeddable":true,"href":"https:\/\/diariolanoticia.com.mx\/index.php?rest_route=\/wp\/v2\/users\/1"}],"replies":[{"embeddable":true,"href":"https:\/\/diariolanoticia.com.mx\/index.php?rest_route=%2Fwp%2Fv2%2Fcomments&post=108916"}],"version-history":[{"count":1,"href":"https:\/\/diariolanoticia.com.mx\/index.php?rest_route=\/wp\/v2\/posts\/108916\/revisions"}],"predecessor-version":[{"id":108918,"href":"https:\/\/diariolanoticia.com.mx\/index.php?rest_route=\/wp\/v2\/posts\/108916\/revisions\/108918"}],"wp:featuredmedia":[{"embeddable":true,"href":"https:\/\/diariolanoticia.com.mx\/index.php?rest_route=\/wp\/v2\/media\/108917"}],"wp:attachment":[{"href":"https:\/\/diariolanoticia.com.mx\/index.php?rest_route=%2Fwp%2Fv2%2Fmedia&parent=108916"}],"wp:term":[{"taxonomy":"category","embeddable":true,"href":"https:\/\/diariolanoticia.com.mx\/index.php?rest_route=%2Fwp%2Fv2%2Fcategories&post=108916"},{"taxonomy":"post_tag","embeddable":true,"href":"https:\/\/diariolanoticia.com.mx\/index.php?rest_route=%2Fwp%2Fv2%2Ftags&post=108916"}],"curies":[{"name":"wp","href":"https:\/\/api.w.org\/{rel}","templated":true}]}}