{"id":108919,"date":"2023-05-18T15:11:55","date_gmt":"2023-05-18T21:11:55","guid":{"rendered":"https:\/\/diariolanoticia.com.mx\/?p=108919"},"modified":"2023-05-18T15:11:57","modified_gmt":"2023-05-18T21:11:57","slug":"aprueba-lxiv-legislatura-minuta-para-reducir-la-edad-para-ocupar-cargos-publicos","status":"publish","type":"post","link":"https:\/\/diariolanoticia.com.mx\/?p=108919","title":{"rendered":"Aprueba LXIV Legislatura minuta para reducir la edad para ocupar cargos p\u00fablicos\u00a0"},"content":{"rendered":"\n<p>\u00b7\u00a0\u00a0\u00a0\u00a0\u00a0\u00a0Tambi\u00e9n se reduce de 30 a 25 a\u00f1os la edad para ser designado como secretario o secretaria de Estado<\/p>\n\n\n\n<p>Las y los diputados integrantes de la LXIV Legislatura, aprobaron la minuta Proyecto de Decreto por el que se reforman los art\u00edculos 55 y 91 de la Constituci\u00f3n Pol\u00edtica de los Estados Unidos Mexicanos (CPEUM), en materia de edad m\u00ednima para ocupar un cargo p\u00fablico, remitida por la C\u00e1mara de Senadores.&nbsp;<\/p>\n\n\n\n<p>Con el firme compromiso de ser acompa\u00f1antes de las iniciativa y minutas que contribuyan al crecimiento, desarrollo, el bien com\u00fan de los mexicanos y tlaxcaltecas, el Congreso local aprob\u00f3 disminuir la edad con la que deben contar las personas que ocupen el cargo de diputada o diputado federal, para pasar de 21 a\u00f1os a 18 a\u00f1os, as\u00ed como de reducir de 30 a 25 a\u00f1os para ser secretario o secretaria de Estado.&nbsp;<\/p>\n\n\n\n<p>En voz de la diputada Maribel Le\u00f3n Cruz, se destac\u00f3 que \u00absi a los 18 a\u00f1os, toda persona alcanza la mayor\u00eda de edad en tanto que, sobre \u00e9sta recaen diversas obligaciones derivadas de su calidad pol\u00edtica en materias como fiscal, electoral, penal, entre otras, por coherencia, igualdad y reciprocidad las personas de 18 a\u00f1os deben tener la posibilidad de ejercer sus derechos pol\u00edticos activamente\u00bb.&nbsp;<\/p>\n\n\n\n<p>En este sentido, la LXIV Legislatura, acompa\u00f1\u00f3 de manera positiva dicha minuta en la que se reconoce la posibilidad de que las juventudes puedan acceder desde los 18 a\u00f1os a cargos p\u00fablicos, as\u00ed como tener representaci\u00f3n pol\u00edtica en la toma de decisiones y a partir de los 25 a\u00f1os de edad ser nombrados secretarios o secretarias de Estado, lo que permite y garantiza el libre ejercicio de los derechos pol\u00edticos y electorales de las juventudes.&nbsp;<\/p>\n\n\n\n<p>De esta manera, las y los diputados locales, reafirman su compromiso para legislar a favor de toda la ciudadan\u00eda y contribuir de manera eficiente con el crecimiento y desarrollo de las juventudes tlaxcaltecas.&nbsp;<\/p>\n","protected":false},"excerpt":{"rendered":"<p>\u00b7\u00a0\u00a0\u00a0\u00a0\u00a0\u00a0Tambi\u00e9n se reduce de 30 a 25 a\u00f1os la edad para ser designado como secretario o secretaria de Estado Las y los diputados integrantes de la LXIV Legislatura, aprobaron la minuta Proyecto de Decreto por el que se reforman los art\u00edculos 55 y 91 de la Constituci\u00f3n Pol\u00edtica de los Estados Unidos Mexicanos (CPEUM), en [&hellip;]<\/p>\n","protected":false},"author":1,"featured_media":108920,"comment_status":"open","ping_status":"open","sticky":false,"template":"","format":"standard","meta":{"footnotes":""},"categories":[22],"tags":[],"class_list":["post-108919","post","type-post","status-publish","format-standard","has-post-thumbnail","hentry","category-congreso"],"blog_post_layout_featured_media_urls":{"thumbnail":["https:\/\/diariolanoticia.com.mx\/wp-content\/uploads\/2023\/05\/6-216x160.jpeg",216,160,true],"full":["https:\/\/diariolanoticia.com.mx\/wp-content\/uploads\/2023\/05\/6.jpeg",1024,684,false]},"categories_names":{"22":{"name":"Congreso","link":"https:\/\/diariolanoticia.com.mx\/?cat=22"}},"tags_names":[],"comments_number":"0","wpmagazine_modules_lite_featured_media_urls":{"thumbnail":["https:\/\/diariolanoticia.com.mx\/wp-content\/uploads\/2023\/05\/6-216x160.jpeg",216,160,true],"cvmm-medium":["https:\/\/diariolanoticia.com.mx\/wp-content\/uploads\/2023\/05\/6-300x300.jpeg",300,300,true],"cvmm-medium-plus":["https:\/\/diariolanoticia.com.mx\/wp-content\/uploads\/2023\/05\/6-305x207.jpeg",305,207,true],"cvmm-portrait":["https:\/\/diariolanoticia.com.mx\/wp-content\/uploads\/2023\/05\/6-400x600.jpeg",400,600,true],"cvmm-medium-square":["https:\/\/diariolanoticia.com.mx\/wp-content\/uploads\/2023\/05\/6-600x600.jpeg",600,600,true],"cvmm-large":["https:\/\/diariolanoticia.com.mx\/wp-content\/uploads\/2023\/05\/6.jpeg",1024,684,false],"cvmm-small":["https:\/\/diariolanoticia.com.mx\/wp-content\/uploads\/2023\/05\/6-130x95.jpeg",130,95,true],"full":["https:\/\/diariolanoticia.com.mx\/wp-content\/uploads\/2023\/05\/6.jpeg",1024,684,false]},"_links":{"self":[{"href":"https:\/\/diariolanoticia.com.mx\/index.php?rest_route=\/wp\/v2\/posts\/108919","targetHints":{"allow":["GET"]}}],"collection":[{"href":"https:\/\/diariolanoticia.com.mx\/index.php?rest_route=\/wp\/v2\/posts"}],"about":[{"href":"https:\/\/diariolanoticia.com.mx\/index.php?rest_route=\/wp\/v2\/types\/post"}],"author":[{"embeddable":true,"href":"https:\/\/diariolanoticia.com.mx\/index.php?rest_route=\/wp\/v2\/users\/1"}],"replies":[{"embeddable":true,"href":"https:\/\/diariolanoticia.com.mx\/index.php?rest_route=%2Fwp%2Fv2%2Fcomments&post=108919"}],"version-history":[{"count":1,"href":"https:\/\/diariolanoticia.com.mx\/index.php?rest_route=\/wp\/v2\/posts\/108919\/revisions"}],"predecessor-version":[{"id":108921,"href":"https:\/\/diariolanoticia.com.mx\/index.php?rest_route=\/wp\/v2\/posts\/108919\/revisions\/108921"}],"wp:featuredmedia":[{"embeddable":true,"href":"https:\/\/diariolanoticia.com.mx\/index.php?rest_route=\/wp\/v2\/media\/108920"}],"wp:attachment":[{"href":"https:\/\/diariolanoticia.com.mx\/index.php?rest_route=%2Fwp%2Fv2%2Fmedia&parent=108919"}],"wp:term":[{"taxonomy":"category","embeddable":true,"href":"https:\/\/diariolanoticia.com.mx\/index.php?rest_route=%2Fwp%2Fv2%2Fcategories&post=108919"},{"taxonomy":"post_tag","embeddable":true,"href":"https:\/\/diariolanoticia.com.mx\/index.php?rest_route=%2Fwp%2Fv2%2Ftags&post=108919"}],"curies":[{"name":"wp","href":"https:\/\/api.w.org\/{rel}","templated":true}]}}