{"id":109074,"date":"2023-05-23T11:29:39","date_gmt":"2023-05-23T17:29:39","guid":{"rendered":"https:\/\/diariolanoticia.com.mx\/?p=109074"},"modified":"2023-05-23T11:29:40","modified_gmt":"2023-05-23T17:29:40","slug":"fortalecen-habilidades-prestadores-de-servicios-turisticos-de-huamantla","status":"publish","type":"post","link":"https:\/\/diariolanoticia.com.mx\/?p=109074","title":{"rendered":"FORTALECEN HABILIDADES PRESTADORES DE SERVICIOS TUR\u00cdSTICOS DE HUAMANTLA"},"content":{"rendered":"\n<p>\u00b7&nbsp;&nbsp;&nbsp;&nbsp;&nbsp;&nbsp;<em>Inicia el curso \u201cMejorando la red colaborativa\u201d, para generar estrategias a favor de las cadenas productivas del Pueblo M\u00e1gico.<\/em><\/p>\n\n\n\n<p>El Gobierno Municipal de Huamantla que preside el alcalde Salvador Santos Cedillo, a trav\u00e9s de la Coordinaci\u00f3n de Turismo, inici\u00f3 con la capacitaci\u00f3n gratuita \u201cMejorando la red colaborativa\u201d, a prestadores de servicios tur\u00edsticos del municipio, misma que se realizar\u00e1 del 22 al 24 de mayo.<\/p>\n\n\n\n<p>La coordinadora Municipal de Turismo, Ma. del Carmen Montiel Goyri, inform\u00f3 que esta capacitaci\u00f3n tiene el prop\u00f3sito de mostrar c\u00f3mo trabajar como una cadena productiva en materia de turismo, para ejecutar acciones que permitan dar a conocer sus productos y servicios.<\/p>\n\n\n\n<p>En ese sentido, la Coordinaci\u00f3n de Turismo municipal, invita a los prestadores de servicios, a ser parte de los \u00faltimos cursos que se brindar\u00e1n este mes de mayo, que iniciar\u00e1n el d\u00eda 25, que son: Formulaci\u00f3n de proyectos \u201cInformaci\u00f3n Tur\u00edstica de Eventos\u201d, de 9:00 a 13:00 horas; y Gesti\u00f3n de Proyectos: Anfitrion\u00eda y Hospitalidad, de 13:30 a 17:30 horas. Ambos ser\u00e1n impartidos en la Casa de la Cultura.<\/p>\n\n\n\n<p>As\u00ed, la administraci\u00f3n municipal ejecuta acciones para impulsar el turismo de Huamantla, para que potencialicen los recursos con los que cuenta el municipio y ofrezcan experiencias \u00fanicas en el destino m\u00e1s atractivo de Tlaxcala.<\/p>\n","protected":false},"excerpt":{"rendered":"<p>\u00b7&nbsp;&nbsp;&nbsp;&nbsp;&nbsp;&nbsp;Inicia el curso \u201cMejorando la red colaborativa\u201d, para generar estrategias a favor de las cadenas productivas del Pueblo M\u00e1gico. El Gobierno Municipal de Huamantla que preside el alcalde Salvador Santos Cedillo, a trav\u00e9s de la Coordinaci\u00f3n de Turismo, inici\u00f3 con la capacitaci\u00f3n gratuita \u201cMejorando la red colaborativa\u201d, a prestadores de servicios tur\u00edsticos del municipio, misma [&hellip;]<\/p>\n","protected":false},"author":1,"featured_media":109075,"comment_status":"open","ping_status":"open","sticky":false,"template":"","format":"standard","meta":{"footnotes":""},"categories":[219],"tags":[],"class_list":["post-109074","post","type-post","status-publish","format-standard","has-post-thumbnail","hentry","category-huamantla"],"blog_post_layout_featured_media_urls":{"thumbnail":["https:\/\/diariolanoticia.com.mx\/wp-content\/uploads\/2023\/05\/220523_Turismo1-216x160.jpeg",216,160,true],"full":["https:\/\/diariolanoticia.com.mx\/wp-content\/uploads\/2023\/05\/220523_Turismo1.jpeg",864,576,false]},"categories_names":{"219":{"name":"Huamantla","link":"https:\/\/diariolanoticia.com.mx\/?cat=219"}},"tags_names":[],"comments_number":"0","wpmagazine_modules_lite_featured_media_urls":{"thumbnail":["https:\/\/diariolanoticia.com.mx\/wp-content\/uploads\/2023\/05\/220523_Turismo1-216x160.jpeg",216,160,true],"cvmm-medium":["https:\/\/diariolanoticia.com.mx\/wp-content\/uploads\/2023\/05\/220523_Turismo1-300x300.jpeg",300,300,true],"cvmm-medium-plus":["https:\/\/diariolanoticia.com.mx\/wp-content\/uploads\/2023\/05\/220523_Turismo1-305x207.jpeg",305,207,true],"cvmm-portrait":["https:\/\/diariolanoticia.com.mx\/wp-content\/uploads\/2023\/05\/220523_Turismo1-400x576.jpeg",400,576,true],"cvmm-medium-square":["https:\/\/diariolanoticia.com.mx\/wp-content\/uploads\/2023\/05\/220523_Turismo1-600x576.jpeg",600,576,true],"cvmm-large":["https:\/\/diariolanoticia.com.mx\/wp-content\/uploads\/2023\/05\/220523_Turismo1.jpeg",864,576,false],"cvmm-small":["https:\/\/diariolanoticia.com.mx\/wp-content\/uploads\/2023\/05\/220523_Turismo1-130x95.jpeg",130,95,true],"full":["https:\/\/diariolanoticia.com.mx\/wp-content\/uploads\/2023\/05\/220523_Turismo1.jpeg",864,576,false]},"_links":{"self":[{"href":"https:\/\/diariolanoticia.com.mx\/index.php?rest_route=\/wp\/v2\/posts\/109074","targetHints":{"allow":["GET"]}}],"collection":[{"href":"https:\/\/diariolanoticia.com.mx\/index.php?rest_route=\/wp\/v2\/posts"}],"about":[{"href":"https:\/\/diariolanoticia.com.mx\/index.php?rest_route=\/wp\/v2\/types\/post"}],"author":[{"embeddable":true,"href":"https:\/\/diariolanoticia.com.mx\/index.php?rest_route=\/wp\/v2\/users\/1"}],"replies":[{"embeddable":true,"href":"https:\/\/diariolanoticia.com.mx\/index.php?rest_route=%2Fwp%2Fv2%2Fcomments&post=109074"}],"version-history":[{"count":1,"href":"https:\/\/diariolanoticia.com.mx\/index.php?rest_route=\/wp\/v2\/posts\/109074\/revisions"}],"predecessor-version":[{"id":109076,"href":"https:\/\/diariolanoticia.com.mx\/index.php?rest_route=\/wp\/v2\/posts\/109074\/revisions\/109076"}],"wp:featuredmedia":[{"embeddable":true,"href":"https:\/\/diariolanoticia.com.mx\/index.php?rest_route=\/wp\/v2\/media\/109075"}],"wp:attachment":[{"href":"https:\/\/diariolanoticia.com.mx\/index.php?rest_route=%2Fwp%2Fv2%2Fmedia&parent=109074"}],"wp:term":[{"taxonomy":"category","embeddable":true,"href":"https:\/\/diariolanoticia.com.mx\/index.php?rest_route=%2Fwp%2Fv2%2Fcategories&post=109074"},{"taxonomy":"post_tag","embeddable":true,"href":"https:\/\/diariolanoticia.com.mx\/index.php?rest_route=%2Fwp%2Fv2%2Ftags&post=109074"}],"curies":[{"name":"wp","href":"https:\/\/api.w.org\/{rel}","templated":true}]}}