{"id":109098,"date":"2023-05-23T15:07:00","date_gmt":"2023-05-23T21:07:00","guid":{"rendered":"https:\/\/diariolanoticia.com.mx\/?p=109098"},"modified":"2023-05-23T15:07:01","modified_gmt":"2023-05-23T21:07:01","slug":"concluyo-festival-de-diseno-arte-y-arquitectura-en-la-uatx","status":"publish","type":"post","link":"https:\/\/diariolanoticia.com.mx\/?p=109098","title":{"rendered":"Concluy\u00f3 festival de Dise\u00f1o, Arte y Arquitectura en la UATx"},"content":{"rendered":"\n<p>Con la realizaci\u00f3n de conferencias, talleres y exposiciones de trabajos de los estudiantes de los cuatro programas educativos que se imparten en la Facultad de Dise\u00f1o, Arte y Arquitectura de la Universidad Aut\u00f3noma de Tlaxcala (UATx), concluyeron las actividades del \u00abFestival de Dise\u00f1o, Arte y Arquitectura\u00bb, realizado en el Teatro Universitario.<\/p>\n\n\n\n<p>Al dictar la ponencia de clausura intitulada: \u00abModelo Humanista Integrador basado en Capacidades enfocado a las artes\u00bb, el Doctor Seraf\u00edn Ortiz Ortiz, Rector de la UATx, sostuvo que, este paradigma recientemente revitalizado, se finca en el humanismo contempor\u00e1neo, que pone al centro la defensa y protecci\u00f3n de la dignidad de la persona humana, mismo que se asume como principio de pro persona, de ah\u00ed que no sea una casualidad que el gobierno federal se enfoque en el humanismo como base fundamental de su proyecto educativo en el pa\u00eds.<\/p>\n\n\n\n<p>Recalc\u00f3 que, esta revitalizaci\u00f3n entrar\u00e1 en vigor este pr\u00f3ximo Ciclo Oto\u00f1o 2023 y se pondr\u00e1 en pr\u00e1ctica en los 45 programas educativos que ofrece la UATx, pues se pretende que la integraci\u00f3n de capacidades y de saberes den como resultado la pr\u00e1ctica profesional, toda vez que el conocimiento que se abona en este proceso integrador tiene que ver con la multidisciplina, interdisciplina y la transdiciplina, aspectos que conducen a la formaci\u00f3n de&nbsp; seres humanos que enfrenten los retos que impone el mundo actual.<\/p>\n\n\n\n<p>Enfatiz\u00f3 que, ante este contexto, se habla de tres tipos de capacidades: para el desarrollo humano, desarrollo profesional y la probabilidad de transformar el entorno social, por ello, esta instituci\u00f3n tiene un&nbsp;compromiso \u00e9tico que consiste en devolverle a la sociedad beneficios con la perspectiva del bien com\u00fan y de la b\u00fasqueda permanente de mejorar la calidad de vida de los individuos.<\/p>\n\n\n\n<p>Al t\u00e9rmino, se efectu\u00f3 un recorrido para observar los trabajos que realizaron los educandos en los talleres de chapopote y modelado en yeso, que impartieron los Maestros Juan Manuel Salazar y Sergio Trejo, de la Facultad de Artes y Dise\u00f1o de la Universidad Nacional Aut\u00f3noma de M\u00e9xico (UNAM).<\/p>\n\n\n\n<p>Adem\u00e1s, el Maestro H\u00e9ctor Andr\u00e9s Valencia Huesca, explic\u00f3 la obra intitulada: \u00abPraxis maculada\u00bb, lienzo realizado por alumnos de los diferentes semestres de la Licenciatura en Artes Visuales, en la cual se rescatan los s\u00edmbolos que dan identidad al estado de Tlaxcala.<\/p>\n","protected":false},"excerpt":{"rendered":"<p>Con la realizaci\u00f3n de conferencias, talleres y exposiciones de trabajos de los estudiantes de los cuatro programas educativos que se imparten en la Facultad de Dise\u00f1o, Arte y Arquitectura de la Universidad Aut\u00f3noma de Tlaxcala (UATx), concluyeron las actividades del \u00abFestival de Dise\u00f1o, Arte y Arquitectura\u00bb, realizado en el Teatro Universitario. Al dictar la ponencia [&hellip;]<\/p>\n","protected":false},"author":1,"featured_media":109100,"comment_status":"open","ping_status":"open","sticky":false,"template":"","format":"standard","meta":{"footnotes":""},"categories":[10],"tags":[],"class_list":["post-109098","post","type-post","status-publish","format-standard","has-post-thumbnail","hentry","category-educacion"],"blog_post_layout_featured_media_urls":{"thumbnail":["https:\/\/diariolanoticia.com.mx\/wp-content\/uploads\/2023\/05\/23-C-Concluyo-festival-de-Diseno-Arte-y-Arquitectura-en-la-UATx-216x160.jpg",216,160,true],"full":["https:\/\/diariolanoticia.com.mx\/wp-content\/uploads\/2023\/05\/23-C-Concluyo-festival-de-Diseno-Arte-y-Arquitectura-en-la-UATx-scaled.jpg",2560,1707,false]},"categories_names":{"10":{"name":"Educaci\u00f3n","link":"https:\/\/diariolanoticia.com.mx\/?cat=10"}},"tags_names":[],"comments_number":"0","wpmagazine_modules_lite_featured_media_urls":{"thumbnail":["https:\/\/diariolanoticia.com.mx\/wp-content\/uploads\/2023\/05\/23-C-Concluyo-festival-de-Diseno-Arte-y-Arquitectura-en-la-UATx-216x160.jpg",216,160,true],"cvmm-medium":["https:\/\/diariolanoticia.com.mx\/wp-content\/uploads\/2023\/05\/23-C-Concluyo-festival-de-Diseno-Arte-y-Arquitectura-en-la-UATx-300x300.jpg",300,300,true],"cvmm-medium-plus":["https:\/\/diariolanoticia.com.mx\/wp-content\/uploads\/2023\/05\/23-C-Concluyo-festival-de-Diseno-Arte-y-Arquitectura-en-la-UATx-305x207.jpg",305,207,true],"cvmm-portrait":["https:\/\/diariolanoticia.com.mx\/wp-content\/uploads\/2023\/05\/23-C-Concluyo-festival-de-Diseno-Arte-y-Arquitectura-en-la-UATx-400x600.jpg",400,600,true],"cvmm-medium-square":["https:\/\/diariolanoticia.com.mx\/wp-content\/uploads\/2023\/05\/23-C-Concluyo-festival-de-Diseno-Arte-y-Arquitectura-en-la-UATx-600x600.jpg",600,600,true],"cvmm-large":["https:\/\/diariolanoticia.com.mx\/wp-content\/uploads\/2023\/05\/23-C-Concluyo-festival-de-Diseno-Arte-y-Arquitectura-en-la-UATx-1024x1024.jpg",1024,1024,true],"cvmm-small":["https:\/\/diariolanoticia.com.mx\/wp-content\/uploads\/2023\/05\/23-C-Concluyo-festival-de-Diseno-Arte-y-Arquitectura-en-la-UATx-130x95.jpg",130,95,true],"full":["https:\/\/diariolanoticia.com.mx\/wp-content\/uploads\/2023\/05\/23-C-Concluyo-festival-de-Diseno-Arte-y-Arquitectura-en-la-UATx-scaled.jpg",2560,1707,false]},"_links":{"self":[{"href":"https:\/\/diariolanoticia.com.mx\/index.php?rest_route=\/wp\/v2\/posts\/109098","targetHints":{"allow":["GET"]}}],"collection":[{"href":"https:\/\/diariolanoticia.com.mx\/index.php?rest_route=\/wp\/v2\/posts"}],"about":[{"href":"https:\/\/diariolanoticia.com.mx\/index.php?rest_route=\/wp\/v2\/types\/post"}],"author":[{"embeddable":true,"href":"https:\/\/diariolanoticia.com.mx\/index.php?rest_route=\/wp\/v2\/users\/1"}],"replies":[{"embeddable":true,"href":"https:\/\/diariolanoticia.com.mx\/index.php?rest_route=%2Fwp%2Fv2%2Fcomments&post=109098"}],"version-history":[{"count":1,"href":"https:\/\/diariolanoticia.com.mx\/index.php?rest_route=\/wp\/v2\/posts\/109098\/revisions"}],"predecessor-version":[{"id":109101,"href":"https:\/\/diariolanoticia.com.mx\/index.php?rest_route=\/wp\/v2\/posts\/109098\/revisions\/109101"}],"wp:featuredmedia":[{"embeddable":true,"href":"https:\/\/diariolanoticia.com.mx\/index.php?rest_route=\/wp\/v2\/media\/109100"}],"wp:attachment":[{"href":"https:\/\/diariolanoticia.com.mx\/index.php?rest_route=%2Fwp%2Fv2%2Fmedia&parent=109098"}],"wp:term":[{"taxonomy":"category","embeddable":true,"href":"https:\/\/diariolanoticia.com.mx\/index.php?rest_route=%2Fwp%2Fv2%2Fcategories&post=109098"},{"taxonomy":"post_tag","embeddable":true,"href":"https:\/\/diariolanoticia.com.mx\/index.php?rest_route=%2Fwp%2Fv2%2Ftags&post=109098"}],"curies":[{"name":"wp","href":"https:\/\/api.w.org\/{rel}","templated":true}]}}