{"id":109277,"date":"2023-05-25T14:14:45","date_gmt":"2023-05-25T20:14:45","guid":{"rendered":"https:\/\/diariolanoticia.com.mx\/?p=109277"},"modified":"2023-05-25T14:14:47","modified_gmt":"2023-05-25T20:14:47","slug":"en-jueves-de-las-mujeres-gobierno-estatal-promueve-combate-a-violencia-de-genero","status":"publish","type":"post","link":"https:\/\/diariolanoticia.com.mx\/?p=109277","title":{"rendered":"En \u201cJueves de las Mujeres\u201d, gobierno estatal promueve combate a violencia de g\u00e9nero"},"content":{"rendered":"\n<figure class=\"wp-block-gallery has-nested-images columns-default is-cropped wp-block-gallery-1 is-layout-flex wp-block-gallery-is-layout-flex\">\n<figure class=\"wp-block-image\"><img loading=\"lazy\" decoding=\"async\" width=\"1024\" height=\"576\" data-id=\"109273\" src=\"https:\/\/diariolanoticia.com.mx\/wp-content\/uploads\/2023\/05\/5e298157-4789-48a5-9a51-6afae9970154-1024x576.jpg\" alt=\"\" class=\"wp-image-109273\" srcset=\"https:\/\/diariolanoticia.com.mx\/wp-content\/uploads\/2023\/05\/5e298157-4789-48a5-9a51-6afae9970154-1024x576.jpg 1024w, https:\/\/diariolanoticia.com.mx\/wp-content\/uploads\/2023\/05\/5e298157-4789-48a5-9a51-6afae9970154-300x169.jpg 300w, https:\/\/diariolanoticia.com.mx\/wp-content\/uploads\/2023\/05\/5e298157-4789-48a5-9a51-6afae9970154-768x432.jpg 768w, https:\/\/diariolanoticia.com.mx\/wp-content\/uploads\/2023\/05\/5e298157-4789-48a5-9a51-6afae9970154.jpg 1280w\" sizes=\"auto, (max-width: 1024px) 100vw, 1024px\" \/><\/figure>\n\n\n\n<figure class=\"wp-block-image\"><img loading=\"lazy\" decoding=\"async\" width=\"1024\" height=\"576\" data-id=\"109274\" src=\"https:\/\/diariolanoticia.com.mx\/wp-content\/uploads\/2023\/05\/16e2a237-ae2f-43ff-af53-6cbfc289091c-1024x576.jpg\" alt=\"\" class=\"wp-image-109274\" srcset=\"https:\/\/diariolanoticia.com.mx\/wp-content\/uploads\/2023\/05\/16e2a237-ae2f-43ff-af53-6cbfc289091c-1024x576.jpg 1024w, https:\/\/diariolanoticia.com.mx\/wp-content\/uploads\/2023\/05\/16e2a237-ae2f-43ff-af53-6cbfc289091c-300x169.jpg 300w, https:\/\/diariolanoticia.com.mx\/wp-content\/uploads\/2023\/05\/16e2a237-ae2f-43ff-af53-6cbfc289091c-768x432.jpg 768w, https:\/\/diariolanoticia.com.mx\/wp-content\/uploads\/2023\/05\/16e2a237-ae2f-43ff-af53-6cbfc289091c.jpg 1280w\" sizes=\"auto, (max-width: 1024px) 100vw, 1024px\" \/><\/figure>\n\n\n\n<figure class=\"wp-block-image\"><img loading=\"lazy\" decoding=\"async\" width=\"1024\" height=\"576\" data-id=\"109275\" src=\"https:\/\/diariolanoticia.com.mx\/wp-content\/uploads\/2023\/05\/12203d59-bbab-42c2-9675-0071daae796e-1-1024x576.jpg\" alt=\"\" class=\"wp-image-109275\" srcset=\"https:\/\/diariolanoticia.com.mx\/wp-content\/uploads\/2023\/05\/12203d59-bbab-42c2-9675-0071daae796e-1-1024x576.jpg 1024w, https:\/\/diariolanoticia.com.mx\/wp-content\/uploads\/2023\/05\/12203d59-bbab-42c2-9675-0071daae796e-1-300x169.jpg 300w, https:\/\/diariolanoticia.com.mx\/wp-content\/uploads\/2023\/05\/12203d59-bbab-42c2-9675-0071daae796e-1-768x432.jpg 768w, https:\/\/diariolanoticia.com.mx\/wp-content\/uploads\/2023\/05\/12203d59-bbab-42c2-9675-0071daae796e-1.jpg 1280w\" sizes=\"auto, (max-width: 1024px) 100vw, 1024px\" \/><\/figure>\n\n\n\n<figure class=\"wp-block-image\"><img loading=\"lazy\" decoding=\"async\" width=\"1024\" height=\"576\" data-id=\"109276\" src=\"https:\/\/diariolanoticia.com.mx\/wp-content\/uploads\/2023\/05\/302eba68-3557-468a-80c8-ff5bc32f7657-1024x576.jpg\" alt=\"\" class=\"wp-image-109276\" srcset=\"https:\/\/diariolanoticia.com.mx\/wp-content\/uploads\/2023\/05\/302eba68-3557-468a-80c8-ff5bc32f7657-1024x576.jpg 1024w, https:\/\/diariolanoticia.com.mx\/wp-content\/uploads\/2023\/05\/302eba68-3557-468a-80c8-ff5bc32f7657-300x169.jpg 300w, https:\/\/diariolanoticia.com.mx\/wp-content\/uploads\/2023\/05\/302eba68-3557-468a-80c8-ff5bc32f7657-768x432.jpg 768w, https:\/\/diariolanoticia.com.mx\/wp-content\/uploads\/2023\/05\/302eba68-3557-468a-80c8-ff5bc32f7657.jpg 1280w\" sizes=\"auto, (max-width: 1024px) 100vw, 1024px\" \/><\/figure>\n<\/figure>\n\n\n\n<p>-En el marco del D\u00eda Naranja, las secretar\u00edas de Gobernaci\u00f3n y Salud, as\u00ed como el SEDIF, brindaron atenci\u00f3n a mujeres de Teziutl\u00e1n y la regi\u00f3n<\/p>\n\n\n\n<p>-Gobierno de Puebla adquiri\u00f3 16 mast\u00f3grafos para prevenir y diagnosticar c\u00e1ncer de mama: Salud<\/p>\n\n\n\n<p>TEZIUTL\u00c1N, Pue. &#8211; En el marco del D\u00eda Naranja (25 de cada mes), que promueve el combate y erradicaci\u00f3n de la violencia de g\u00e9nero, el gobierno presente de Sergio Salom\u00f3n llev\u00f3 a cabo la jornada \u201cJueves de las Mujeres\u201d en este municipio, con el objetivo de priorizar la atenci\u00f3n a todas las poblanas a trav\u00e9s de los servicios que brindan las secretar\u00edas de Gobernaci\u00f3n (SEGOB) y Salud, as\u00ed como el SEDIF.<\/p>\n\n\n\n<p>As\u00ed lo resalt\u00f3 el titular de la SEGOB, Julio Huerta G\u00f3mez, quien exhort\u00f3 a que ni\u00f1as, adolescentes y mujeres que padezcan alg\u00fan tipo de violencia, se acerquen a la dependencia, mediante la Subsecretar\u00eda de Prevenci\u00f3n del Delito y Derechos Humanos, donde especialistas profesionales otorgan asesor\u00edas y ayuda, adem\u00e1s de dotar de herramientas que coadyuvar\u00e1n a garantizar el derecho de acceso a la justicia y a la debida defensa, para su bienestar y desarrollo personal.<\/p>\n\n\n\n<p>Invit\u00f3 a la poblaci\u00f3n a participar en estos programas estatales que tienen como objetivo beneficiar a las familias poblanas con servicios de salud de calidad, impartici\u00f3n de capacitaciones para un crecimiento propio, regularizaci\u00f3n de predios, registro civil, orientaci\u00f3n jur\u00eddica, Derechos Humanos, atenci\u00f3n a migrantes, entre otros, ya que, se\u00f1al\u00f3, el servicio p\u00fablico solo tiene su raz\u00f3n de ser si contribuye a que las personas mejoren su manera de vivir.<\/p>\n\n\n\n<p><strong>Gobierno de Puebla adquiri\u00f3 16 mast\u00f3grafos para prevenir y diagnosticar c\u00e1ncer de mama: Salud<\/strong><\/p>\n\n\n\n<p>El secretario de Salud, Jos\u00e9 Antonio Mart\u00ednez Garc\u00eda precis\u00f3 que, debido a que el gobierno presente de Sergio Salom\u00f3n est\u00e1 preocupado por la salud de las mujeres, fueron adquiridos 16 mast\u00f3grafos, de los cuales, uno ser\u00e1 instalado en el Hospital General de Teziutl\u00e1n.<\/p>\n\n\n\n<p>Exhort\u00f3 a las mujeres de la regi\u00f3n, en especial a las de 40 a\u00f1os en adelante, a que acudan a realizarse dicho estudio con el fin de detectar y prevenir el c\u00e1ncer, pues un diagn\u00f3stico a tiempo puede salvar vidas, ya que el c\u00e1ncer de mama se ha convertido en la principal causa de muerte en el pa\u00eds.<\/p>\n\n\n\n<p>Invit\u00f3 a las ni\u00f1as, adolescentes, mujeres en edad reproductiva y de la tercera edad a que aprovechen los 23 m\u00f3dulos que instala la dependencia en las jornadas ciudadanas como: pruebas VIH, consulta general, ginecolog\u00eda, pediatr\u00eda, ortopedia, dental, mastograf\u00eda, colposcopia entre otros, ya que ser\u00e1n atendidas por especialistas y recibir\u00e1n un servicio gratuito de calidad y calidez.<\/p>\n\n\n\n<p><strong>Impulsa SEDIF capacitaci\u00f3n laboral de poblanas<\/strong><\/p>\n\n\n\n<p>El Sistema Estatal DIF, que preside Gaby Bonilla, instal\u00f3 m\u00f3dulos del Centro de Capacitaci\u00f3n y Desarrollo (CECADE) para realizar demostraciones de los cursos de planchado de cejas, rizado de pesta\u00f1as, aplicaci\u00f3n de gelish en u\u00f1as y corte de cabello, con el fin de incentivar el acceso de las poblanas al campo laboral.<\/p>\n\n\n\n<p>De esta manera, el organismo promueve que estos conocimientos y herramientas sean replicados en las comunidades del estado para fomentar el desarrollo personal y social, con el prop\u00f3sito de generar un impacto positivo en la calidad de vida de las familias.<\/p>\n","protected":false},"excerpt":{"rendered":"<p>-En el marco del D\u00eda Naranja, las secretar\u00edas de Gobernaci\u00f3n y Salud, as\u00ed como el SEDIF, brindaron atenci\u00f3n a mujeres de Teziutl\u00e1n y la regi\u00f3n -Gobierno de Puebla adquiri\u00f3 16 mast\u00f3grafos para prevenir y diagnosticar c\u00e1ncer de mama: Salud TEZIUTL\u00c1N, Pue. &#8211; En el marco del D\u00eda Naranja (25 de cada mes), que promueve el [&hellip;]<\/p>\n","protected":false},"author":1,"featured_media":109272,"comment_status":"open","ping_status":"open","sticky":false,"template":"","format":"standard","meta":{"footnotes":""},"categories":[20],"tags":[52],"class_list":["post-109277","post","type-post","status-publish","format-standard","has-post-thumbnail","hentry","category-norte-de-puebla","tag-puebla"],"blog_post_layout_featured_media_urls":{"thumbnail":["https:\/\/diariolanoticia.com.mx\/wp-content\/uploads\/2023\/05\/12203d59-bbab-42c2-9675-0071daae796e-216x160.jpg",216,160,true],"full":["https:\/\/diariolanoticia.com.mx\/wp-content\/uploads\/2023\/05\/12203d59-bbab-42c2-9675-0071daae796e.jpg",1280,720,false]},"categories_names":{"20":{"name":"Norte de Puebla","link":"https:\/\/diariolanoticia.com.mx\/?cat=20"}},"tags_names":{"52":{"name":"Puebla","link":"https:\/\/diariolanoticia.com.mx\/?tag=puebla"}},"comments_number":"0","wpmagazine_modules_lite_featured_media_urls":{"thumbnail":["https:\/\/diariolanoticia.com.mx\/wp-content\/uploads\/2023\/05\/12203d59-bbab-42c2-9675-0071daae796e-216x160.jpg",216,160,true],"cvmm-medium":["https:\/\/diariolanoticia.com.mx\/wp-content\/uploads\/2023\/05\/12203d59-bbab-42c2-9675-0071daae796e-300x300.jpg",300,300,true],"cvmm-medium-plus":["https:\/\/diariolanoticia.com.mx\/wp-content\/uploads\/2023\/05\/12203d59-bbab-42c2-9675-0071daae796e-305x207.jpg",305,207,true],"cvmm-portrait":["https:\/\/diariolanoticia.com.mx\/wp-content\/uploads\/2023\/05\/12203d59-bbab-42c2-9675-0071daae796e-400x600.jpg",400,600,true],"cvmm-medium-square":["https:\/\/diariolanoticia.com.mx\/wp-content\/uploads\/2023\/05\/12203d59-bbab-42c2-9675-0071daae796e-600x600.jpg",600,600,true],"cvmm-large":["https:\/\/diariolanoticia.com.mx\/wp-content\/uploads\/2023\/05\/12203d59-bbab-42c2-9675-0071daae796e-1024x720.jpg",1024,720,true],"cvmm-small":["https:\/\/diariolanoticia.com.mx\/wp-content\/uploads\/2023\/05\/12203d59-bbab-42c2-9675-0071daae796e-130x95.jpg",130,95,true],"full":["https:\/\/diariolanoticia.com.mx\/wp-content\/uploads\/2023\/05\/12203d59-bbab-42c2-9675-0071daae796e.jpg",1280,720,false]},"_links":{"self":[{"href":"https:\/\/diariolanoticia.com.mx\/index.php?rest_route=\/wp\/v2\/posts\/109277","targetHints":{"allow":["GET"]}}],"collection":[{"href":"https:\/\/diariolanoticia.com.mx\/index.php?rest_route=\/wp\/v2\/posts"}],"about":[{"href":"https:\/\/diariolanoticia.com.mx\/index.php?rest_route=\/wp\/v2\/types\/post"}],"author":[{"embeddable":true,"href":"https:\/\/diariolanoticia.com.mx\/index.php?rest_route=\/wp\/v2\/users\/1"}],"replies":[{"embeddable":true,"href":"https:\/\/diariolanoticia.com.mx\/index.php?rest_route=%2Fwp%2Fv2%2Fcomments&post=109277"}],"version-history":[{"count":1,"href":"https:\/\/diariolanoticia.com.mx\/index.php?rest_route=\/wp\/v2\/posts\/109277\/revisions"}],"predecessor-version":[{"id":109278,"href":"https:\/\/diariolanoticia.com.mx\/index.php?rest_route=\/wp\/v2\/posts\/109277\/revisions\/109278"}],"wp:featuredmedia":[{"embeddable":true,"href":"https:\/\/diariolanoticia.com.mx\/index.php?rest_route=\/wp\/v2\/media\/109272"}],"wp:attachment":[{"href":"https:\/\/diariolanoticia.com.mx\/index.php?rest_route=%2Fwp%2Fv2%2Fmedia&parent=109277"}],"wp:term":[{"taxonomy":"category","embeddable":true,"href":"https:\/\/diariolanoticia.com.mx\/index.php?rest_route=%2Fwp%2Fv2%2Fcategories&post=109277"},{"taxonomy":"post_tag","embeddable":true,"href":"https:\/\/diariolanoticia.com.mx\/index.php?rest_route=%2Fwp%2Fv2%2Ftags&post=109277"}],"curies":[{"name":"wp","href":"https:\/\/api.w.org\/{rel}","templated":true}]}}