{"id":109294,"date":"2023-05-25T15:46:44","date_gmt":"2023-05-25T21:46:44","guid":{"rendered":"https:\/\/diariolanoticia.com.mx\/?p=109294"},"modified":"2023-05-25T15:46:45","modified_gmt":"2023-05-25T21:46:45","slug":"gobierno-municipal-realiza-primer-dialogo-intergeneracional-del-escuadron-de-contraloria","status":"publish","type":"post","link":"https:\/\/diariolanoticia.com.mx\/?p=109294","title":{"rendered":"GOBIERNO MUNICIPAL REALIZA PRIMER DI\u00c1LOGO INTERGENERACIONAL DEL ESCUADR\u00d3N DE CONTRALOR\u00cdA"},"content":{"rendered":"\n<p>El Ayuntamiento de Puebla realiz\u00f3 el primer di\u00e1logo intergeneracional con el \u201cEscuadr\u00f3n de la Contralor\u00eda\u201d, en el cual mediante mesas de trabajo, ni\u00f1as, ni\u00f1os y adolescentes discutieron temas con funcionarios de diferentes dependencias para poner en marcha mecanismos que colaboren en la vigilancia del ejercicio p\u00fablico, eludir la corrupci\u00f3n y malas pr\u00e1cticas, crear conciencia c\u00edvica y responsabilidad social, establecer canales de comunicaci\u00f3n efectivos entre sociedad y gobierno para la rendici\u00f3n de cuentas.<\/p>\n\n\n\n<p>Durante este evento, Liliana Ortiz P\u00e9rez, Presidenta Honoraria del Sistema Municipal DIF (SMDIF), invit\u00f3 a las y los integrantes del escuadr\u00f3n a seguir con estas pr\u00e1cticas de verificaci\u00f3n y supervisi\u00f3n en las dependencias pues la participaci\u00f3n infantil es el principal motor para la construcci\u00f3n de una mejor ciudad.<\/p>\n\n\n\n<p>En su intervenci\u00f3n Alejandra Escand\u00f3n Torres, Contralora Municipal, agradeci\u00f3 la participaci\u00f3n de padres y tutores en el acompa\u00f1amiento de sus hijas e hijos \u00abpues gracias a ustedes se est\u00e1n formando ciudadanas y ciudadanos interesados por lo que sucede en Puebla y M\u00e9xico\u00bb.<\/p>\n\n\n\n<p>Participaron en el di\u00e1logo: Carolina Morales Garc\u00eda, Directora General del SMDIF; Salvador L\u00f3pez Hidalgo, Representante de la Comisi\u00f3n de Derechos Humanos del Estado de Puebla; Alfredo Ram\u00edrez Barra, Regidor Presidente de la Comisi\u00f3n de Participaci\u00f3n Ciudadana; as\u00ed como Mat\u00edas Rivero Marines, Secretario de Bienestar y Participaci\u00f3n Ciudadana; Myriam Arabian Couttolenc, Secretaria de Medio Ambiente; Consuelo Cruz Galindo, Secretaria de Seguridad Ciudadana.<\/p>\n","protected":false},"excerpt":{"rendered":"<p>El Ayuntamiento de Puebla realiz\u00f3 el primer di\u00e1logo intergeneracional con el \u201cEscuadr\u00f3n de la Contralor\u00eda\u201d, en el cual mediante mesas de trabajo, ni\u00f1as, ni\u00f1os y adolescentes discutieron temas con funcionarios de diferentes dependencias para poner en marcha mecanismos que colaboren en la vigilancia del ejercicio p\u00fablico, eludir la corrupci\u00f3n y malas pr\u00e1cticas, crear conciencia c\u00edvica [&hellip;]<\/p>\n","protected":false},"author":1,"featured_media":109295,"comment_status":"open","ping_status":"open","sticky":false,"template":"","format":"standard","meta":{"footnotes":""},"categories":[103],"tags":[],"class_list":["post-109294","post","type-post","status-publish","format-standard","has-post-thumbnail","hentry","category-pueblacapital"],"blog_post_layout_featured_media_urls":{"thumbnail":["https:\/\/diariolanoticia.com.mx\/wp-content\/uploads\/2023\/05\/WhatsApp-Image-2023-05-25-at-15.41.10-216x160.jpeg",216,160,true],"full":["https:\/\/diariolanoticia.com.mx\/wp-content\/uploads\/2023\/05\/WhatsApp-Image-2023-05-25-at-15.41.10.jpeg",1280,999,false]},"categories_names":{"103":{"name":"Puebla Capital","link":"https:\/\/diariolanoticia.com.mx\/?cat=103"}},"tags_names":[],"comments_number":"0","wpmagazine_modules_lite_featured_media_urls":{"thumbnail":["https:\/\/diariolanoticia.com.mx\/wp-content\/uploads\/2023\/05\/WhatsApp-Image-2023-05-25-at-15.41.10-216x160.jpeg",216,160,true],"cvmm-medium":["https:\/\/diariolanoticia.com.mx\/wp-content\/uploads\/2023\/05\/WhatsApp-Image-2023-05-25-at-15.41.10-300x300.jpeg",300,300,true],"cvmm-medium-plus":["https:\/\/diariolanoticia.com.mx\/wp-content\/uploads\/2023\/05\/WhatsApp-Image-2023-05-25-at-15.41.10-305x207.jpeg",305,207,true],"cvmm-portrait":["https:\/\/diariolanoticia.com.mx\/wp-content\/uploads\/2023\/05\/WhatsApp-Image-2023-05-25-at-15.41.10-400x600.jpeg",400,600,true],"cvmm-medium-square":["https:\/\/diariolanoticia.com.mx\/wp-content\/uploads\/2023\/05\/WhatsApp-Image-2023-05-25-at-15.41.10-600x600.jpeg",600,600,true],"cvmm-large":["https:\/\/diariolanoticia.com.mx\/wp-content\/uploads\/2023\/05\/WhatsApp-Image-2023-05-25-at-15.41.10-1024x999.jpeg",1024,999,true],"cvmm-small":["https:\/\/diariolanoticia.com.mx\/wp-content\/uploads\/2023\/05\/WhatsApp-Image-2023-05-25-at-15.41.10-130x95.jpeg",130,95,true],"full":["https:\/\/diariolanoticia.com.mx\/wp-content\/uploads\/2023\/05\/WhatsApp-Image-2023-05-25-at-15.41.10.jpeg",1280,999,false]},"_links":{"self":[{"href":"https:\/\/diariolanoticia.com.mx\/index.php?rest_route=\/wp\/v2\/posts\/109294","targetHints":{"allow":["GET"]}}],"collection":[{"href":"https:\/\/diariolanoticia.com.mx\/index.php?rest_route=\/wp\/v2\/posts"}],"about":[{"href":"https:\/\/diariolanoticia.com.mx\/index.php?rest_route=\/wp\/v2\/types\/post"}],"author":[{"embeddable":true,"href":"https:\/\/diariolanoticia.com.mx\/index.php?rest_route=\/wp\/v2\/users\/1"}],"replies":[{"embeddable":true,"href":"https:\/\/diariolanoticia.com.mx\/index.php?rest_route=%2Fwp%2Fv2%2Fcomments&post=109294"}],"version-history":[{"count":1,"href":"https:\/\/diariolanoticia.com.mx\/index.php?rest_route=\/wp\/v2\/posts\/109294\/revisions"}],"predecessor-version":[{"id":109296,"href":"https:\/\/diariolanoticia.com.mx\/index.php?rest_route=\/wp\/v2\/posts\/109294\/revisions\/109296"}],"wp:featuredmedia":[{"embeddable":true,"href":"https:\/\/diariolanoticia.com.mx\/index.php?rest_route=\/wp\/v2\/media\/109295"}],"wp:attachment":[{"href":"https:\/\/diariolanoticia.com.mx\/index.php?rest_route=%2Fwp%2Fv2%2Fmedia&parent=109294"}],"wp:term":[{"taxonomy":"category","embeddable":true,"href":"https:\/\/diariolanoticia.com.mx\/index.php?rest_route=%2Fwp%2Fv2%2Fcategories&post=109294"},{"taxonomy":"post_tag","embeddable":true,"href":"https:\/\/diariolanoticia.com.mx\/index.php?rest_route=%2Fwp%2Fv2%2Ftags&post=109294"}],"curies":[{"name":"wp","href":"https:\/\/api.w.org\/{rel}","templated":true}]}}