{"id":109342,"date":"2023-05-26T14:17:53","date_gmt":"2023-05-26T20:17:53","guid":{"rendered":"https:\/\/diariolanoticia.com.mx\/?p=109342"},"modified":"2023-05-26T14:17:53","modified_gmt":"2023-05-26T20:17:53","slug":"en-puebla-imparticion-de-justicia-esta-fortalecida-y-es-igualitaria-sergio-salomon","status":"publish","type":"post","link":"https:\/\/diariolanoticia.com.mx\/?p=109342","title":{"rendered":"En Puebla, impartici\u00f3n de justicia est\u00e1 fortalecida y es igualitaria: Sergio Salom\u00f3n"},"content":{"rendered":"\n<p><em>-El mandatario presidi\u00f3 la inauguraci\u00f3n de la Conferencia Nacional de Procuraci\u00f3n de Justicia, primera sesi\u00f3n ordinaria 2023 de la zona Centro<\/em><\/p>\n\n\n\n<p><em>-Reiter\u00f3 su respeto a la Fiscal\u00eda General del Estado, la cual, dijo, labora con total autonom\u00eda <\/em><\/p>\n\n\n\n<p><strong>CIUDAD DE PUEBLA, Pue.-<\/strong> En Puebla, la impartici\u00f3n de justicia est\u00e1 fortalecida y es igualitaria para mujeres y hombres, manifest\u00f3 el gobernador Sergio Salom\u00f3n, quien agreg\u00f3 que los organismos encargados de esta materia, como la Fiscal\u00eda General del Estado, realizan su papel con total autonom\u00eda e independencia.<\/p>\n\n\n\n<p>En compa\u00f1\u00eda del fiscal general del Estado, Gilberto Higuera Bernal y de Ernestina Godoy Ramos, titular de la Fiscal\u00eda General de Justicia de la Ciudad de M\u00e9xico, el mandatario expuso que, en la entidad, los tres poderes trabajan con cordialidad y coordinaci\u00f3n efectiva, con la prioridad de detonar el bienestar de las y los poblanos, sin distingo alguno ni intereses particulares. Agreg\u00f3 que en el estado la justicia ha encontrado una visi\u00f3n humanista y que da respuestas adecuadas y leg\u00edtimas a las exigencias de la poblaci\u00f3n.<\/p>\n\n\n\n<p>Indic\u00f3 que Puebla y el pa\u00eds avanzan para que la sociedad pueda acceder a una justicia eficiente y transparente, adem\u00e1s de que est\u00e9 garantizada la igualdad jur\u00eddica entre mujeres y hombres, basado en el respeto a la dignidad y a las libertades fundamentales.<\/p>\n\n\n\n<p>El fiscal general del Estado, Gilberto Higuera Bernal destac\u00f3 el aporte de las y los fiscales y procuradores del pa\u00eds para contribuir a que la procuraci\u00f3n de justicia penal logre esclarecer hechos, proteger al inocente y procure que el culpable no quede impune. <\/p>\n\n\n\n<p>Asegur\u00f3 que, mediante la coordinaci\u00f3n, entre s\u00ed, y con otras instituciones del Sistema Nacional de Seguridad P\u00fablica y de los sistemas estatales de seguridad p\u00fablica, las Procuradur\u00edas y Fiscal\u00edas fortalecen acciones y estrategias en la investigaci\u00f3n y persecuci\u00f3n de los delitos.<\/p>\n\n\n\n<p> En la instancia colegiada, puntualiz\u00f3 el fiscal de Puebla, se formulan estrategias de coordinaci\u00f3n en materia de combate a la corrupci\u00f3n, protecci\u00f3n de personas, atenci\u00f3n a v\u00edctimas y ofendidos de los delitos. A\u00f1adi\u00f3 que, en el estado, la Fiscal\u00eda mantiene una extraordinaria relaci\u00f3n de coordinaci\u00f3n y respeto con los poderes p\u00fablicos, \u00f3rganos e instituciones del estado, relaci\u00f3n que ha fortalecido la funci\u00f3n de procuraci\u00f3n de justicia por el bien de Puebla.<\/p>\n\n\n\n<p>En el acto inaugural estuvieron presentes los presidentes del Congreso local y del Tribunal Superior de Justicia, Eduardo Castillo L\u00f3pez y Margarita Gayosso Ponce, as\u00ed como Germ\u00e1n Adolfo Castillo Banuet, fiscal especializado de Control Regional y presidente de la Conferencia Nacional de Procuraci\u00f3n de Justicia, quien reconoci\u00f3 a la Fiscal\u00eda General del Estado de Puebla por su labor en la investigaci\u00f3n y esclarecimientos de delitos.<\/p>\n","protected":false},"excerpt":{"rendered":"<p>-El mandatario presidi\u00f3 la inauguraci\u00f3n de la Conferencia Nacional de Procuraci\u00f3n de Justicia, primera sesi\u00f3n ordinaria 2023 de la zona Centro -Reiter\u00f3 su respeto a la Fiscal\u00eda General del Estado, la cual, dijo, labora con total autonom\u00eda CIUDAD DE PUEBLA, Pue.- En Puebla, la impartici\u00f3n de justicia est\u00e1 fortalecida y es igualitaria para mujeres y [&hellip;]<\/p>\n","protected":false},"author":1,"featured_media":109341,"comment_status":"open","ping_status":"open","sticky":false,"template":"","format":"standard","meta":{"footnotes":""},"categories":[1],"tags":[52],"class_list":["post-109342","post","type-post","status-publish","format-standard","has-post-thumbnail","hentry","category-uncategorized","tag-puebla"],"blog_post_layout_featured_media_urls":{"thumbnail":["https:\/\/diariolanoticia.com.mx\/wp-content\/uploads\/2023\/05\/img_0323-216x160.jpg",216,160,true],"full":["https:\/\/diariolanoticia.com.mx\/wp-content\/uploads\/2023\/05\/img_0323.jpg",1125,722,false]},"categories_names":{"1":{"name":"Uncategorized","link":"https:\/\/diariolanoticia.com.mx\/?cat=1"}},"tags_names":{"52":{"name":"Puebla","link":"https:\/\/diariolanoticia.com.mx\/?tag=puebla"}},"comments_number":"0","wpmagazine_modules_lite_featured_media_urls":{"thumbnail":["https:\/\/diariolanoticia.com.mx\/wp-content\/uploads\/2023\/05\/img_0323-216x160.jpg",216,160,true],"cvmm-medium":["https:\/\/diariolanoticia.com.mx\/wp-content\/uploads\/2023\/05\/img_0323-300x300.jpg",300,300,true],"cvmm-medium-plus":["https:\/\/diariolanoticia.com.mx\/wp-content\/uploads\/2023\/05\/img_0323-305x207.jpg",305,207,true],"cvmm-portrait":["https:\/\/diariolanoticia.com.mx\/wp-content\/uploads\/2023\/05\/img_0323-400x600.jpg",400,600,true],"cvmm-medium-square":["https:\/\/diariolanoticia.com.mx\/wp-content\/uploads\/2023\/05\/img_0323-600x600.jpg",600,600,true],"cvmm-large":["https:\/\/diariolanoticia.com.mx\/wp-content\/uploads\/2023\/05\/img_0323-1024x722.jpg",1024,722,true],"cvmm-small":["https:\/\/diariolanoticia.com.mx\/wp-content\/uploads\/2023\/05\/img_0323-130x95.jpg",130,95,true],"full":["https:\/\/diariolanoticia.com.mx\/wp-content\/uploads\/2023\/05\/img_0323.jpg",1125,722,false]},"_links":{"self":[{"href":"https:\/\/diariolanoticia.com.mx\/index.php?rest_route=\/wp\/v2\/posts\/109342","targetHints":{"allow":["GET"]}}],"collection":[{"href":"https:\/\/diariolanoticia.com.mx\/index.php?rest_route=\/wp\/v2\/posts"}],"about":[{"href":"https:\/\/diariolanoticia.com.mx\/index.php?rest_route=\/wp\/v2\/types\/post"}],"author":[{"embeddable":true,"href":"https:\/\/diariolanoticia.com.mx\/index.php?rest_route=\/wp\/v2\/users\/1"}],"replies":[{"embeddable":true,"href":"https:\/\/diariolanoticia.com.mx\/index.php?rest_route=%2Fwp%2Fv2%2Fcomments&post=109342"}],"version-history":[{"count":1,"href":"https:\/\/diariolanoticia.com.mx\/index.php?rest_route=\/wp\/v2\/posts\/109342\/revisions"}],"predecessor-version":[{"id":109343,"href":"https:\/\/diariolanoticia.com.mx\/index.php?rest_route=\/wp\/v2\/posts\/109342\/revisions\/109343"}],"wp:featuredmedia":[{"embeddable":true,"href":"https:\/\/diariolanoticia.com.mx\/index.php?rest_route=\/wp\/v2\/media\/109341"}],"wp:attachment":[{"href":"https:\/\/diariolanoticia.com.mx\/index.php?rest_route=%2Fwp%2Fv2%2Fmedia&parent=109342"}],"wp:term":[{"taxonomy":"category","embeddable":true,"href":"https:\/\/diariolanoticia.com.mx\/index.php?rest_route=%2Fwp%2Fv2%2Fcategories&post=109342"},{"taxonomy":"post_tag","embeddable":true,"href":"https:\/\/diariolanoticia.com.mx\/index.php?rest_route=%2Fwp%2Fv2%2Ftags&post=109342"}],"curies":[{"name":"wp","href":"https:\/\/api.w.org\/{rel}","templated":true}]}}