{"id":109409,"date":"2023-05-19T12:27:20","date_gmt":"2023-05-19T18:27:20","guid":{"rendered":"https:\/\/diariolanoticia.com.mx\/?p=109409"},"modified":"2023-05-29T12:27:29","modified_gmt":"2023-05-29T18:27:29","slug":"ayuntamiento-de-yauhquemehcan-hace-presencia-en-la-presentacion-de-la-empresa-ciudades-taller-diseno","status":"publish","type":"post","link":"https:\/\/diariolanoticia.com.mx\/?p=109409","title":{"rendered":"Ayuntamiento de Yauhquemehcan hace presencia en la presentaci\u00f3n de la empresa Ciudades, Taller &#038; Dise\u00f1o"},"content":{"rendered":"\n<p>La presidente municipal Mar\u00eda Anita Chamorro Badillo, en compa\u00f1\u00eda del H. Ayuntamiento de Yauhquemehcan, asisti\u00f3 a la presentaci\u00f3n de la empresa Ciudades, Taller &amp; Dise\u00f1o, quien ser\u00e1 la encargada de elaborar el Programa Municipal de Desarrollo Urbano del Municipio de Yauhquemehcan.El maestro urbanista Jos\u00e9 Manuel Estrada Laguna, mediante una presentaci\u00f3n mostr\u00f3 la experiencia de la empresa y los procesos para la realizaci\u00f3n de los trabajos. Regidores, presidentes de comunidad <a><\/a>y delegados, tuvieron la oportunidad de exponer sus preguntas y comentarios, los cuales puntualmente fueron contestados.El Director de Obras P\u00fablicas y Desarrollo Urbano, dio a conocer que en pr\u00f3ximos d\u00edas se dar\u00e1 a conocer la convocatoria para formar el Consejo Municipal de Desarrollo Urbano, donde podr\u00e1n participar miembros de la sociedad civil, c\u00e1maras de la construcci\u00f3n, colegios de ingenieros y arquitectos, y especialistas independientes.La alcaldesa Chamorro Badillo, agradeci\u00f3 a la representante de la SEDATU, el subsidio otorgado para el desarrollo de los trabajos, ya que, con este programa de Desarrollo Urbano, se busca crecer con orden en el municipio, al tiempo pidi\u00f3 a la empresa trabajar de la mano con los integrantes del H. Ayuntamiento, as\u00ed con los directores y coordinadores de la administraci\u00f3n que encabeza. Finalmente inform\u00f3 que el inicio de los trabajos ser\u00e1 en los pr\u00f3ximos d\u00edas del mes de junio y tentativamente ser\u00e1 concluidos a finales del mes de septiembre de 2023.<a href=\"https:\/\/www.facebook.com\/hashtag\/bienestarquefluye?__eep__=6&amp;__cft__[0]=AZXcPz7cql2nVpIxWWx6yeqZT-lxyuXUKTGtCozbnpfkkTargDDXvVRgGQ-U8JwkYByEoWUQZZS6rUtsINAm6NXOmFT7ak-Uho98Ut2DFQHh3Vj6JDgPpuRFrWKruIz6HUsT-emQ6Q5TEhHRKkKV_BIPSF2AdpQbOgMJ3yscBlJ_Y9-PzXPuPnYi0Uommgt5BGI&amp;__tn__=*NK-R\">#BienestarQueFluye<\/a><\/p>\n","protected":false},"excerpt":{"rendered":"<p>La presidente municipal Mar\u00eda Anita Chamorro Badillo, en compa\u00f1\u00eda del H. Ayuntamiento de Yauhquemehcan, asisti\u00f3 a la presentaci\u00f3n de la empresa Ciudades, Taller &amp; Dise\u00f1o, quien ser\u00e1 la encargada de elaborar el Programa Municipal de Desarrollo Urbano del Municipio de Yauhquemehcan.El maestro urbanista Jos\u00e9 Manuel Estrada Laguna, mediante una presentaci\u00f3n mostr\u00f3 la experiencia de la [&hellip;]<\/p>\n","protected":false},"author":1,"featured_media":109410,"comment_status":"open","ping_status":"open","sticky":false,"template":"","format":"standard","meta":{"footnotes":""},"categories":[46],"tags":[],"class_list":["post-109409","post","type-post","status-publish","format-standard","has-post-thumbnail","hentry","category-yauhquemehcan"],"blog_post_layout_featured_media_urls":{"thumbnail":["https:\/\/diariolanoticia.com.mx\/wp-content\/uploads\/2023\/05\/347411209_632852101704731_9140618924276881464_n-216x160.jpg",216,160,true],"full":["https:\/\/diariolanoticia.com.mx\/wp-content\/uploads\/2023\/05\/347411209_632852101704731_9140618924276881464_n.jpg",600,450,false]},"categories_names":{"46":{"name":"Yauhquemehcan","link":"https:\/\/diariolanoticia.com.mx\/?cat=46"}},"tags_names":[],"comments_number":"0","wpmagazine_modules_lite_featured_media_urls":{"thumbnail":["https:\/\/diariolanoticia.com.mx\/wp-content\/uploads\/2023\/05\/347411209_632852101704731_9140618924276881464_n-216x160.jpg",216,160,true],"cvmm-medium":["https:\/\/diariolanoticia.com.mx\/wp-content\/uploads\/2023\/05\/347411209_632852101704731_9140618924276881464_n-300x300.jpg",300,300,true],"cvmm-medium-plus":["https:\/\/diariolanoticia.com.mx\/wp-content\/uploads\/2023\/05\/347411209_632852101704731_9140618924276881464_n-305x207.jpg",305,207,true],"cvmm-portrait":["https:\/\/diariolanoticia.com.mx\/wp-content\/uploads\/2023\/05\/347411209_632852101704731_9140618924276881464_n-400x450.jpg",400,450,true],"cvmm-medium-square":["https:\/\/diariolanoticia.com.mx\/wp-content\/uploads\/2023\/05\/347411209_632852101704731_9140618924276881464_n.jpg",600,450,false],"cvmm-large":["https:\/\/diariolanoticia.com.mx\/wp-content\/uploads\/2023\/05\/347411209_632852101704731_9140618924276881464_n.jpg",600,450,false],"cvmm-small":["https:\/\/diariolanoticia.com.mx\/wp-content\/uploads\/2023\/05\/347411209_632852101704731_9140618924276881464_n-130x95.jpg",130,95,true],"full":["https:\/\/diariolanoticia.com.mx\/wp-content\/uploads\/2023\/05\/347411209_632852101704731_9140618924276881464_n.jpg",600,450,false]},"_links":{"self":[{"href":"https:\/\/diariolanoticia.com.mx\/index.php?rest_route=\/wp\/v2\/posts\/109409","targetHints":{"allow":["GET"]}}],"collection":[{"href":"https:\/\/diariolanoticia.com.mx\/index.php?rest_route=\/wp\/v2\/posts"}],"about":[{"href":"https:\/\/diariolanoticia.com.mx\/index.php?rest_route=\/wp\/v2\/types\/post"}],"author":[{"embeddable":true,"href":"https:\/\/diariolanoticia.com.mx\/index.php?rest_route=\/wp\/v2\/users\/1"}],"replies":[{"embeddable":true,"href":"https:\/\/diariolanoticia.com.mx\/index.php?rest_route=%2Fwp%2Fv2%2Fcomments&post=109409"}],"version-history":[{"count":1,"href":"https:\/\/diariolanoticia.com.mx\/index.php?rest_route=\/wp\/v2\/posts\/109409\/revisions"}],"predecessor-version":[{"id":109411,"href":"https:\/\/diariolanoticia.com.mx\/index.php?rest_route=\/wp\/v2\/posts\/109409\/revisions\/109411"}],"wp:featuredmedia":[{"embeddable":true,"href":"https:\/\/diariolanoticia.com.mx\/index.php?rest_route=\/wp\/v2\/media\/109410"}],"wp:attachment":[{"href":"https:\/\/diariolanoticia.com.mx\/index.php?rest_route=%2Fwp%2Fv2%2Fmedia&parent=109409"}],"wp:term":[{"taxonomy":"category","embeddable":true,"href":"https:\/\/diariolanoticia.com.mx\/index.php?rest_route=%2Fwp%2Fv2%2Fcategories&post=109409"},{"taxonomy":"post_tag","embeddable":true,"href":"https:\/\/diariolanoticia.com.mx\/index.php?rest_route=%2Fwp%2Fv2%2Ftags&post=109409"}],"curies":[{"name":"wp","href":"https:\/\/api.w.org\/{rel}","templated":true}]}}