{"id":109603,"date":"2023-05-31T16:19:26","date_gmt":"2023-05-31T22:19:26","guid":{"rendered":"https:\/\/diariolanoticia.com.mx\/?p=109603"},"modified":"2023-05-31T16:19:27","modified_gmt":"2023-05-31T22:19:27","slug":"se-suman-10-colonias-mas-al-proceso-de-renovacion-de-mesas-vecinales","status":"publish","type":"post","link":"https:\/\/diariolanoticia.com.mx\/?p=109603","title":{"rendered":"SE SUMAN 10 COLONIAS M\u00c1S AL PROCESO DE RENOVACI\u00d3N DE MESAS VECINALES"},"content":{"rendered":"\n<p>-El siguiente bloque de comicios se realizar\u00e1 1\u00b0 y 2 de julio.<\/p>\n\n\n\n<p>Contin\u00faa el proceso de renovaci\u00f3n de las Mesas Directivas de Vecinas y Vecinos en la capital poblana; ahora con la elecci\u00f3n de diez nuevos representantes en el mismo n\u00famero colonias, mediante ejercicios de participaci\u00f3n ciudadana que organiza el Ayuntamiento de Puebla.<\/p>\n\n\n\n<p>Fue la Unidad de Concertaci\u00f3n en Juntas Auxiliares y Atenci\u00f3n Vecinal de la Secretar\u00eda de Gobernaci\u00f3n la instancia encargada de instalar los centros de votaci\u00f3n el pasado 27 y 28 de mayo en diversas demarcaciones, lo que permiti\u00f3 se vivieran unos comicios en calma y sin incidentes, con los siguientes resultados:<\/p>\n\n\n\n<p>\u2022 Santa Rosa: Unidos por la Colonia Santa Rosa<br>\u2022 Nuevo Plan de Ayala: Vamos por un Nuevo Plan de Ayala<br>\u2022 Morelos: Colonia Morelos<br>\u2022 Los Encinos: Por Los Encinos<br>\u2022 Vicente Guerrero: Comunidad y Desarrollo<br>\u2022 Popular Castillotla: Cambio Social<br>\u2022 Independencia Caleras: Por la Integraci\u00f3n de Nuestra Colonia<br>\u2022 Villa San Alejandro: Vecinos Unidos X T.U.B.A.<br>\u2022 Miguel Negrete: Colonia Miguel Negrete<br>\u2022 Plazas de Amalucan: Plazas Construyendo con Transparencia<\/p>\n\n\n\n<p>El proceso de renovaci\u00f3n de Mesas Directivas continuar\u00e1 el 1\u00b0 y 2 de julio con el pr\u00f3ximo bloque.<\/p>\n","protected":false},"excerpt":{"rendered":"<p>-El siguiente bloque de comicios se realizar\u00e1 1\u00b0 y 2 de julio. Contin\u00faa el proceso de renovaci\u00f3n de las Mesas Directivas de Vecinas y Vecinos en la capital poblana; ahora con la elecci\u00f3n de diez nuevos representantes en el mismo n\u00famero colonias, mediante ejercicios de participaci\u00f3n ciudadana que organiza el Ayuntamiento de Puebla. Fue la [&hellip;]<\/p>\n","protected":false},"author":1,"featured_media":109604,"comment_status":"open","ping_status":"open","sticky":false,"template":"","format":"standard","meta":{"footnotes":""},"categories":[103],"tags":[],"class_list":["post-109603","post","type-post","status-publish","format-standard","has-post-thumbnail","hentry","category-pueblacapital"],"blog_post_layout_featured_media_urls":{"thumbnail":["https:\/\/diariolanoticia.com.mx\/wp-content\/uploads\/2023\/05\/WhatsApp-Image-2023-05-31-at-16.16.24-216x160.jpeg",216,160,true],"full":["https:\/\/diariolanoticia.com.mx\/wp-content\/uploads\/2023\/05\/WhatsApp-Image-2023-05-31-at-16.16.24.jpeg",1600,900,false]},"categories_names":{"103":{"name":"Puebla Capital","link":"https:\/\/diariolanoticia.com.mx\/?cat=103"}},"tags_names":[],"comments_number":"0","wpmagazine_modules_lite_featured_media_urls":{"thumbnail":["https:\/\/diariolanoticia.com.mx\/wp-content\/uploads\/2023\/05\/WhatsApp-Image-2023-05-31-at-16.16.24-216x160.jpeg",216,160,true],"cvmm-medium":["https:\/\/diariolanoticia.com.mx\/wp-content\/uploads\/2023\/05\/WhatsApp-Image-2023-05-31-at-16.16.24-300x300.jpeg",300,300,true],"cvmm-medium-plus":["https:\/\/diariolanoticia.com.mx\/wp-content\/uploads\/2023\/05\/WhatsApp-Image-2023-05-31-at-16.16.24-305x207.jpeg",305,207,true],"cvmm-portrait":["https:\/\/diariolanoticia.com.mx\/wp-content\/uploads\/2023\/05\/WhatsApp-Image-2023-05-31-at-16.16.24-400x600.jpeg",400,600,true],"cvmm-medium-square":["https:\/\/diariolanoticia.com.mx\/wp-content\/uploads\/2023\/05\/WhatsApp-Image-2023-05-31-at-16.16.24-600x600.jpeg",600,600,true],"cvmm-large":["https:\/\/diariolanoticia.com.mx\/wp-content\/uploads\/2023\/05\/WhatsApp-Image-2023-05-31-at-16.16.24-1024x900.jpeg",1024,900,true],"cvmm-small":["https:\/\/diariolanoticia.com.mx\/wp-content\/uploads\/2023\/05\/WhatsApp-Image-2023-05-31-at-16.16.24-130x95.jpeg",130,95,true],"full":["https:\/\/diariolanoticia.com.mx\/wp-content\/uploads\/2023\/05\/WhatsApp-Image-2023-05-31-at-16.16.24.jpeg",1600,900,false]},"_links":{"self":[{"href":"https:\/\/diariolanoticia.com.mx\/index.php?rest_route=\/wp\/v2\/posts\/109603","targetHints":{"allow":["GET"]}}],"collection":[{"href":"https:\/\/diariolanoticia.com.mx\/index.php?rest_route=\/wp\/v2\/posts"}],"about":[{"href":"https:\/\/diariolanoticia.com.mx\/index.php?rest_route=\/wp\/v2\/types\/post"}],"author":[{"embeddable":true,"href":"https:\/\/diariolanoticia.com.mx\/index.php?rest_route=\/wp\/v2\/users\/1"}],"replies":[{"embeddable":true,"href":"https:\/\/diariolanoticia.com.mx\/index.php?rest_route=%2Fwp%2Fv2%2Fcomments&post=109603"}],"version-history":[{"count":1,"href":"https:\/\/diariolanoticia.com.mx\/index.php?rest_route=\/wp\/v2\/posts\/109603\/revisions"}],"predecessor-version":[{"id":109605,"href":"https:\/\/diariolanoticia.com.mx\/index.php?rest_route=\/wp\/v2\/posts\/109603\/revisions\/109605"}],"wp:featuredmedia":[{"embeddable":true,"href":"https:\/\/diariolanoticia.com.mx\/index.php?rest_route=\/wp\/v2\/media\/109604"}],"wp:attachment":[{"href":"https:\/\/diariolanoticia.com.mx\/index.php?rest_route=%2Fwp%2Fv2%2Fmedia&parent=109603"}],"wp:term":[{"taxonomy":"category","embeddable":true,"href":"https:\/\/diariolanoticia.com.mx\/index.php?rest_route=%2Fwp%2Fv2%2Fcategories&post=109603"},{"taxonomy":"post_tag","embeddable":true,"href":"https:\/\/diariolanoticia.com.mx\/index.php?rest_route=%2Fwp%2Fv2%2Ftags&post=109603"}],"curies":[{"name":"wp","href":"https:\/\/api.w.org\/{rel}","templated":true}]}}