{"id":109682,"date":"2023-06-03T14:29:34","date_gmt":"2023-06-03T20:29:34","guid":{"rendered":"https:\/\/diariolanoticia.com.mx\/?p=109682"},"modified":"2023-06-03T14:29:34","modified_gmt":"2023-06-03T20:29:34","slug":"mas-de-50-mil-poblanos-recibieron-a-claudia-sheinbaum-2","status":"publish","type":"post","link":"https:\/\/diariolanoticia.com.mx\/?p=109682","title":{"rendered":"M\u00e1s de 50 mil poblanos recibieron a Claudia Sheinbaum"},"content":{"rendered":"\n<p>PUEBLA, Pue. &#8211; La jefa de Gobierno de la Ciudad de M\u00e9xico, Claudia Sheinbaum, visit\u00f3 la capital poblana para encabezar el \u201cForo de Sustentabilidad en M\u00e9xico\u201d, organizado por la Universidad Tecnol\u00f3gica de Puebla, donde asistieron m\u00e1s de 50 mil de personas de todas las regiones del estado.<\/p>\n\n\n\n<p>Durante su participaci\u00f3n, el secretario de Gobernaci\u00f3n, Julio Huerta G\u00f3mez, coment\u00f3 que:<\/p>\n\n\n\n<p>-Estamos en \u00e9poca de nuevos retos, que demanda lo mejor de la sociedad para un desarrollo com\u00fan.<\/p>\n\n\n\n<p>-Con la conferencia de la Doctora Sheinbaum, las y los poblanos tuvieron la oportunidad de conocer m\u00e1s sobre las acciones de sustentabilidad para el progreso de todas y todos.<\/p>\n\n\n\n<p>-Se\u00f1al\u00f3 que en Puebla se contin\u00faa con el di\u00e1logo sobre buenos gobierno, ciudadan\u00eda y academia con vocaci\u00f3n social.<\/p>\n\n\n\n<p>-M\u00e9xico tiene en Claudia Sheinbaum un ejemplo extraordinario del poder del conocimiento de la academia, para el buen gobierno.<\/p>\n\n\n\n<p>-Agradeci\u00f3 la visita de la jefa de Gobierno y destac\u00f3 que el estado es aliado que representa una misma fortaleza.<\/p>\n\n\n\n<p>A su vez, la jefa de Gobierno, resalt\u00f3 que:<\/p>\n\n\n\n<p>-En ning\u00fan otro estado, como lo fue en Puebla, hab\u00eda sentido el cari\u00f1o y respaldo de tantas personas, ya que \u201camor con amor se paga\u201d.<\/p>\n\n\n\n<p>-Expres\u00f3 que el pa\u00eds cuenta con el mejor presidente con Andr\u00e9s Manuel L\u00f3pez Obrador, quien encabeza la Cuarta Transformaci\u00f3n a nivel nacional, que propicia el bienestar de los m\u00e1s vulnerables,\u201cpor el bien de todos, primero los pobres\u201d.<\/p>\n\n\n\n<p>-Describi\u00f3 las diferentes acciones en materia de sustentabilidad que implementan en la Ciudad de M\u00e9xico, que promueve la igualdad, humanidad y desarrollo de los m\u00e1s necesitados, ya que \u201cel poder solo es virtud, cuando se pone al servicio de los dem\u00e1s\u201d.<\/p>\n\n\n\n<p>-Enfatiz\u00f3 que M\u00e9xico vive una nueva historia, donde hombres y mujeres sean tratados con igualdad, equidad, con trato digno y humano que genere paz social.<\/p>\n","protected":false},"excerpt":{"rendered":"<p>PUEBLA, Pue. &#8211; La jefa de Gobierno de la Ciudad de M\u00e9xico, Claudia Sheinbaum, visit\u00f3 la capital poblana para encabezar el \u201cForo de Sustentabilidad en M\u00e9xico\u201d, organizado por la Universidad Tecnol\u00f3gica de Puebla, donde asistieron m\u00e1s de 50 mil de personas de todas las regiones del estado. Durante su participaci\u00f3n, el secretario de Gobernaci\u00f3n, Julio [&hellip;]<\/p>\n","protected":false},"author":1,"featured_media":109681,"comment_status":"open","ping_status":"open","sticky":false,"template":"","format":"standard","meta":{"footnotes":""},"categories":[20],"tags":[52],"class_list":["post-109682","post","type-post","status-publish","format-standard","has-post-thumbnail","hentry","category-norte-de-puebla","tag-puebla"],"blog_post_layout_featured_media_urls":{"thumbnail":["https:\/\/diariolanoticia.com.mx\/wp-content\/uploads\/2023\/06\/ca1651f3-975e-4753-bdd9-ce07b39b36d1-216x160.jpg",216,160,true],"full":["https:\/\/diariolanoticia.com.mx\/wp-content\/uploads\/2023\/06\/ca1651f3-975e-4753-bdd9-ce07b39b36d1.jpg",1500,755,false]},"categories_names":{"20":{"name":"Norte de Puebla","link":"https:\/\/diariolanoticia.com.mx\/?cat=20"}},"tags_names":{"52":{"name":"Puebla","link":"https:\/\/diariolanoticia.com.mx\/?tag=puebla"}},"comments_number":"0","wpmagazine_modules_lite_featured_media_urls":{"thumbnail":["https:\/\/diariolanoticia.com.mx\/wp-content\/uploads\/2023\/06\/ca1651f3-975e-4753-bdd9-ce07b39b36d1-216x160.jpg",216,160,true],"cvmm-medium":["https:\/\/diariolanoticia.com.mx\/wp-content\/uploads\/2023\/06\/ca1651f3-975e-4753-bdd9-ce07b39b36d1-300x300.jpg",300,300,true],"cvmm-medium-plus":["https:\/\/diariolanoticia.com.mx\/wp-content\/uploads\/2023\/06\/ca1651f3-975e-4753-bdd9-ce07b39b36d1-305x207.jpg",305,207,true],"cvmm-portrait":["https:\/\/diariolanoticia.com.mx\/wp-content\/uploads\/2023\/06\/ca1651f3-975e-4753-bdd9-ce07b39b36d1-400x600.jpg",400,600,true],"cvmm-medium-square":["https:\/\/diariolanoticia.com.mx\/wp-content\/uploads\/2023\/06\/ca1651f3-975e-4753-bdd9-ce07b39b36d1-600x600.jpg",600,600,true],"cvmm-large":["https:\/\/diariolanoticia.com.mx\/wp-content\/uploads\/2023\/06\/ca1651f3-975e-4753-bdd9-ce07b39b36d1-1024x755.jpg",1024,755,true],"cvmm-small":["https:\/\/diariolanoticia.com.mx\/wp-content\/uploads\/2023\/06\/ca1651f3-975e-4753-bdd9-ce07b39b36d1-130x95.jpg",130,95,true],"full":["https:\/\/diariolanoticia.com.mx\/wp-content\/uploads\/2023\/06\/ca1651f3-975e-4753-bdd9-ce07b39b36d1.jpg",1500,755,false]},"_links":{"self":[{"href":"https:\/\/diariolanoticia.com.mx\/index.php?rest_route=\/wp\/v2\/posts\/109682","targetHints":{"allow":["GET"]}}],"collection":[{"href":"https:\/\/diariolanoticia.com.mx\/index.php?rest_route=\/wp\/v2\/posts"}],"about":[{"href":"https:\/\/diariolanoticia.com.mx\/index.php?rest_route=\/wp\/v2\/types\/post"}],"author":[{"embeddable":true,"href":"https:\/\/diariolanoticia.com.mx\/index.php?rest_route=\/wp\/v2\/users\/1"}],"replies":[{"embeddable":true,"href":"https:\/\/diariolanoticia.com.mx\/index.php?rest_route=%2Fwp%2Fv2%2Fcomments&post=109682"}],"version-history":[{"count":1,"href":"https:\/\/diariolanoticia.com.mx\/index.php?rest_route=\/wp\/v2\/posts\/109682\/revisions"}],"predecessor-version":[{"id":109683,"href":"https:\/\/diariolanoticia.com.mx\/index.php?rest_route=\/wp\/v2\/posts\/109682\/revisions\/109683"}],"wp:featuredmedia":[{"embeddable":true,"href":"https:\/\/diariolanoticia.com.mx\/index.php?rest_route=\/wp\/v2\/media\/109681"}],"wp:attachment":[{"href":"https:\/\/diariolanoticia.com.mx\/index.php?rest_route=%2Fwp%2Fv2%2Fmedia&parent=109682"}],"wp:term":[{"taxonomy":"category","embeddable":true,"href":"https:\/\/diariolanoticia.com.mx\/index.php?rest_route=%2Fwp%2Fv2%2Fcategories&post=109682"},{"taxonomy":"post_tag","embeddable":true,"href":"https:\/\/diariolanoticia.com.mx\/index.php?rest_route=%2Fwp%2Fv2%2Ftags&post=109682"}],"curies":[{"name":"wp","href":"https:\/\/api.w.org\/{rel}","templated":true}]}}