{"id":109694,"date":"2023-06-04T09:51:53","date_gmt":"2023-06-04T15:51:53","guid":{"rendered":"https:\/\/diariolanoticia.com.mx\/?p=109694"},"modified":"2023-06-05T09:52:07","modified_gmt":"2023-06-05T15:52:07","slug":"reabre-el-centro-de-formacion-artistica-en-tlaxcala-capital","status":"publish","type":"post","link":"https:\/\/diariolanoticia.com.mx\/?p=109694","title":{"rendered":"Reabre el Centro de Formaci\u00f3n Art\u00edstica en Tlaxcala Capital"},"content":{"rendered":"\n<p> \u2022 El presidente municipal, Jorge Corichi, destac\u00f3 el talento que hay entre las y los tlaxcaltecas El presidente municipal, Jorge Corichi, puso de relieve el trabajo de formaci\u00f3n humana y art\u00edstica que los hermanos Carlos y Oscar Espejel iniciaron desde hace varios a\u00f1os, con su centro de formaci\u00f3n art\u00edstica Xpresi\u00f3n, en Tlaxcala Capital.Junto con los hermanos Espejel e invitados especiales, el alcalde capitalino cort\u00f3 el list\u00f3n con el que se reabri\u00f3 de manera formal esta academia ubicada en el n\u00famero 4 de Plaza de la Constituci\u00f3n, Colonia Centro.En su mensaje, Jorge Corichi reconoci\u00f3 el trabajo que se ha hecho en Xpresi\u00f3n, donde se han formado grandes artistas, talentos locales que han brillado a nivel nacional. \u201cTlaxcala es una ciudad con un potencial importante, que tiene una gran riqueza cultural e hist\u00f3rica; gente con gran capacidad de hacer alianzas estrat\u00e9gicas\u201d, asegur\u00f3 el presidente municipal.En este sentido, Carlos y Oscar Espejel, coincidieron en se\u00f1alar que gracias al respaldo de un padrino de lujo, como el alcalde Jorge Corichi, el Centro de Formaci\u00f3n Xpresi\u00f3n ha reabierto sus actividades para seguir consolidando en Tlaxcala a un grupo de talentos que brillar\u00e1n en todos los \u00e1mbitos de las artes esc\u00e9nicas.Durante el evento realizado la tarde del s\u00e1bado estuvieron presentes -entre otros invitados especiales- la conductora Lili Brillanti y el escritor de noveles tlaxcalteca Hugo Moreno, que ha destacado a nivel internacional gracias a su trabajo de cerca de 20 a\u00f1os en la empresa Televisa.En este marco, algunos alumnos mostraron su calidad esc\u00e9nica en \u00e1mbitos como el teatro y el canto.<\/p>\n\n\n\n<p><a href=\"https:\/\/www.facebook.com\/hashtag\/tlaxcalacapitalart%C3%ADstica?__eep__=6&amp;__cft__[0]=AZURIGnyUd0Piqeu8fU_xaltpmBPMH3SQMymmHIKvA5exZKfK2aa5nWsGrG1UgRk1Fxy-YwbZ5ROtZta9L5IeRLReecZrlOpjRZD6aynHtqsudz-rHe3lukvlZkSY5eRvxMaXmk4AOIg9UKO9aXcq5yNMba3xW8MAv4wjW-NfU6NHo2Z5oiEgTATBBJmr7Zzu88&amp;__tn__=*NK-R\">#TlaxcalaCapitalArt\u00edstica<\/a><a href=\"https:\/\/www.facebook.com\/hashtag\/vamostodos?__eep__=6&amp;__cft__[0]=AZURIGnyUd0Piqeu8fU_xaltpmBPMH3SQMymmHIKvA5exZKfK2aa5nWsGrG1UgRk1Fxy-YwbZ5ROtZta9L5IeRLReecZrlOpjRZD6aynHtqsudz-rHe3lukvlZkSY5eRvxMaXmk4AOIg9UKO9aXcq5yNMba3xW8MAv4wjW-NfU6NHo2Z5oiEgTATBBJmr7Zzu88&amp;__tn__=*NK-R\">#VamosTodos<\/a><img loading=\"lazy\" decoding=\"async\" height=\"16\" width=\"16\" alt=\"\u2728\" src=\"https:\/\/static.xx.fbcdn.net\/images\/emoji.php\/v9\/tf4\/1\/16\/2728.png\"><\/p>\n","protected":false},"excerpt":{"rendered":"<p>\u2022 El presidente municipal, Jorge Corichi, destac\u00f3 el talento que hay entre las y los tlaxcaltecas El presidente municipal, Jorge Corichi, puso de relieve el trabajo de formaci\u00f3n humana y art\u00edstica que los hermanos Carlos y Oscar Espejel iniciaron desde hace varios a\u00f1os, con su centro de formaci\u00f3n art\u00edstica Xpresi\u00f3n, en Tlaxcala Capital.Junto con los [&hellip;]<\/p>\n","protected":false},"author":1,"featured_media":109695,"comment_status":"open","ping_status":"open","sticky":false,"template":"","format":"standard","meta":{"footnotes":""},"categories":[17],"tags":[],"class_list":["post-109694","post","type-post","status-publish","format-standard","has-post-thumbnail","hentry","category-tlaxcala"],"blog_post_layout_featured_media_urls":{"thumbnail":["https:\/\/diariolanoticia.com.mx\/wp-content\/uploads\/2023\/06\/352179844_219235374298372_8129200693404868156_n-216x160.jpg",216,160,true],"full":["https:\/\/diariolanoticia.com.mx\/wp-content\/uploads\/2023\/06\/352179844_219235374298372_8129200693404868156_n.jpg",592,395,false]},"categories_names":{"17":{"name":"Tlaxcala","link":"https:\/\/diariolanoticia.com.mx\/?cat=17"}},"tags_names":[],"comments_number":"0","wpmagazine_modules_lite_featured_media_urls":{"thumbnail":["https:\/\/diariolanoticia.com.mx\/wp-content\/uploads\/2023\/06\/352179844_219235374298372_8129200693404868156_n-216x160.jpg",216,160,true],"cvmm-medium":["https:\/\/diariolanoticia.com.mx\/wp-content\/uploads\/2023\/06\/352179844_219235374298372_8129200693404868156_n-300x300.jpg",300,300,true],"cvmm-medium-plus":["https:\/\/diariolanoticia.com.mx\/wp-content\/uploads\/2023\/06\/352179844_219235374298372_8129200693404868156_n-305x207.jpg",305,207,true],"cvmm-portrait":["https:\/\/diariolanoticia.com.mx\/wp-content\/uploads\/2023\/06\/352179844_219235374298372_8129200693404868156_n-400x395.jpg",400,395,true],"cvmm-medium-square":["https:\/\/diariolanoticia.com.mx\/wp-content\/uploads\/2023\/06\/352179844_219235374298372_8129200693404868156_n.jpg",592,395,false],"cvmm-large":["https:\/\/diariolanoticia.com.mx\/wp-content\/uploads\/2023\/06\/352179844_219235374298372_8129200693404868156_n.jpg",592,395,false],"cvmm-small":["https:\/\/diariolanoticia.com.mx\/wp-content\/uploads\/2023\/06\/352179844_219235374298372_8129200693404868156_n-130x95.jpg",130,95,true],"full":["https:\/\/diariolanoticia.com.mx\/wp-content\/uploads\/2023\/06\/352179844_219235374298372_8129200693404868156_n.jpg",592,395,false]},"_links":{"self":[{"href":"https:\/\/diariolanoticia.com.mx\/index.php?rest_route=\/wp\/v2\/posts\/109694","targetHints":{"allow":["GET"]}}],"collection":[{"href":"https:\/\/diariolanoticia.com.mx\/index.php?rest_route=\/wp\/v2\/posts"}],"about":[{"href":"https:\/\/diariolanoticia.com.mx\/index.php?rest_route=\/wp\/v2\/types\/post"}],"author":[{"embeddable":true,"href":"https:\/\/diariolanoticia.com.mx\/index.php?rest_route=\/wp\/v2\/users\/1"}],"replies":[{"embeddable":true,"href":"https:\/\/diariolanoticia.com.mx\/index.php?rest_route=%2Fwp%2Fv2%2Fcomments&post=109694"}],"version-history":[{"count":1,"href":"https:\/\/diariolanoticia.com.mx\/index.php?rest_route=\/wp\/v2\/posts\/109694\/revisions"}],"predecessor-version":[{"id":109696,"href":"https:\/\/diariolanoticia.com.mx\/index.php?rest_route=\/wp\/v2\/posts\/109694\/revisions\/109696"}],"wp:featuredmedia":[{"embeddable":true,"href":"https:\/\/diariolanoticia.com.mx\/index.php?rest_route=\/wp\/v2\/media\/109695"}],"wp:attachment":[{"href":"https:\/\/diariolanoticia.com.mx\/index.php?rest_route=%2Fwp%2Fv2%2Fmedia&parent=109694"}],"wp:term":[{"taxonomy":"category","embeddable":true,"href":"https:\/\/diariolanoticia.com.mx\/index.php?rest_route=%2Fwp%2Fv2%2Fcategories&post=109694"},{"taxonomy":"post_tag","embeddable":true,"href":"https:\/\/diariolanoticia.com.mx\/index.php?rest_route=%2Fwp%2Fv2%2Ftags&post=109694"}],"curies":[{"name":"wp","href":"https:\/\/api.w.org\/{rel}","templated":true}]}}