{"id":109800,"date":"2023-06-07T16:23:41","date_gmt":"2023-06-07T22:23:41","guid":{"rendered":"https:\/\/diariolanoticia.com.mx\/?p=109800"},"modified":"2023-06-07T16:23:42","modified_gmt":"2023-06-07T22:23:42","slug":"continua-uatx-con-temporada-de-conciertos-sinfonicos","status":"publish","type":"post","link":"https:\/\/diariolanoticia.com.mx\/?p=109800","title":{"rendered":"Contin\u00faa UATx con temporada de conciertos sinf\u00f3nicos"},"content":{"rendered":"\n<p>Como parte del impulso y fomento de las bellas artes, la Universidad Aut\u00f3noma de Tlaxcala (UATx), a trav\u00e9s de la Secretar\u00eda de Extensi\u00f3n Universitaria y Difusi\u00f3n Cultural, contin\u00faa con la temporada de conciertos denominada \u00abJueves Sinf\u00f3nico\u00bb, siendo la pr\u00f3xima presentaci\u00f3n de la orquesta de&nbsp;la m\u00e1xima Casa de Estudios, dirigida por el Maestro Alberto Moreno Mart\u00ednez,&nbsp;este ocho de junio a partir de las 17:00 horas&nbsp;en las instalaciones del Teatro Universitario, con acceso gratuito.<\/p>\n\n\n\n<p>Con este tipo de acciones, esta alma m\u00e1ter da cumplimiento a uno de los objetivos establecidos en el Plan Institucional de Mejoramiento Acelerado (PIMA), que enmarca la administraci\u00f3n que encabeza el Doctor Seraf\u00edn Ortiz Ortiz, que determina la promoci\u00f3n y organizaci\u00f3n de actividades art\u00edsticas para incidir en la autorrealizaci\u00f3n de los universitarios y de la sociedad en general.<\/p>\n\n\n\n<p>Este ciclo de conciertos tiene por objetivo dar a conocer a los principales exponentes de la m\u00fasica cl\u00e1sica, por lo que, para este jueves, se tiene previsto interpretar \u00abLos toreadores\u00bb, de Georges Bizet; \u00abLa sinfon\u00eda 1\u00bb, de Ludwig van Beethoven; y \u00abGran d\u00fao concertante para viol\u00edn y contrabajo\u00bb, de Giovanni Bottesini.<\/p>\n\n\n\n<p>Es importante resaltar que, la Orquesta Sinf\u00f3nica de la UATx, cuenta con una trayectoria que la respalda de 42 a\u00f1os y se integra por 16 elementos.<\/p>\n","protected":false},"excerpt":{"rendered":"<p>Como parte del impulso y fomento de las bellas artes, la Universidad Aut\u00f3noma de Tlaxcala (UATx), a trav\u00e9s de la Secretar\u00eda de Extensi\u00f3n Universitaria y Difusi\u00f3n Cultural, contin\u00faa con la temporada de conciertos denominada \u00abJueves Sinf\u00f3nico\u00bb, siendo la pr\u00f3xima presentaci\u00f3n de la orquesta de&nbsp;la m\u00e1xima Casa de Estudios, dirigida por el Maestro Alberto Moreno Mart\u00ednez,&nbsp;este [&hellip;]<\/p>\n","protected":false},"author":1,"featured_media":109801,"comment_status":"open","ping_status":"open","sticky":false,"template":"","format":"standard","meta":{"footnotes":""},"categories":[10],"tags":[],"class_list":["post-109800","post","type-post","status-publish","format-standard","has-post-thumbnail","hentry","category-educacion"],"blog_post_layout_featured_media_urls":{"thumbnail":["https:\/\/diariolanoticia.com.mx\/wp-content\/uploads\/2023\/06\/07-Continua-UATx-con-temporada-de-conciertos-sinfonicos-1-216x160.jpg",216,160,true],"full":["https:\/\/diariolanoticia.com.mx\/wp-content\/uploads\/2023\/06\/07-Continua-UATx-con-temporada-de-conciertos-sinfonicos-1.jpg",2300,1500,false]},"categories_names":{"10":{"name":"Educaci\u00f3n","link":"https:\/\/diariolanoticia.com.mx\/?cat=10"}},"tags_names":[],"comments_number":"0","wpmagazine_modules_lite_featured_media_urls":{"thumbnail":["https:\/\/diariolanoticia.com.mx\/wp-content\/uploads\/2023\/06\/07-Continua-UATx-con-temporada-de-conciertos-sinfonicos-1-216x160.jpg",216,160,true],"cvmm-medium":["https:\/\/diariolanoticia.com.mx\/wp-content\/uploads\/2023\/06\/07-Continua-UATx-con-temporada-de-conciertos-sinfonicos-1-300x300.jpg",300,300,true],"cvmm-medium-plus":["https:\/\/diariolanoticia.com.mx\/wp-content\/uploads\/2023\/06\/07-Continua-UATx-con-temporada-de-conciertos-sinfonicos-1-305x207.jpg",305,207,true],"cvmm-portrait":["https:\/\/diariolanoticia.com.mx\/wp-content\/uploads\/2023\/06\/07-Continua-UATx-con-temporada-de-conciertos-sinfonicos-1-400x600.jpg",400,600,true],"cvmm-medium-square":["https:\/\/diariolanoticia.com.mx\/wp-content\/uploads\/2023\/06\/07-Continua-UATx-con-temporada-de-conciertos-sinfonicos-1-600x600.jpg",600,600,true],"cvmm-large":["https:\/\/diariolanoticia.com.mx\/wp-content\/uploads\/2023\/06\/07-Continua-UATx-con-temporada-de-conciertos-sinfonicos-1-1024x1024.jpg",1024,1024,true],"cvmm-small":["https:\/\/diariolanoticia.com.mx\/wp-content\/uploads\/2023\/06\/07-Continua-UATx-con-temporada-de-conciertos-sinfonicos-1-130x95.jpg",130,95,true],"full":["https:\/\/diariolanoticia.com.mx\/wp-content\/uploads\/2023\/06\/07-Continua-UATx-con-temporada-de-conciertos-sinfonicos-1.jpg",2300,1500,false]},"_links":{"self":[{"href":"https:\/\/diariolanoticia.com.mx\/index.php?rest_route=\/wp\/v2\/posts\/109800","targetHints":{"allow":["GET"]}}],"collection":[{"href":"https:\/\/diariolanoticia.com.mx\/index.php?rest_route=\/wp\/v2\/posts"}],"about":[{"href":"https:\/\/diariolanoticia.com.mx\/index.php?rest_route=\/wp\/v2\/types\/post"}],"author":[{"embeddable":true,"href":"https:\/\/diariolanoticia.com.mx\/index.php?rest_route=\/wp\/v2\/users\/1"}],"replies":[{"embeddable":true,"href":"https:\/\/diariolanoticia.com.mx\/index.php?rest_route=%2Fwp%2Fv2%2Fcomments&post=109800"}],"version-history":[{"count":1,"href":"https:\/\/diariolanoticia.com.mx\/index.php?rest_route=\/wp\/v2\/posts\/109800\/revisions"}],"predecessor-version":[{"id":109802,"href":"https:\/\/diariolanoticia.com.mx\/index.php?rest_route=\/wp\/v2\/posts\/109800\/revisions\/109802"}],"wp:featuredmedia":[{"embeddable":true,"href":"https:\/\/diariolanoticia.com.mx\/index.php?rest_route=\/wp\/v2\/media\/109801"}],"wp:attachment":[{"href":"https:\/\/diariolanoticia.com.mx\/index.php?rest_route=%2Fwp%2Fv2%2Fmedia&parent=109800"}],"wp:term":[{"taxonomy":"category","embeddable":true,"href":"https:\/\/diariolanoticia.com.mx\/index.php?rest_route=%2Fwp%2Fv2%2Fcategories&post=109800"},{"taxonomy":"post_tag","embeddable":true,"href":"https:\/\/diariolanoticia.com.mx\/index.php?rest_route=%2Fwp%2Fv2%2Ftags&post=109800"}],"curies":[{"name":"wp","href":"https:\/\/api.w.org\/{rel}","templated":true}]}}