{"id":109814,"date":"2023-06-08T11:08:04","date_gmt":"2023-06-08T17:08:04","guid":{"rendered":"https:\/\/diariolanoticia.com.mx\/?p=109814"},"modified":"2023-06-08T11:08:05","modified_gmt":"2023-06-08T17:08:05","slug":"recibe-policia-de-chiautempan-capacitacion-en-materia-de-derechos-humanos","status":"publish","type":"post","link":"https:\/\/diariolanoticia.com.mx\/?p=109814","title":{"rendered":"Recibe Polic\u00eda de Chiautempan capacitaci\u00f3n en materia de Derechos Humanos"},"content":{"rendered":"\n<p>Gracias a la coordinaci\u00f3n y gesti\u00f3n entre el Ayuntamiento de Chiautempan, la s\u00e9ptima regidur\u00eda, la Direcci\u00f3n de Seguridad P\u00fablica y la Comisi\u00f3n Estatal de Derechos (CEDH), elementos de la Polic\u00eda Municipal recibieron una capacitaci\u00f3n en materia de Derechos Humanos.<\/p>\n\n\n\n<p>En el acto protocolario de inauguraci\u00f3n, la s\u00e9ptima regidora, Dulce Iris Lima Corona, refiri\u00f3 que esto forma parte de la \u00abPrimera Jornada de Capacitaciones a Elementos de Seguridad 2023\u00bb, la cual, comprometer\u00e1 a los elementos policiales a integrarse a constantes capacitaciones para que cuenten con herramientas con las que puedan salvaguardar la integridad de los chiautempense con principios de legalidad.<\/p>\n\n\n\n<p>En tanto, el comisario de Chiautempan, Jes\u00fas Herrera Moreno, resalt\u00f3 que este tipo de acciones en pro de los polic\u00edas se ver\u00e1 reflejado en un mejor actuar policial en atenci\u00f3n a su labor, y que, con ello, se cumple con un compromiso de la administraci\u00f3n municipal, pues uno de los compromisos de la actual administraci\u00f3n que encabeza Gustavo Jim\u00e9nez es consolidarse como la mejor corporaci\u00f3n policial Municipal y el municipio m\u00e1s seguro de Tlaxcala.<\/p>\n\n\n\n<p>Ante ello, la presidenta de la CEDH, Jakqueline Ord\u00f3\u00f1ez Brasdefer, puntualiz\u00f3 que el organismo aut\u00f3nomo y la administraci\u00f3n chiautempense han coincidido en materia de Derechos Humanos, pues colaboraron en temas de capacitaci\u00f3n, atenci\u00f3n y conciliaci\u00f3n.<\/p>\n\n\n\n<p>Destac\u00f3 que los cuerpos policiales tienen un papel importante en la sociedad, por ello, enfatiz\u00f3 que deben saber actuar ante presuntos delitos y estar siempre a la par de los derechos y la dignidad de las personas.<\/p>\n\n\n\n<p>Al acto protocolario tambi\u00e9n asisti\u00f3 la Secretar\u00eda T\u00e9cnica de las Mesas de Seguridad para la Construcci\u00f3n de la Paz y Seguridad, Regi\u00f3n 02, Ilse Viridiana Hern\u00e1ndez Mej\u00eda.<\/p>\n","protected":false},"excerpt":{"rendered":"<p>Gracias a la coordinaci\u00f3n y gesti\u00f3n entre el Ayuntamiento de Chiautempan, la s\u00e9ptima regidur\u00eda, la Direcci\u00f3n de Seguridad P\u00fablica y la Comisi\u00f3n Estatal de Derechos (CEDH), elementos de la Polic\u00eda Municipal recibieron una capacitaci\u00f3n en materia de Derechos Humanos. En el acto protocolario de inauguraci\u00f3n, la s\u00e9ptima regidora, Dulce Iris Lima Corona, refiri\u00f3 que esto [&hellip;]<\/p>\n","protected":false},"author":1,"featured_media":109815,"comment_status":"open","ping_status":"open","sticky":false,"template":"","format":"standard","meta":{"footnotes":""},"categories":[9],"tags":[],"class_list":["post-109814","post","type-post","status-publish","format-standard","has-post-thumbnail","hentry","category-chiautempan"],"blog_post_layout_featured_media_urls":{"thumbnail":["https:\/\/diariolanoticia.com.mx\/wp-content\/uploads\/2023\/06\/WhatsApp-Image-2023-06-08-at-10.58.02-216x160.jpeg",216,160,true],"full":["https:\/\/diariolanoticia.com.mx\/wp-content\/uploads\/2023\/06\/WhatsApp-Image-2023-06-08-at-10.58.02.jpeg",1280,853,false]},"categories_names":{"9":{"name":"Chiautempan","link":"https:\/\/diariolanoticia.com.mx\/?cat=9"}},"tags_names":[],"comments_number":"0","wpmagazine_modules_lite_featured_media_urls":{"thumbnail":["https:\/\/diariolanoticia.com.mx\/wp-content\/uploads\/2023\/06\/WhatsApp-Image-2023-06-08-at-10.58.02-216x160.jpeg",216,160,true],"cvmm-medium":["https:\/\/diariolanoticia.com.mx\/wp-content\/uploads\/2023\/06\/WhatsApp-Image-2023-06-08-at-10.58.02-300x300.jpeg",300,300,true],"cvmm-medium-plus":["https:\/\/diariolanoticia.com.mx\/wp-content\/uploads\/2023\/06\/WhatsApp-Image-2023-06-08-at-10.58.02-305x207.jpeg",305,207,true],"cvmm-portrait":["https:\/\/diariolanoticia.com.mx\/wp-content\/uploads\/2023\/06\/WhatsApp-Image-2023-06-08-at-10.58.02-400x600.jpeg",400,600,true],"cvmm-medium-square":["https:\/\/diariolanoticia.com.mx\/wp-content\/uploads\/2023\/06\/WhatsApp-Image-2023-06-08-at-10.58.02-600x600.jpeg",600,600,true],"cvmm-large":["https:\/\/diariolanoticia.com.mx\/wp-content\/uploads\/2023\/06\/WhatsApp-Image-2023-06-08-at-10.58.02-1024x853.jpeg",1024,853,true],"cvmm-small":["https:\/\/diariolanoticia.com.mx\/wp-content\/uploads\/2023\/06\/WhatsApp-Image-2023-06-08-at-10.58.02-130x95.jpeg",130,95,true],"full":["https:\/\/diariolanoticia.com.mx\/wp-content\/uploads\/2023\/06\/WhatsApp-Image-2023-06-08-at-10.58.02.jpeg",1280,853,false]},"_links":{"self":[{"href":"https:\/\/diariolanoticia.com.mx\/index.php?rest_route=\/wp\/v2\/posts\/109814","targetHints":{"allow":["GET"]}}],"collection":[{"href":"https:\/\/diariolanoticia.com.mx\/index.php?rest_route=\/wp\/v2\/posts"}],"about":[{"href":"https:\/\/diariolanoticia.com.mx\/index.php?rest_route=\/wp\/v2\/types\/post"}],"author":[{"embeddable":true,"href":"https:\/\/diariolanoticia.com.mx\/index.php?rest_route=\/wp\/v2\/users\/1"}],"replies":[{"embeddable":true,"href":"https:\/\/diariolanoticia.com.mx\/index.php?rest_route=%2Fwp%2Fv2%2Fcomments&post=109814"}],"version-history":[{"count":1,"href":"https:\/\/diariolanoticia.com.mx\/index.php?rest_route=\/wp\/v2\/posts\/109814\/revisions"}],"predecessor-version":[{"id":109816,"href":"https:\/\/diariolanoticia.com.mx\/index.php?rest_route=\/wp\/v2\/posts\/109814\/revisions\/109816"}],"wp:featuredmedia":[{"embeddable":true,"href":"https:\/\/diariolanoticia.com.mx\/index.php?rest_route=\/wp\/v2\/media\/109815"}],"wp:attachment":[{"href":"https:\/\/diariolanoticia.com.mx\/index.php?rest_route=%2Fwp%2Fv2%2Fmedia&parent=109814"}],"wp:term":[{"taxonomy":"category","embeddable":true,"href":"https:\/\/diariolanoticia.com.mx\/index.php?rest_route=%2Fwp%2Fv2%2Fcategories&post=109814"},{"taxonomy":"post_tag","embeddable":true,"href":"https:\/\/diariolanoticia.com.mx\/index.php?rest_route=%2Fwp%2Fv2%2Ftags&post=109814"}],"curies":[{"name":"wp","href":"https:\/\/api.w.org\/{rel}","templated":true}]}}