{"id":109817,"date":"2023-06-08T13:18:14","date_gmt":"2023-06-08T19:18:14","guid":{"rendered":"https:\/\/diariolanoticia.com.mx\/?p=109817"},"modified":"2023-06-08T13:18:14","modified_gmt":"2023-06-08T19:18:14","slug":"capacito-sedif-a-600-beneficiarias-del-programa-mujeres-jefas-de-familia","status":"publish","type":"post","link":"https:\/\/diariolanoticia.com.mx\/?p=109817","title":{"rendered":"CAPACIT\u00d3 SEDIF A 600 BENEFICIARIAS DEL PROGRAMA \u201cMUJERES JEFAS DE FAMILIA\u201d"},"content":{"rendered":"\n<p>*En trabajo coordinado con la Sedeco, las beneficiarias recibieron capacitaci\u00f3n sobre modelo de negocios<\/p>\n\n\n\n<p>Para fortalecer el desarrollo de capacidades financieras de las beneficiarias del Programa \u201cMujeres Jefas de Familia\u201d, el Sistema Estatal DIF, en coordinaci\u00f3n con la Secretar\u00eda de Desarrollo Econ\u00f3mico (Sedeco), capacit\u00f3 a 600 mujeres en temas como el modelo de negocios para que a trav\u00e9s de proyectos productivos las emprendedoras generen un desarrollo sostenible familiar.<\/p>\n\n\n\n<p>La jornada de capacitaci\u00f3n se llev\u00f3 a cabo en el Centro de Convenciones de Tlaxcala, donde se dieron cita las beneficiarias del programa que est\u00e1 a cargo del Sistema Estatal para el Desarrollo Integral de la Familia, y que tienen como objetivo apoyar a mujeres que tienen a su cargo la manutenci\u00f3n de sus hijas, hijos, personas con discapacidad, adultos mayores, o bien que son sobrevivientes de violencia familiar o de g\u00e9nero.<\/p>\n\n\n\n<p>En el evento, la presidenta honor\u00edfica del Sistema Estatal DIF, Mariana Espinosa de los Monteros Cu\u00e9llar, acompa\u00f1ada de la directora general, Flor L\u00f3pez Hinojosa, destac\u00f3 que la capacitaci\u00f3n en el manejo de emprendimientos est\u00e1 dise\u00f1ada espec\u00edficamente para brindar a las mujeres beneficiarias del programa \u201clas herramientas necesarias y fortalecer sus habilidades, sabemos que muchas de ustedes han decidido emprender como una v\u00eda para asegurar un futuro mejor para sus familias, y estamos aqu\u00ed para apoyarles en ese camino\u201d.<\/p>\n\n\n\n<p>Agradeci\u00f3 el apoyo de la Secretar\u00eda de Desarrollo Econ\u00f3mico y de su titular Javier Marroqu\u00edn Calder\u00f3n, por brindar las facilidades para dotar de la informaci\u00f3n necesaria a las mujeres emprendedoras, lo cual se ver\u00e1 reflejado en la ampliaci\u00f3n de sus capacidades en beneficio de las familias tlaxcaltecas. Adem\u00e1s, mencion\u00f3 que estos encuentros van m\u00e1s all\u00e1 de la capacitaci\u00f3n t\u00e9cnica, pues son espacios para la conexi\u00f3n y el apoyo mutuo.<\/p>\n\n\n\n<p>\u201cAqu\u00ed encontrar\u00e1n una red de mujeres emprendedoras, dispuestas a colaborar y compartir sus historias de superaci\u00f3n. Aprovechen esta oportunidad para establecer v\u00ednculos, intercambiar ideas y fortalecer sus redes de apoyo. Tienen todo nuestro respaldo y confianza. Confiamos en su capacidad para superar cualquier obst\u00e1culo y alcanzar el \u00e9xito que se merecen para seguir transformando vidas\u201d, expres\u00f3.<\/p>\n\n\n\n<p>En su intervenci\u00f3n, el secretario de Desarrollo Econ\u00f3mico, Javier Marroqu\u00edn mencion\u00f3 que la gobernadora del estado de Tlaxcala, Lorena Cu\u00e9llar Cisneros, instruy\u00f3 trabajar en equipo para beneficiar a las mujeres emprendedoras, es por ello que la Sedeco ofreci\u00f3 apoyo para registrar marcas con subsidio del 50 por ciento en el mes de julio, as\u00ed como el programa de registro de marca, la obtenci\u00f3n del c\u00f3digo de barras y terminales punto de venta, con el prop\u00f3sito de pasar a la formalidad para acceder a otros beneficios que otorgan tanto el gobierno estatal como el federal.<\/p>\n","protected":false},"excerpt":{"rendered":"<p>*En trabajo coordinado con la Sedeco, las beneficiarias recibieron capacitaci\u00f3n sobre modelo de negocios Para fortalecer el desarrollo de capacidades financieras de las beneficiarias del Programa \u201cMujeres Jefas de Familia\u201d, el Sistema Estatal DIF, en coordinaci\u00f3n con la Secretar\u00eda de Desarrollo Econ\u00f3mico (Sedeco), capacit\u00f3 a 600 mujeres en temas como el modelo de negocios para [&hellip;]<\/p>\n","protected":false},"author":1,"featured_media":109818,"comment_status":"open","ping_status":"open","sticky":false,"template":"","format":"standard","meta":{"footnotes":""},"categories":[21],"tags":[],"class_list":["post-109817","post","type-post","status-publish","format-standard","has-post-thumbnail","hentry","category-estatal"],"blog_post_layout_featured_media_urls":{"thumbnail":["https:\/\/diariolanoticia.com.mx\/wp-content\/uploads\/2023\/06\/WhatsApp-Image-2023-06-08-at-13.09.28-216x160.jpeg",216,160,true],"full":["https:\/\/diariolanoticia.com.mx\/wp-content\/uploads\/2023\/06\/WhatsApp-Image-2023-06-08-at-13.09.28.jpeg",1600,907,false]},"categories_names":{"21":{"name":"Estatal","link":"https:\/\/diariolanoticia.com.mx\/?cat=21"}},"tags_names":[],"comments_number":"0","wpmagazine_modules_lite_featured_media_urls":{"thumbnail":["https:\/\/diariolanoticia.com.mx\/wp-content\/uploads\/2023\/06\/WhatsApp-Image-2023-06-08-at-13.09.28-216x160.jpeg",216,160,true],"cvmm-medium":["https:\/\/diariolanoticia.com.mx\/wp-content\/uploads\/2023\/06\/WhatsApp-Image-2023-06-08-at-13.09.28-300x300.jpeg",300,300,true],"cvmm-medium-plus":["https:\/\/diariolanoticia.com.mx\/wp-content\/uploads\/2023\/06\/WhatsApp-Image-2023-06-08-at-13.09.28-305x207.jpeg",305,207,true],"cvmm-portrait":["https:\/\/diariolanoticia.com.mx\/wp-content\/uploads\/2023\/06\/WhatsApp-Image-2023-06-08-at-13.09.28-400x600.jpeg",400,600,true],"cvmm-medium-square":["https:\/\/diariolanoticia.com.mx\/wp-content\/uploads\/2023\/06\/WhatsApp-Image-2023-06-08-at-13.09.28-600x600.jpeg",600,600,true],"cvmm-large":["https:\/\/diariolanoticia.com.mx\/wp-content\/uploads\/2023\/06\/WhatsApp-Image-2023-06-08-at-13.09.28-1024x907.jpeg",1024,907,true],"cvmm-small":["https:\/\/diariolanoticia.com.mx\/wp-content\/uploads\/2023\/06\/WhatsApp-Image-2023-06-08-at-13.09.28-130x95.jpeg",130,95,true],"full":["https:\/\/diariolanoticia.com.mx\/wp-content\/uploads\/2023\/06\/WhatsApp-Image-2023-06-08-at-13.09.28.jpeg",1600,907,false]},"_links":{"self":[{"href":"https:\/\/diariolanoticia.com.mx\/index.php?rest_route=\/wp\/v2\/posts\/109817","targetHints":{"allow":["GET"]}}],"collection":[{"href":"https:\/\/diariolanoticia.com.mx\/index.php?rest_route=\/wp\/v2\/posts"}],"about":[{"href":"https:\/\/diariolanoticia.com.mx\/index.php?rest_route=\/wp\/v2\/types\/post"}],"author":[{"embeddable":true,"href":"https:\/\/diariolanoticia.com.mx\/index.php?rest_route=\/wp\/v2\/users\/1"}],"replies":[{"embeddable":true,"href":"https:\/\/diariolanoticia.com.mx\/index.php?rest_route=%2Fwp%2Fv2%2Fcomments&post=109817"}],"version-history":[{"count":1,"href":"https:\/\/diariolanoticia.com.mx\/index.php?rest_route=\/wp\/v2\/posts\/109817\/revisions"}],"predecessor-version":[{"id":109819,"href":"https:\/\/diariolanoticia.com.mx\/index.php?rest_route=\/wp\/v2\/posts\/109817\/revisions\/109819"}],"wp:featuredmedia":[{"embeddable":true,"href":"https:\/\/diariolanoticia.com.mx\/index.php?rest_route=\/wp\/v2\/media\/109818"}],"wp:attachment":[{"href":"https:\/\/diariolanoticia.com.mx\/index.php?rest_route=%2Fwp%2Fv2%2Fmedia&parent=109817"}],"wp:term":[{"taxonomy":"category","embeddable":true,"href":"https:\/\/diariolanoticia.com.mx\/index.php?rest_route=%2Fwp%2Fv2%2Fcategories&post=109817"},{"taxonomy":"post_tag","embeddable":true,"href":"https:\/\/diariolanoticia.com.mx\/index.php?rest_route=%2Fwp%2Fv2%2Ftags&post=109817"}],"curies":[{"name":"wp","href":"https:\/\/api.w.org\/{rel}","templated":true}]}}