{"id":109971,"date":"2023-06-09T09:52:06","date_gmt":"2023-06-09T15:52:06","guid":{"rendered":"https:\/\/diariolanoticia.com.mx\/?p=109971"},"modified":"2023-06-13T09:52:27","modified_gmt":"2023-06-13T15:52:27","slug":"deposito-mi-confianza-en-la-gente-para-seguir-salvando-a-huamantla-salvador-santos-cedillo","status":"publish","type":"post","link":"https:\/\/diariolanoticia.com.mx\/?p=109971","title":{"rendered":"DEPOSITO MI CONFIANZA EN LA GENTE PARA SEGUIR SALVANDO A HUAMANTLA: SALVADOR SANTOS CEDILLO"},"content":{"rendered":"\n<p>\u00b7&nbsp;&nbsp;&nbsp;&nbsp;&nbsp;&nbsp;<em>Inician autoridades los trabajos para la remodelaci\u00f3n del parque del Pueblo L\u00e1zaro C\u00e1rdenas.<\/em><\/p>\n\n\n\n<p>Al reconocer que los avances que ha logrado Huamantla han sido gracias al trabajo coordinado entre sociedad y gobierno, el presidente municipal, Salvador Santos Cedillo, dio el banderazo de inicio de obras de la remodelaci\u00f3n del parque del Pueblo L\u00e1zaro C\u00e1rdenas.<\/p>\n\n\n\n<p>Ah\u00ed, el alcalde Santos Cedillo, felicit\u00f3 a los habitantes de esta comunidad por mantener siempre limpia y en buenas condiciones los espacios p\u00fablicos, lo que los convierte en un ejemplo de que las cosas s\u00ed se pueden hacer si trabajan unidos.<\/p>\n\n\n\n<p>\u201cHe de reconocer que siempre es un gusto venir a L\u00e1zaro C\u00e1rdenas, la calidez y empuje de su gente motiva a no detener todo el trabajo que hacemos para que tengan mejores condiciones de vida\u201d, refiri\u00f3.<\/p>\n\n\n\n<p>Por su parte, el presidente de comunidad, Mario Corona Bautista, se\u00f1al\u00f3 que nunca en la historia de L\u00e1zaro C\u00e1rdenas, un Edil hab\u00eda visitado tantas veces la localidad, como ahora lo ha hecho Santos Cedillo; lo que es muestra del inter\u00e9s que tiene por realizar m\u00e1s acciones a favor de su gente.<\/p>\n\n\n\n<p>Finalmente, el presidente municipal de Huamantla, anunci\u00f3 que este parque contar\u00e1 con un kiosco, mobiliario urbano, jardineras, pasto sint\u00e9tico, guarniciones, pintura y vegetaci\u00f3n; que har\u00e1 de este parque uno de los m\u00e1s bonitos de Huamantla.<\/p>\n","protected":false},"excerpt":{"rendered":"<p>\u00b7&nbsp;&nbsp;&nbsp;&nbsp;&nbsp;&nbsp;Inician autoridades los trabajos para la remodelaci\u00f3n del parque del Pueblo L\u00e1zaro C\u00e1rdenas. Al reconocer que los avances que ha logrado Huamantla han sido gracias al trabajo coordinado entre sociedad y gobierno, el presidente municipal, Salvador Santos Cedillo, dio el banderazo de inicio de obras de la remodelaci\u00f3n del parque del Pueblo L\u00e1zaro C\u00e1rdenas. Ah\u00ed, [&hellip;]<\/p>\n","protected":false},"author":1,"featured_media":109972,"comment_status":"open","ping_status":"open","sticky":false,"template":"","format":"standard","meta":{"footnotes":""},"categories":[219],"tags":[],"class_list":["post-109971","post","type-post","status-publish","format-standard","has-post-thumbnail","hentry","category-huamantla"],"blog_post_layout_featured_media_urls":{"thumbnail":["https:\/\/diariolanoticia.com.mx\/wp-content\/uploads\/2023\/06\/090623_Parque3-216x160.jpeg",216,160,true],"full":["https:\/\/diariolanoticia.com.mx\/wp-content\/uploads\/2023\/06\/090623_Parque3.jpeg",1599,1066,false]},"categories_names":{"219":{"name":"Huamantla","link":"https:\/\/diariolanoticia.com.mx\/?cat=219"}},"tags_names":[],"comments_number":"0","wpmagazine_modules_lite_featured_media_urls":{"thumbnail":["https:\/\/diariolanoticia.com.mx\/wp-content\/uploads\/2023\/06\/090623_Parque3-216x160.jpeg",216,160,true],"cvmm-medium":["https:\/\/diariolanoticia.com.mx\/wp-content\/uploads\/2023\/06\/090623_Parque3-300x300.jpeg",300,300,true],"cvmm-medium-plus":["https:\/\/diariolanoticia.com.mx\/wp-content\/uploads\/2023\/06\/090623_Parque3-305x207.jpeg",305,207,true],"cvmm-portrait":["https:\/\/diariolanoticia.com.mx\/wp-content\/uploads\/2023\/06\/090623_Parque3-400x600.jpeg",400,600,true],"cvmm-medium-square":["https:\/\/diariolanoticia.com.mx\/wp-content\/uploads\/2023\/06\/090623_Parque3-600x600.jpeg",600,600,true],"cvmm-large":["https:\/\/diariolanoticia.com.mx\/wp-content\/uploads\/2023\/06\/090623_Parque3-1024x1024.jpeg",1024,1024,true],"cvmm-small":["https:\/\/diariolanoticia.com.mx\/wp-content\/uploads\/2023\/06\/090623_Parque3-130x95.jpeg",130,95,true],"full":["https:\/\/diariolanoticia.com.mx\/wp-content\/uploads\/2023\/06\/090623_Parque3.jpeg",1599,1066,false]},"_links":{"self":[{"href":"https:\/\/diariolanoticia.com.mx\/index.php?rest_route=\/wp\/v2\/posts\/109971","targetHints":{"allow":["GET"]}}],"collection":[{"href":"https:\/\/diariolanoticia.com.mx\/index.php?rest_route=\/wp\/v2\/posts"}],"about":[{"href":"https:\/\/diariolanoticia.com.mx\/index.php?rest_route=\/wp\/v2\/types\/post"}],"author":[{"embeddable":true,"href":"https:\/\/diariolanoticia.com.mx\/index.php?rest_route=\/wp\/v2\/users\/1"}],"replies":[{"embeddable":true,"href":"https:\/\/diariolanoticia.com.mx\/index.php?rest_route=%2Fwp%2Fv2%2Fcomments&post=109971"}],"version-history":[{"count":1,"href":"https:\/\/diariolanoticia.com.mx\/index.php?rest_route=\/wp\/v2\/posts\/109971\/revisions"}],"predecessor-version":[{"id":109973,"href":"https:\/\/diariolanoticia.com.mx\/index.php?rest_route=\/wp\/v2\/posts\/109971\/revisions\/109973"}],"wp:featuredmedia":[{"embeddable":true,"href":"https:\/\/diariolanoticia.com.mx\/index.php?rest_route=\/wp\/v2\/media\/109972"}],"wp:attachment":[{"href":"https:\/\/diariolanoticia.com.mx\/index.php?rest_route=%2Fwp%2Fv2%2Fmedia&parent=109971"}],"wp:term":[{"taxonomy":"category","embeddable":true,"href":"https:\/\/diariolanoticia.com.mx\/index.php?rest_route=%2Fwp%2Fv2%2Fcategories&post=109971"},{"taxonomy":"post_tag","embeddable":true,"href":"https:\/\/diariolanoticia.com.mx\/index.php?rest_route=%2Fwp%2Fv2%2Ftags&post=109971"}],"curies":[{"name":"wp","href":"https:\/\/api.w.org\/{rel}","templated":true}]}}