{"id":110012,"date":"2023-06-14T12:39:59","date_gmt":"2023-06-14T18:39:59","guid":{"rendered":"https:\/\/diariolanoticia.com.mx\/?p=110012"},"modified":"2023-06-15T12:40:12","modified_gmt":"2023-06-15T18:40:12","slug":"incrementa-uatx-colaboracion-con-ayuntamientos-de-la-entidad","status":"publish","type":"post","link":"https:\/\/diariolanoticia.com.mx\/?p=110012","title":{"rendered":"Incrementa UATx colaboraci\u00f3n con ayuntamientos de la entidad"},"content":{"rendered":"\n<p>\u00b7&nbsp;&nbsp;&nbsp;&nbsp;&nbsp;&nbsp;&nbsp;&nbsp;&nbsp;<strong>Para que estudiantes realicen servicio social comunitario y pr\u00e1cticas profesionales<\/strong><\/p>\n\n\n\n<p>El Doctor Seraf\u00edn Ortiz Ortiz, Rector de la Universidad Aut\u00f3noma de Tlaxcala (UATx), sign\u00f3 sendos convenios espec\u00edficos de colaboraci\u00f3n con los ayuntamientos de Apizaco, Calpulalpan, Xiloxoxtla, Tocatl\u00e1n, Ixtacuixtla y Xaltocan, con el objetivo de que los estudiantes de la Facultad de Derecho, Ciencias Pol\u00edticas y Criminolog\u00eda, realicen su servicio social comunitario y pr\u00e1cticas profesionales en dichas instancias, en evento efectuado en la sala de junta de rector\u00eda.<\/p>\n\n\n\n<p>Al hacer uso de la voz, el Rector de la UATx se\u00f1al\u00f3 que, la firma de estos acuerdos, representan la misi\u00f3n de esta alma m\u00e1ter de Tlaxcala, que es proveer de conocimiento y sabidur\u00eda cient\u00edfica a la sociedad en general, adem\u00e1s del inter\u00e9s por establecer v\u00ednculos con las comunas, ya que, esta instituci\u00f3n, tiene una particularidad que no tienen otras del pa\u00eds, pues desde hace 20 a\u00f1os se instaur\u00f3 un cuarto eje denominado Autorrealizaci\u00f3n, mediante el cual los educandos entran en contacto con la comunidad, colocando a su servicio los conocimientos aprendidos en su formaci\u00f3n universitaria.<\/p>\n\n\n\n<p>Refiri\u00f3 que, por lo anterior, en M\u00e9xico somos conocidos como la Universidad de la Autorrealizaci\u00f3n, porque desde este paradigma coadyuvamos para que los individuos se formen con impacto social y creemos que la Universidad s\u00ed&nbsp; transforma a quienes transitan por sus aulas y a su entorno, muestra de ello es que, como resultado de esta acci\u00f3n conjunta, los alumnos verdaderamente entrar\u00e1n en contacto con los integrantes de estas poblaciones para apoyar con su experticia, habilidades, destrezas y actitudes adquiridas bajo el Modelo Humanista Integrador basado en Capacidades (MHIC).<\/p>\n\n\n\n<p>En sus respectivas intervenciones, los alcaldes&nbsp;agradecieron la oportunidad de signar esta alianza estrat\u00e9gica que tiene el prop\u00f3sito de encausar a los estudiantes en actividades que vayan acordes a su perfil profesional y reiteraron que, la educaci\u00f3n, es un pilar fundamental para el crecimiento de las comunidades, de ah\u00ed la importancia de estos convenios para beneficio de la poblaci\u00f3n donde, adem\u00e1s, se observa la suma de voluntades y el respaldo de los universitarios para apoyar a las administraciones municipales con sus educandos.<\/p>\n\n\n\n<p>En su oportunidad, el Maestro Dante Morales Cruz, Director de la Facultad de Derecho, Ciencias Pol\u00edticas y Criminolog\u00eda, precis\u00f3 que, con estos documentos, esta \u00e1rea da cumplimiento a la filosof\u00eda de su modelo educativo, mediante el cual, sus alumnos, tienen la oportunidad de acercarse a las comunidades con una labor que los vincula directamente con las diversas problem\u00e1ticas sociales para proponer alternativas de soluci\u00f3n que redunden en beneficios para la poblaci\u00f3n.<\/p>\n\n\n\n<p>Este evento cont\u00f3, con la presencia de los presidentes municipales:&nbsp;Cirujano Dentistas Edgar Pe\u00f1a N\u00e1jera, de Calpulalpan; ciudadano&nbsp;Francisco Zacapa Rugerio, de Xiloxoxtla; ciudadano Quirino Torres Hern\u00e1ndez, de Tocatl\u00e1n; Licenciado Jes\u00fas Rolando P\u00e9rez Saavedra, de Ixtacuixtla; y el M\u00e9dico Cirujano Jos\u00e9 Luis Hern\u00e1ndez V\u00e1zquez, de Xaltoc\u00e1n, as\u00ed como de la&nbsp;Profesora Mar\u00eda Luisa Marina L\u00f3pez, s\u00edndico y representante del alcalde de Apizaco, Licenciado Pablo Badillo S\u00e1nchez.<\/p>\n\n\n\n<p>De igual forma, del Maestro Mario Gal\u00e1n D\u00edaz, Coordinador General de Servicio Social; del Maestro Mauro S\u00e1nchez Ibarra, Secretario de Rector\u00eda; de la estructura directiva de la Facultad y de los ayuntamientos firmantes.<\/p>\n","protected":false},"excerpt":{"rendered":"<p>\u00b7&nbsp;&nbsp;&nbsp;&nbsp;&nbsp;&nbsp;&nbsp;&nbsp;&nbsp;Para que estudiantes realicen servicio social comunitario y pr\u00e1cticas profesionales El Doctor Seraf\u00edn Ortiz Ortiz, Rector de la Universidad Aut\u00f3noma de Tlaxcala (UATx), sign\u00f3 sendos convenios espec\u00edficos de colaboraci\u00f3n con los ayuntamientos de Apizaco, Calpulalpan, Xiloxoxtla, Tocatl\u00e1n, Ixtacuixtla y Xaltocan, con el objetivo de que los estudiantes de la Facultad de Derecho, Ciencias Pol\u00edticas y [&hellip;]<\/p>\n","protected":false},"author":1,"featured_media":110013,"comment_status":"open","ping_status":"open","sticky":false,"template":"","format":"standard","meta":{"footnotes":""},"categories":[10],"tags":[],"class_list":["post-110012","post","type-post","status-publish","format-standard","has-post-thumbnail","hentry","category-educacion"],"blog_post_layout_featured_media_urls":{"thumbnail":["https:\/\/diariolanoticia.com.mx\/wp-content\/uploads\/2023\/06\/14-Incrementa-UATx-colaboracion-con-ayuntamientos-de-la-entidad-216x160.jpg",216,160,true],"full":["https:\/\/diariolanoticia.com.mx\/wp-content\/uploads\/2023\/06\/14-Incrementa-UATx-colaboracion-con-ayuntamientos-de-la-entidad.jpg",2300,1530,false]},"categories_names":{"10":{"name":"Educaci\u00f3n","link":"https:\/\/diariolanoticia.com.mx\/?cat=10"}},"tags_names":[],"comments_number":"0","wpmagazine_modules_lite_featured_media_urls":{"thumbnail":["https:\/\/diariolanoticia.com.mx\/wp-content\/uploads\/2023\/06\/14-Incrementa-UATx-colaboracion-con-ayuntamientos-de-la-entidad-216x160.jpg",216,160,true],"cvmm-medium":["https:\/\/diariolanoticia.com.mx\/wp-content\/uploads\/2023\/06\/14-Incrementa-UATx-colaboracion-con-ayuntamientos-de-la-entidad-300x300.jpg",300,300,true],"cvmm-medium-plus":["https:\/\/diariolanoticia.com.mx\/wp-content\/uploads\/2023\/06\/14-Incrementa-UATx-colaboracion-con-ayuntamientos-de-la-entidad-305x207.jpg",305,207,true],"cvmm-portrait":["https:\/\/diariolanoticia.com.mx\/wp-content\/uploads\/2023\/06\/14-Incrementa-UATx-colaboracion-con-ayuntamientos-de-la-entidad-400x600.jpg",400,600,true],"cvmm-medium-square":["https:\/\/diariolanoticia.com.mx\/wp-content\/uploads\/2023\/06\/14-Incrementa-UATx-colaboracion-con-ayuntamientos-de-la-entidad-600x600.jpg",600,600,true],"cvmm-large":["https:\/\/diariolanoticia.com.mx\/wp-content\/uploads\/2023\/06\/14-Incrementa-UATx-colaboracion-con-ayuntamientos-de-la-entidad-1024x1024.jpg",1024,1024,true],"cvmm-small":["https:\/\/diariolanoticia.com.mx\/wp-content\/uploads\/2023\/06\/14-Incrementa-UATx-colaboracion-con-ayuntamientos-de-la-entidad-130x95.jpg",130,95,true],"full":["https:\/\/diariolanoticia.com.mx\/wp-content\/uploads\/2023\/06\/14-Incrementa-UATx-colaboracion-con-ayuntamientos-de-la-entidad.jpg",2300,1530,false]},"_links":{"self":[{"href":"https:\/\/diariolanoticia.com.mx\/index.php?rest_route=\/wp\/v2\/posts\/110012","targetHints":{"allow":["GET"]}}],"collection":[{"href":"https:\/\/diariolanoticia.com.mx\/index.php?rest_route=\/wp\/v2\/posts"}],"about":[{"href":"https:\/\/diariolanoticia.com.mx\/index.php?rest_route=\/wp\/v2\/types\/post"}],"author":[{"embeddable":true,"href":"https:\/\/diariolanoticia.com.mx\/index.php?rest_route=\/wp\/v2\/users\/1"}],"replies":[{"embeddable":true,"href":"https:\/\/diariolanoticia.com.mx\/index.php?rest_route=%2Fwp%2Fv2%2Fcomments&post=110012"}],"version-history":[{"count":1,"href":"https:\/\/diariolanoticia.com.mx\/index.php?rest_route=\/wp\/v2\/posts\/110012\/revisions"}],"predecessor-version":[{"id":110014,"href":"https:\/\/diariolanoticia.com.mx\/index.php?rest_route=\/wp\/v2\/posts\/110012\/revisions\/110014"}],"wp:featuredmedia":[{"embeddable":true,"href":"https:\/\/diariolanoticia.com.mx\/index.php?rest_route=\/wp\/v2\/media\/110013"}],"wp:attachment":[{"href":"https:\/\/diariolanoticia.com.mx\/index.php?rest_route=%2Fwp%2Fv2%2Fmedia&parent=110012"}],"wp:term":[{"taxonomy":"category","embeddable":true,"href":"https:\/\/diariolanoticia.com.mx\/index.php?rest_route=%2Fwp%2Fv2%2Fcategories&post=110012"},{"taxonomy":"post_tag","embeddable":true,"href":"https:\/\/diariolanoticia.com.mx\/index.php?rest_route=%2Fwp%2Fv2%2Ftags&post=110012"}],"curies":[{"name":"wp","href":"https:\/\/api.w.org\/{rel}","templated":true}]}}