{"id":110015,"date":"2023-06-14T12:41:52","date_gmt":"2023-06-14T18:41:52","guid":{"rendered":"https:\/\/diariolanoticia.com.mx\/?p=110015"},"modified":"2023-06-15T12:42:03","modified_gmt":"2023-06-15T18:42:03","slug":"recibe-diputada-maribel-leon-declaratoria-del-xii-parlamento-de-las-ninas-y-ninos-de-mexico-2023","status":"publish","type":"post","link":"https:\/\/diariolanoticia.com.mx\/?p=110015","title":{"rendered":"Recibe diputada Maribel Le\u00f3n declaratoria del XII Parlamento de las Ni\u00f1as y Ni\u00f1os de M\u00e9xico 2023"},"content":{"rendered":"\n<p>\u00b7&nbsp;&nbsp;&nbsp;&nbsp;&nbsp;&nbsp;<em>Autoridades Educativas, Electorales, diputadas y diputados locales escucharon las exigencias y propuestas de las legisladoras infantiles que representaron a Tlaxcala a nivel Federal.<\/em><\/p>\n\n\n\n<p>Tlaxcala, Tlax., a 14 de junio de 2023&nbsp;<\/p>\n\n\n\n<p>Este mi\u00e9rcoles, en el Sal\u00f3n Rojo del Palacio Legislativo, la diputada Maribel Le\u00f3n Cruz, presidenta de la Comisi\u00f3n Permanente, recibi\u00f3 a las ni\u00f1as que representaron a Tlaxcala en la m\u00e1xima tribuna del pa\u00eds, como legisladoras infantiles, quienes le hicieron entrega de la declaratoria producto de este encuentro democr\u00e1tico de las infancias mexicanas.&nbsp;<\/p>\n\n\n\n<p>Las participantes del \u00abD\u00e9cimo Segundo Parlamento de las Ni\u00f1as y los Ni\u00f1os de M\u00e9xico\u00bb2023, F\u00e1tima Gisel L\u00f3pez S\u00e1nchez, Camila Aleli Copualcua Netzahual y Francis Arlet Hern\u00e1ndez \u00d1anco, expusieron ante las autoridades electorales locales, autoridades educativas y las diputadas locales, los acuerdos comprendidos en la Declaratoria de este encuentro.&nbsp;<\/p>\n\n\n\n<p>Cabe recalcar que esta declaratoria, contiene los problemas a los que se enfrentan las infancias, al igual que propuestas y compromisos que se gestaron durante este ejercicio democr\u00e1tico para garantizar una mejor calidad de vida de las ni\u00f1as y los ni\u00f1os mexicano, como la comunicaci\u00f3n digital de las infancias, la paridad de g\u00e9nero en las escuelas, el maltrato infantil, estrategias para erradicar la violencia, el cuidado del medio ambiente, el acoso escolar, la no discriminaci\u00f3n, entre otros.&nbsp;<\/p>\n\n\n\n<p>Durante este acto la presidenta de la Comisi\u00f3n Permanente Maribel Le\u00f3n Cruz, destac\u00f3 la importancia de dar voz a las infancias tlaxcaltecas y reconoci\u00f3 el valor y compromiso de las tres representantes del Estado ante la C\u00e1mara de Diputados Federal.&nbsp;<\/p>\n\n\n\n<p>\u00abValoramos verdaderamente esas ganas que ustedes transmiten y que nosotros escucharemos para contribuir a un mejor Tlaxcala, el compromiso de esta LXIV Legislatura es la creaci\u00f3n de una agenda legislativa que permita a las ni\u00f1as y a los ni\u00f1os del estado mejorar su entorno, propiciando un ambiente sano de desarrollo integral y pleno\u00bb puntualiz\u00f3 Le\u00f3n Cruz, quien adem\u00e1s dijo sentirse muy orgullosa de las ni\u00f1as legisladoras.<\/p>\n\n\n\n<p>Tambi\u00e9n estuvieron presentes las diputadas, Mar\u00eda Guillermina Loaiza Cortero, Laura Alejandra Ram\u00edrez Ortiz y el diputado Vicente Morales P\u00e9rez, integrantes de la LXIV Legislatura.<\/p>\n\n\n\n<p>Por su parte la legisladora Laura Alejandra Ram\u00edrez Ortiz, presidenta de la Comisi\u00f3n de Educaci\u00f3n, Cultura, Ciencia y Tecnolog\u00eda, reconoci\u00f3 que estas din\u00e1micas de participaci\u00f3n contribuyen a que las y los legisladores escuchen a las infancias y garantizar que no solamente su voz quede disuelta en un p\u00fablico, si no, que se trabaje y se realicen iniciativas para que sea de observancia general y a trav\u00e9s de la legislaci\u00f3n se les asegure un mejor futuro a las ni\u00f1as y los ni\u00f1os tlaxcaltecas.<\/p>\n\n\n\n<p>En este evento se cont\u00f3 con la asistencia de la presidenta Honor\u00edfica del Sistema Estatal para el Desarrollo Integral de la Familia (SEDIF), Mariana Espinoza De los Monteros Cu\u00e9llar; el secretario de Educaci\u00f3n P\u00fablica, Homero Meneses Hern\u00e1ndez; la presidenta de la Comisi\u00f3n Estatal de Derechos Humanos (CEDH), Jakqueline Ordo\u00f1ez Brasdefer; la titular de la Unidad de Protecci\u00f3n de los Derechos de las Ni\u00f1as, Ni\u00f1os y Adolescentes del Poder Judicial, Patricia L\u00f3pez Aldave; el Vocal Ejecutivo de la Junta Local del Instituto Nacional Electoral (INE), Jes\u00fas Lule Ortega.<\/p>\n\n\n\n<p>Tambi\u00e9n asisti\u00f3 el director de Transformaci\u00f3n Educativa, Sergio Enrique Res\u00e9ndiz Flores; el vocal de Capacitaci\u00f3n Electoral y Educaci\u00f3n C\u00edvica, Miguel \u00c1ngel Pacheco L\u00f3pez; el Consejero Electoral del ITE, Hermenegildo Neria Carre\u00f1o y la coordinadora territorial para el Servicio Educativo del CONAFE, Roc\u00edo Reyes S\u00e1nchez.&nbsp;<\/p>\n\n\n\n<p>De esta manera el Congreso local, reafirma su compromiso para escuchar las exigencias, demandas y propuestas de las infancias tlaxcaltecas, y sobre todo atenderlas.&nbsp;<\/p>\n","protected":false},"excerpt":{"rendered":"<p>\u00b7&nbsp;&nbsp;&nbsp;&nbsp;&nbsp;&nbsp;Autoridades Educativas, Electorales, diputadas y diputados locales escucharon las exigencias y propuestas de las legisladoras infantiles que representaron a Tlaxcala a nivel Federal. Tlaxcala, Tlax., a 14 de junio de 2023&nbsp; Este mi\u00e9rcoles, en el Sal\u00f3n Rojo del Palacio Legislativo, la diputada Maribel Le\u00f3n Cruz, presidenta de la Comisi\u00f3n Permanente, recibi\u00f3 a las ni\u00f1as que [&hellip;]<\/p>\n","protected":false},"author":1,"featured_media":110016,"comment_status":"open","ping_status":"open","sticky":false,"template":"","format":"standard","meta":{"footnotes":""},"categories":[22],"tags":[],"class_list":["post-110015","post","type-post","status-publish","format-standard","has-post-thumbnail","hentry","category-congreso"],"blog_post_layout_featured_media_urls":{"thumbnail":["https:\/\/diariolanoticia.com.mx\/wp-content\/uploads\/2023\/06\/Unknown-1-1-216x160.jpeg",216,160,true],"full":["https:\/\/diariolanoticia.com.mx\/wp-content\/uploads\/2023\/06\/Unknown-1-1.jpeg",1280,856,false]},"categories_names":{"22":{"name":"Congreso","link":"https:\/\/diariolanoticia.com.mx\/?cat=22"}},"tags_names":[],"comments_number":"0","wpmagazine_modules_lite_featured_media_urls":{"thumbnail":["https:\/\/diariolanoticia.com.mx\/wp-content\/uploads\/2023\/06\/Unknown-1-1-216x160.jpeg",216,160,true],"cvmm-medium":["https:\/\/diariolanoticia.com.mx\/wp-content\/uploads\/2023\/06\/Unknown-1-1-300x300.jpeg",300,300,true],"cvmm-medium-plus":["https:\/\/diariolanoticia.com.mx\/wp-content\/uploads\/2023\/06\/Unknown-1-1-305x207.jpeg",305,207,true],"cvmm-portrait":["https:\/\/diariolanoticia.com.mx\/wp-content\/uploads\/2023\/06\/Unknown-1-1-400x600.jpeg",400,600,true],"cvmm-medium-square":["https:\/\/diariolanoticia.com.mx\/wp-content\/uploads\/2023\/06\/Unknown-1-1-600x600.jpeg",600,600,true],"cvmm-large":["https:\/\/diariolanoticia.com.mx\/wp-content\/uploads\/2023\/06\/Unknown-1-1-1024x856.jpeg",1024,856,true],"cvmm-small":["https:\/\/diariolanoticia.com.mx\/wp-content\/uploads\/2023\/06\/Unknown-1-1-130x95.jpeg",130,95,true],"full":["https:\/\/diariolanoticia.com.mx\/wp-content\/uploads\/2023\/06\/Unknown-1-1.jpeg",1280,856,false]},"_links":{"self":[{"href":"https:\/\/diariolanoticia.com.mx\/index.php?rest_route=\/wp\/v2\/posts\/110015","targetHints":{"allow":["GET"]}}],"collection":[{"href":"https:\/\/diariolanoticia.com.mx\/index.php?rest_route=\/wp\/v2\/posts"}],"about":[{"href":"https:\/\/diariolanoticia.com.mx\/index.php?rest_route=\/wp\/v2\/types\/post"}],"author":[{"embeddable":true,"href":"https:\/\/diariolanoticia.com.mx\/index.php?rest_route=\/wp\/v2\/users\/1"}],"replies":[{"embeddable":true,"href":"https:\/\/diariolanoticia.com.mx\/index.php?rest_route=%2Fwp%2Fv2%2Fcomments&post=110015"}],"version-history":[{"count":1,"href":"https:\/\/diariolanoticia.com.mx\/index.php?rest_route=\/wp\/v2\/posts\/110015\/revisions"}],"predecessor-version":[{"id":110017,"href":"https:\/\/diariolanoticia.com.mx\/index.php?rest_route=\/wp\/v2\/posts\/110015\/revisions\/110017"}],"wp:featuredmedia":[{"embeddable":true,"href":"https:\/\/diariolanoticia.com.mx\/index.php?rest_route=\/wp\/v2\/media\/110016"}],"wp:attachment":[{"href":"https:\/\/diariolanoticia.com.mx\/index.php?rest_route=%2Fwp%2Fv2%2Fmedia&parent=110015"}],"wp:term":[{"taxonomy":"category","embeddable":true,"href":"https:\/\/diariolanoticia.com.mx\/index.php?rest_route=%2Fwp%2Fv2%2Fcategories&post=110015"},{"taxonomy":"post_tag","embeddable":true,"href":"https:\/\/diariolanoticia.com.mx\/index.php?rest_route=%2Fwp%2Fv2%2Ftags&post=110015"}],"curies":[{"name":"wp","href":"https:\/\/api.w.org\/{rel}","templated":true}]}}