{"id":110224,"date":"2023-06-20T17:18:13","date_gmt":"2023-06-20T23:18:13","guid":{"rendered":"https:\/\/diariolanoticia.com.mx\/?p=110224"},"modified":"2023-06-20T17:18:14","modified_gmt":"2023-06-20T23:18:14","slug":"registra-uatx-alta-demanda-de-ingreso-para-el-ciclo-otono-2023","status":"publish","type":"post","link":"https:\/\/diariolanoticia.com.mx\/?p=110224","title":{"rendered":"Registra UATx alta demanda de ingreso para el Ciclo Oto\u00f1o 2023"},"content":{"rendered":"\n<p>\u00b7&nbsp;&nbsp;&nbsp;&nbsp;&nbsp;&nbsp;&nbsp;&nbsp;&nbsp;<strong>El viernes aplicar\u00e1 CENEVAL el examen de admisi\u00f3n, \u00fanica v\u00eda de acceso<\/strong><\/p>\n\n\n\n<p>\u00abLa presente administraci\u00f3n le apuesta al proceso de democratizaci\u00f3n del ingreso a la Universidad, esto quiere decir que buscar\u00e1 otorgar m\u00e1s espacios para todos aquellos que desean realizar una carrera profesional, por eso, quienes ya tienen su ficha, deben presentar el examen de admisi\u00f3n, programado para el pr\u00f3ximo viernes, el cual ser\u00e1 aplicado y calificado por el Centro Nacional para la Evaluaci\u00f3n de la Educaci\u00f3n Superior (CENEVAL), organismo que nos indicar\u00e1 los resultados con base a la capacidad y talento de los aspirantes\u00bb, asegur\u00f3 el Doctor Seraf\u00edn Ortiz Ortiz, Rector de la Universidad Aut\u00f3noma de Tlaxcala (UATx).<\/p>\n\n\n\n<p>En entrevista para Radio Universidad, el Rector subray\u00f3 que, la instituci\u00f3n ha buscado siempre atender las problem\u00e1ticas de la sociedad, por ello, en esta ocasi\u00f3n, el objetivo radica en que la matr\u00edcula, que a la fecha asciende a m\u00e1s de 15 mil estudiantes, se incremente considerablemente, ofreciendo en total 45 programas educativos, incluidos los de reciente apertura, como son: Dise\u00f1o Gr\u00e1fico, Fisioterapia, Econom\u00eda y Finanzas, as\u00ed como Gerontolog\u00eda Social, adem\u00e1s de que, en la presente convocatoria, la carrera de Naturopat\u00eda tambi\u00e9n se impartir\u00e1 en el campus de Tlaxco.<\/p>\n\n\n\n<p>Se\u00f1al\u00f3 que, el pr\u00f3ximo 23 de junio, se examinar\u00e1n alrededor de 7 mil 319 aspirantes, una cifra inusitada, que nos da una gran satisfacci\u00f3n porque demuestra el inter\u00e9s y la confianza que los padres de familia tienen en esta Casa de Estudios como un espacio adecuado para la formaci\u00f3n de los j\u00f3venes, porque priva en ella el orden y la disciplina, adem\u00e1s de que para este Ciclo Oto\u00f1o 2023, se ejecutar\u00e1 la revitalizaci\u00f3n del Modelo Humanista Integrador basado en Capacidades (MHIC), el cual privilegia al humanismo contempor\u00e1neo que coloca al centro a la dignidad humana y los derechos humanos como tel\u00f3n de fondo.<\/p>\n\n\n\n<p>M\u00e1s adelante, el Doctor Seraf\u00edn Ortiz recomend\u00f3 a los aspirantes y padres de familia a no dejarse sorprender por supuestos gestores que promueven el ingreso a cualquiera de las licenciaturas, ya que, la \u00fanica posibilidad y v\u00eda de ingreso, es aprobar el examen que aplicar\u00e1 el CENEVAL, as\u00ed como la capacidad y el esfuerzo de los sustentantes.<\/p>\n\n\n\n<p>En este contexto, exhort\u00f3 a quienes presentar\u00e1n dicha evaluaci\u00f3n en las carreras que presentan sobresaturaci\u00f3n de solicitudes, a considerar la segunda opci\u00f3n que marcaron durante su proceso de registro en el Sistema de Orientaci\u00f3n Vocacional (SOV), como una posibilidad de ver materializado su proyecto de realizar una profesi\u00f3n en la Aut\u00f3noma de Tlaxcala.<\/p>\n","protected":false},"excerpt":{"rendered":"<p>\u00b7&nbsp;&nbsp;&nbsp;&nbsp;&nbsp;&nbsp;&nbsp;&nbsp;&nbsp;El viernes aplicar\u00e1 CENEVAL el examen de admisi\u00f3n, \u00fanica v\u00eda de acceso \u00abLa presente administraci\u00f3n le apuesta al proceso de democratizaci\u00f3n del ingreso a la Universidad, esto quiere decir que buscar\u00e1 otorgar m\u00e1s espacios para todos aquellos que desean realizar una carrera profesional, por eso, quienes ya tienen su ficha, deben presentar el examen de [&hellip;]<\/p>\n","protected":false},"author":1,"featured_media":110225,"comment_status":"open","ping_status":"open","sticky":false,"template":"","format":"standard","meta":{"footnotes":""},"categories":[10],"tags":[],"class_list":["post-110224","post","type-post","status-publish","format-standard","has-post-thumbnail","hentry","category-educacion"],"blog_post_layout_featured_media_urls":{"thumbnail":["https:\/\/diariolanoticia.com.mx\/wp-content\/uploads\/2023\/06\/20-Registra-UATx-alta-demanda-de-ingreso-para-el-Ciclo-Otono-2023-216x160.jpg",216,160,true],"full":["https:\/\/diariolanoticia.com.mx\/wp-content\/uploads\/2023\/06\/20-Registra-UATx-alta-demanda-de-ingreso-para-el-Ciclo-Otono-2023.jpg",2300,1540,false]},"categories_names":{"10":{"name":"Educaci\u00f3n","link":"https:\/\/diariolanoticia.com.mx\/?cat=10"}},"tags_names":[],"comments_number":"0","wpmagazine_modules_lite_featured_media_urls":{"thumbnail":["https:\/\/diariolanoticia.com.mx\/wp-content\/uploads\/2023\/06\/20-Registra-UATx-alta-demanda-de-ingreso-para-el-Ciclo-Otono-2023-216x160.jpg",216,160,true],"cvmm-medium":["https:\/\/diariolanoticia.com.mx\/wp-content\/uploads\/2023\/06\/20-Registra-UATx-alta-demanda-de-ingreso-para-el-Ciclo-Otono-2023-300x300.jpg",300,300,true],"cvmm-medium-plus":["https:\/\/diariolanoticia.com.mx\/wp-content\/uploads\/2023\/06\/20-Registra-UATx-alta-demanda-de-ingreso-para-el-Ciclo-Otono-2023-305x207.jpg",305,207,true],"cvmm-portrait":["https:\/\/diariolanoticia.com.mx\/wp-content\/uploads\/2023\/06\/20-Registra-UATx-alta-demanda-de-ingreso-para-el-Ciclo-Otono-2023-400x600.jpg",400,600,true],"cvmm-medium-square":["https:\/\/diariolanoticia.com.mx\/wp-content\/uploads\/2023\/06\/20-Registra-UATx-alta-demanda-de-ingreso-para-el-Ciclo-Otono-2023-600x600.jpg",600,600,true],"cvmm-large":["https:\/\/diariolanoticia.com.mx\/wp-content\/uploads\/2023\/06\/20-Registra-UATx-alta-demanda-de-ingreso-para-el-Ciclo-Otono-2023-1024x1024.jpg",1024,1024,true],"cvmm-small":["https:\/\/diariolanoticia.com.mx\/wp-content\/uploads\/2023\/06\/20-Registra-UATx-alta-demanda-de-ingreso-para-el-Ciclo-Otono-2023-130x95.jpg",130,95,true],"full":["https:\/\/diariolanoticia.com.mx\/wp-content\/uploads\/2023\/06\/20-Registra-UATx-alta-demanda-de-ingreso-para-el-Ciclo-Otono-2023.jpg",2300,1540,false]},"_links":{"self":[{"href":"https:\/\/diariolanoticia.com.mx\/index.php?rest_route=\/wp\/v2\/posts\/110224","targetHints":{"allow":["GET"]}}],"collection":[{"href":"https:\/\/diariolanoticia.com.mx\/index.php?rest_route=\/wp\/v2\/posts"}],"about":[{"href":"https:\/\/diariolanoticia.com.mx\/index.php?rest_route=\/wp\/v2\/types\/post"}],"author":[{"embeddable":true,"href":"https:\/\/diariolanoticia.com.mx\/index.php?rest_route=\/wp\/v2\/users\/1"}],"replies":[{"embeddable":true,"href":"https:\/\/diariolanoticia.com.mx\/index.php?rest_route=%2Fwp%2Fv2%2Fcomments&post=110224"}],"version-history":[{"count":1,"href":"https:\/\/diariolanoticia.com.mx\/index.php?rest_route=\/wp\/v2\/posts\/110224\/revisions"}],"predecessor-version":[{"id":110226,"href":"https:\/\/diariolanoticia.com.mx\/index.php?rest_route=\/wp\/v2\/posts\/110224\/revisions\/110226"}],"wp:featuredmedia":[{"embeddable":true,"href":"https:\/\/diariolanoticia.com.mx\/index.php?rest_route=\/wp\/v2\/media\/110225"}],"wp:attachment":[{"href":"https:\/\/diariolanoticia.com.mx\/index.php?rest_route=%2Fwp%2Fv2%2Fmedia&parent=110224"}],"wp:term":[{"taxonomy":"category","embeddable":true,"href":"https:\/\/diariolanoticia.com.mx\/index.php?rest_route=%2Fwp%2Fv2%2Fcategories&post=110224"},{"taxonomy":"post_tag","embeddable":true,"href":"https:\/\/diariolanoticia.com.mx\/index.php?rest_route=%2Fwp%2Fv2%2Ftags&post=110224"}],"curies":[{"name":"wp","href":"https:\/\/api.w.org\/{rel}","templated":true}]}}