{"id":110275,"date":"2023-06-22T16:59:16","date_gmt":"2023-06-22T22:59:16","guid":{"rendered":"https:\/\/diariolanoticia.com.mx\/?p=110275"},"modified":"2023-06-23T16:59:25","modified_gmt":"2023-06-23T22:59:25","slug":"culminan-estudios-en-la-facultad-de-agrobiologia-de-la-uatx","status":"publish","type":"post","link":"https:\/\/diariolanoticia.com.mx\/?p=110275","title":{"rendered":"Culminan estudios en la Facultad de Agrobiolog\u00eda de la UATx"},"content":{"rendered":"\n<p>\u00abLa universidad s\u00ed transforma; transforma a los individuos que han pasado por nuestras aulas, para ejercer de manera competente sus actividades profesionales en su entorno\u00bb, puntualiz\u00f3 el Doctor Seraf\u00edn Ortiz Ortiz, Rector de la Universidad Aut\u00f3noma de Tlaxcala (UATx), al presidir la ceremonia de graduaci\u00f3n de 129 estudiantes de la Facultad de Agrobiolog\u00eda, pertenecientes a las licenciaturas en Biolog\u00eda, Medicina Veterinaria y Zootecnia, Ciencias Ambientales y Naturopat\u00eda, as\u00ed como de la Maestr\u00eda en Etolog\u00eda Veterinaria, celebrada en el Centro Cultural Universitario (CCU).<\/p>\n\n\n\n<p>Agreg\u00f3 que, en este acto, la instituci\u00f3n entrega a hombres y mujeres que coadyuvar\u00e1n en el impacto de las ciencias y a mejorar las condiciones de vida de la sociedad, por lo que felicit\u00f3 a quienes han contribuido a su formaci\u00f3n a trav\u00e9s de la autorrealizaci\u00f3n, que significa la consecuci\u00f3n de objetivos y prop\u00f3sitos con esfuerzos propios en solidaridad con su contexto, siendo un logro compartido con los padres de familia quienes los han apoyado en su preparaci\u00f3n acad\u00e9mica.<\/p>\n\n\n\n<p>Finaliz\u00f3 diciendo que, en 46 a\u00f1os, la Aut\u00f3noma de Tlaxcala han egresado aproximadamente a m\u00e1s de 150 mil educandos, convirti\u00e9ndose en una estructura y un estamento social que va empujando un proceso de culturizaci\u00f3n global.<\/p>\n\n\n\n<p>Por su parte, el Doctor Hip\u00f3lito Mu\u00f1oz Nava, Director de Facultad, subray\u00f3 que, las y los egresados, llevan el sello indeleble de la autorrealizaci\u00f3n, ciudadanas y ciudadanos con valores del Homo Universitatis: anal\u00edticos, comprensivos, predictivos, innovadores, propositivos, coexistentes, democr\u00e1ticos, solidarios, inclusivos y universales, sustentados en el Modelo Humanista Integrador basado en Capacidades (MHIC).<\/p>\n\n\n\n<p>En representaci\u00f3n de sus compa\u00f1eros, Mixtzin Ketzallelnamik P\u00e9rez S\u00e1nchez, pidi\u00f3 a los graduandos enfrentar con responsabilidad los desaf\u00edos que se presenten, ya que el mundo cambia constantemente y est\u00e1 en sus manos generar un impacto positivo en las comunidades a las que pertenecen, ya que tienen la oportunidad de marcar la diferencia, de ser agentes de transformaci\u00f3n y de construir un futuro mejor a trav\u00e9s de sus propuestas profesionales.<\/p>\n\n\n\n<p>En este acto protocolario, se entregaron sendos reconocimientos a los mejores promedios de la generaci\u00f3n: Jocelyn Baizabal Cruz y Abigail L\u00f3pez Hern\u00e1ndez, de Medicina Veterinaria y Zootecnia; Sof\u00eda Denisse Meza Pe\u00f1a, de Ciencias Ambientales; Salma Flores Romero, de Naturopat\u00eda; Mixtzin Ketzallelnamik P\u00e9rez S\u00e1nchez, de Biolog\u00eda; y Enrique Quiroz Uhart, de la Maestr\u00eda en Etolog\u00eda Veterinaria.<\/p>\n\n\n\n<p>Este evento, cont\u00f3 con la presencia de la Doctora Margarita Mart\u00ednez G\u00f3mez, Secretaria Acad\u00e9mica; la Maestra Diana Selene \u00c1vila Casco, Secretaria de Extensi\u00f3n Universitaria y Difusi\u00f3n Cultural; la Licenciada Elvia Hern\u00e1ndez Escalona, Secretaria Administrativa; el Maestro Roberto Carlos Cruz Becerril, Secretario T\u00e9cnico; el Doctor Juan George Zecua, Secretario de Autorrealizaci\u00f3n; el Doctor Jos\u00e9 Reyes Luna Ruiz, Coordinador de la Divisi\u00f3n de Ciencias Biol\u00f3gica; de la estructura directiva de la Facultad; as\u00ed como acad\u00e9micos y familiares de los egresados.&nbsp;<\/p>\n","protected":false},"excerpt":{"rendered":"<p>\u00abLa universidad s\u00ed transforma; transforma a los individuos que han pasado por nuestras aulas, para ejercer de manera competente sus actividades profesionales en su entorno\u00bb, puntualiz\u00f3 el Doctor Seraf\u00edn Ortiz Ortiz, Rector de la Universidad Aut\u00f3noma de Tlaxcala (UATx), al presidir la ceremonia de graduaci\u00f3n de 129 estudiantes de la Facultad de Agrobiolog\u00eda, pertenecientes a [&hellip;]<\/p>\n","protected":false},"author":1,"featured_media":110276,"comment_status":"open","ping_status":"open","sticky":false,"template":"","format":"standard","meta":{"footnotes":""},"categories":[10],"tags":[],"class_list":["post-110275","post","type-post","status-publish","format-standard","has-post-thumbnail","hentry","category-educacion"],"blog_post_layout_featured_media_urls":{"thumbnail":["https:\/\/diariolanoticia.com.mx\/wp-content\/uploads\/2023\/06\/22-C-Culminan-estudios-en-la-Facultad-de-Agrobiologia-de-la-UATx-216x160.jpg",216,160,true],"full":["https:\/\/diariolanoticia.com.mx\/wp-content\/uploads\/2023\/06\/22-C-Culminan-estudios-en-la-Facultad-de-Agrobiologia-de-la-UATx.jpg",2300,1508,false]},"categories_names":{"10":{"name":"Educaci\u00f3n","link":"https:\/\/diariolanoticia.com.mx\/?cat=10"}},"tags_names":[],"comments_number":"0","wpmagazine_modules_lite_featured_media_urls":{"thumbnail":["https:\/\/diariolanoticia.com.mx\/wp-content\/uploads\/2023\/06\/22-C-Culminan-estudios-en-la-Facultad-de-Agrobiologia-de-la-UATx-216x160.jpg",216,160,true],"cvmm-medium":["https:\/\/diariolanoticia.com.mx\/wp-content\/uploads\/2023\/06\/22-C-Culminan-estudios-en-la-Facultad-de-Agrobiologia-de-la-UATx-300x300.jpg",300,300,true],"cvmm-medium-plus":["https:\/\/diariolanoticia.com.mx\/wp-content\/uploads\/2023\/06\/22-C-Culminan-estudios-en-la-Facultad-de-Agrobiologia-de-la-UATx-305x207.jpg",305,207,true],"cvmm-portrait":["https:\/\/diariolanoticia.com.mx\/wp-content\/uploads\/2023\/06\/22-C-Culminan-estudios-en-la-Facultad-de-Agrobiologia-de-la-UATx-400x600.jpg",400,600,true],"cvmm-medium-square":["https:\/\/diariolanoticia.com.mx\/wp-content\/uploads\/2023\/06\/22-C-Culminan-estudios-en-la-Facultad-de-Agrobiologia-de-la-UATx-600x600.jpg",600,600,true],"cvmm-large":["https:\/\/diariolanoticia.com.mx\/wp-content\/uploads\/2023\/06\/22-C-Culminan-estudios-en-la-Facultad-de-Agrobiologia-de-la-UATx-1024x1024.jpg",1024,1024,true],"cvmm-small":["https:\/\/diariolanoticia.com.mx\/wp-content\/uploads\/2023\/06\/22-C-Culminan-estudios-en-la-Facultad-de-Agrobiologia-de-la-UATx-130x95.jpg",130,95,true],"full":["https:\/\/diariolanoticia.com.mx\/wp-content\/uploads\/2023\/06\/22-C-Culminan-estudios-en-la-Facultad-de-Agrobiologia-de-la-UATx.jpg",2300,1508,false]},"_links":{"self":[{"href":"https:\/\/diariolanoticia.com.mx\/index.php?rest_route=\/wp\/v2\/posts\/110275","targetHints":{"allow":["GET"]}}],"collection":[{"href":"https:\/\/diariolanoticia.com.mx\/index.php?rest_route=\/wp\/v2\/posts"}],"about":[{"href":"https:\/\/diariolanoticia.com.mx\/index.php?rest_route=\/wp\/v2\/types\/post"}],"author":[{"embeddable":true,"href":"https:\/\/diariolanoticia.com.mx\/index.php?rest_route=\/wp\/v2\/users\/1"}],"replies":[{"embeddable":true,"href":"https:\/\/diariolanoticia.com.mx\/index.php?rest_route=%2Fwp%2Fv2%2Fcomments&post=110275"}],"version-history":[{"count":1,"href":"https:\/\/diariolanoticia.com.mx\/index.php?rest_route=\/wp\/v2\/posts\/110275\/revisions"}],"predecessor-version":[{"id":110277,"href":"https:\/\/diariolanoticia.com.mx\/index.php?rest_route=\/wp\/v2\/posts\/110275\/revisions\/110277"}],"wp:featuredmedia":[{"embeddable":true,"href":"https:\/\/diariolanoticia.com.mx\/index.php?rest_route=\/wp\/v2\/media\/110276"}],"wp:attachment":[{"href":"https:\/\/diariolanoticia.com.mx\/index.php?rest_route=%2Fwp%2Fv2%2Fmedia&parent=110275"}],"wp:term":[{"taxonomy":"category","embeddable":true,"href":"https:\/\/diariolanoticia.com.mx\/index.php?rest_route=%2Fwp%2Fv2%2Fcategories&post=110275"},{"taxonomy":"post_tag","embeddable":true,"href":"https:\/\/diariolanoticia.com.mx\/index.php?rest_route=%2Fwp%2Fv2%2Ftags&post=110275"}],"curies":[{"name":"wp","href":"https:\/\/api.w.org\/{rel}","templated":true}]}}