{"id":110745,"date":"2023-07-05T14:33:08","date_gmt":"2023-07-05T20:33:08","guid":{"rendered":"https:\/\/diariolanoticia.com.mx\/?p=110745"},"modified":"2023-07-05T14:33:07","modified_gmt":"2023-07-05T20:33:07","slug":"sergio-salomon-entrega-patrullas-y-armamento-a-ayuntamientos","status":"publish","type":"post","link":"https:\/\/diariolanoticia.com.mx\/?p=110745","title":{"rendered":"Sergio Salom\u00f3n entrega patrullas y armamento a Ayuntamientos"},"content":{"rendered":"\n<figure class=\"wp-block-gallery has-nested-images columns-default is-cropped wp-block-gallery-1 is-layout-flex wp-block-gallery-is-layout-flex\">\n<figure class=\"wp-block-image\"><img loading=\"lazy\" decoding=\"async\" width=\"1024\" height=\"683\" data-id=\"110743\" src=\"https:\/\/diariolanoticia.com.mx\/wp-content\/uploads\/2023\/07\/img_3259-1024x683.jpg\" alt=\"\" class=\"wp-image-110743\" srcset=\"https:\/\/diariolanoticia.com.mx\/wp-content\/uploads\/2023\/07\/img_3259-1024x683.jpg 1024w, https:\/\/diariolanoticia.com.mx\/wp-content\/uploads\/2023\/07\/img_3259-300x200.jpg 300w, https:\/\/diariolanoticia.com.mx\/wp-content\/uploads\/2023\/07\/img_3259-768x512.jpg 768w, https:\/\/diariolanoticia.com.mx\/wp-content\/uploads\/2023\/07\/img_3259.jpg 1500w\" sizes=\"auto, (max-width: 1024px) 100vw, 1024px\" \/><\/figure>\n\n\n\n<figure class=\"wp-block-image\"><img loading=\"lazy\" decoding=\"async\" width=\"1024\" height=\"682\" data-id=\"110744\" src=\"https:\/\/diariolanoticia.com.mx\/wp-content\/uploads\/2023\/07\/img_3256-1024x682.jpg\" alt=\"\" class=\"wp-image-110744\" srcset=\"https:\/\/diariolanoticia.com.mx\/wp-content\/uploads\/2023\/07\/img_3256-1024x682.jpg 1024w, https:\/\/diariolanoticia.com.mx\/wp-content\/uploads\/2023\/07\/img_3256-300x200.jpg 300w, https:\/\/diariolanoticia.com.mx\/wp-content\/uploads\/2023\/07\/img_3256-768x512.jpg 768w, https:\/\/diariolanoticia.com.mx\/wp-content\/uploads\/2023\/07\/img_3256.jpg 1280w\" sizes=\"auto, (max-width: 1024px) 100vw, 1024px\" \/><\/figure>\n<\/figure>\n\n\n\n<p>-El gobernador inici\u00f3 la jornada estatal \u201cFortalecimiento municipal en seguridad p\u00fablica con armamento en comodato\u201d<\/p>\n\n\n\n<p>-Ofrecer seguridad exige coordinaci\u00f3n entre todos los \u00f3rdenes de gobierno, estricta aplicaci\u00f3n de la ley y elementos de seguridad profesionales, se\u00f1al\u00f3<\/p>\n\n\n\n<p>\u201cDesde que asum\u00ed la honrosa responsabilidad de presidir este gobierno acept\u00e9 el reto de prevenir y combatir con mano firme y sin titubeo todo acto delictivo\u201d, sostuvo<\/p>\n\n\n\n<p>CIUDAD DE PUEBLA, Pue.- El Gobierno del Estado est\u00e1 decidido y comprometido a seguir velando por la seguridad de las familias de Puebla, subray\u00f3 el titular del Ejecutivo, Sergio Salom\u00f3n al iniciar la jornada estatal \u201cFortalecimiento Municipal en Seguridad P\u00fablica con Armamento en Comodato\u201d, mediante la cual ser\u00e1n entregadas mil 100 armas a diferentes ayuntamientos.<\/p>\n\n\n\n<p>El gobernador tambi\u00e9n distribuy\u00f3 906 chalecos bal\u00edsticos a 166 municipios, constancias a 22 elementos que concluyeron el curso b\u00e1sico inicial en Protecci\u00f3n Ciudadana con valor de 120 horas, seis reconocimientos a elementos de la Polic\u00eda de Protecci\u00f3n Ciudadana por acciones destacadas en servicio de Puebla, 3 mil uniformes y cinco patrullas a la misma corporaci\u00f3n auxiliar.<\/p>\n\n\n\n<p>En este marco, refiri\u00f3 que ofrecer seguridad exige una coordinaci\u00f3n entre todos los \u00f3rdenes de gobierno y una estricta aplicaci\u00f3n de la ley, as\u00ed como elementos de seguridad profesionales, eficaces, honestos y confiables, que adem\u00e1s est\u00e9n equipados para actuar de manera correcta ante cualquier eventualidad.<\/p>\n\n\n\n<p>\u201cDesde que asum\u00ed la honrosa responsabilidad de presidir este gobierno acept\u00e9 el reto de prevenir y combatir con mano firme y sin titubeo todo acto delictivo, esto ha implicado colaborar de manera interinstitucional y dedicar una buena parte de los recursos p\u00fablicos en la capacitaci\u00f3n y profesionalizaci\u00f3n de los cuerpos policiales, pero tambi\u00e9n en la modernizaci\u00f3n con la que realizan sus labores cotidianas\u201d, dijo.<\/p>\n\n\n\n<p>Sergio Salom\u00f3n reiter\u00f3 su llamado a las y los presidentes municipales de Puebla a redoblar esfuerzos y trabajar en equipo por mantener la seguridad y paz de la entidad, as\u00ed como por el futuro de las siguientes generaciones mediante el despliegue de acciones y estrategias en la materia.<\/p>\n\n\n\n<p>Adelant\u00f3 que, mediante las secretar\u00edas de Seguridad y Gobernaci\u00f3n, el gobierno estatal instalar\u00e1 una unidad de an\u00e1lisis, seguimiento y vigilancia a polic\u00edas municipales, para conocer los resultados de estas corporaciones, as\u00ed como sus metas y saber cu\u00e1ntos elementos est\u00e1n certificados.<\/p>\n\n\n\n<p>ARMAMENTO PERMITIR\u00c1 SEGUIR CON EL COMBATE A LA DELINCUENCIA: SSP<\/p>\n\n\n\n<p>Durante su intervenci\u00f3n, el secretario de Seguridad P\u00fablica, Daniel Iv\u00e1n Cruz Luna destac\u00f3 que, a trav\u00e9s del plan \u201cPaz, Seguridad y Justicia\u201d, el mandatario estatal fortalece permanentemente el trabajo de los cuerpos policiales dot\u00e1ndolos de m\u00e1s capacitaci\u00f3n y equipamiento.<\/p>\n\n\n\n<p>Cruz Luna resalt\u00f3 que la Secretar\u00eda a su cargo contribuir\u00e1 con la entrega de m\u00e1s de mil armas de fuego cortas y largas, as\u00ed como con 906 chalecos bal\u00edsticos para los municipios que cumplieron con requisitos espec\u00edficos, a fin de seguir combatiendo a la delincuencia.<\/p>\n\n\n\n<p>Se\u00f1al\u00f3 que, como parte de la jornada de \u201cFortalecimiento Municipal en Seguridad P\u00fablica con Armamento en Comodato\u201d, los cuerpos policiales que no cuenten con armamento en buen estado, podr\u00e1n llevar a cabo un proceso de canje.<\/p>\n\n\n\n<p>A su vez, el alcalde de Puebla, Eduardo Rivera P\u00e9rez se\u00f1al\u00f3 que la seguridad y la paz son las principales demandas ciudadanas, por lo que agradeci\u00f3 al gobernador Sergio Salom\u00f3n por la entrega de armamento y por voltear a ver a todos los municipios, sin importar sus colores partidistas y coyunturas pol\u00edticas, logrando hacer equipo en beneficio de la sociedad.<\/p>\n\n\n\n<p>En este acto estuvieron presentes el comandante de la XXV Zona Militar, Jos\u00e9 Manuel Ram\u00edrez Mart\u00ednez; el secretario de Gobernaci\u00f3n, Javier Aquino Lim\u00f3n; el fiscal General del Estado, Gilberto Higuera Bernal; el coordinador estatal de la Guardia Nacional en Puebla, Vinicio Perea Alcaraz; la secretaria Ejecutiva del Consejo Estatal de Coordinaci\u00f3n del Sistema Nacional de Seguridad P\u00fablica, Liliana Rosas Labastida; la directora general de la Corporaci\u00f3n Auxiliar de Polic\u00eda de Protecci\u00f3n Ciudadana, Erika Guzm\u00e1n Granados; el diputado Roberto Sol\u00eds; as\u00ed como alcaldes de todas las regiones del estado.<\/p>\n","protected":false},"excerpt":{"rendered":"<p>-El gobernador inici\u00f3 la jornada estatal \u201cFortalecimiento municipal en seguridad p\u00fablica con armamento en comodato\u201d -Ofrecer seguridad exige coordinaci\u00f3n entre todos los \u00f3rdenes de gobierno, estricta aplicaci\u00f3n de la ley y elementos de seguridad profesionales, se\u00f1al\u00f3 \u201cDesde que asum\u00ed la honrosa responsabilidad de presidir este gobierno acept\u00e9 el reto de prevenir y combatir con mano [&hellip;]<\/p>\n","protected":false},"author":1,"featured_media":110742,"comment_status":"open","ping_status":"open","sticky":false,"template":"","format":"standard","meta":{"footnotes":""},"categories":[20],"tags":[52],"class_list":["post-110745","post","type-post","status-publish","format-standard","has-post-thumbnail","hentry","category-norte-de-puebla","tag-puebla"],"blog_post_layout_featured_media_urls":{"thumbnail":["https:\/\/diariolanoticia.com.mx\/wp-content\/uploads\/2023\/07\/img_3262-216x160.jpg",216,160,true],"full":["https:\/\/diariolanoticia.com.mx\/wp-content\/uploads\/2023\/07\/img_3262.jpg",1280,853,false]},"categories_names":{"20":{"name":"Norte de Puebla","link":"https:\/\/diariolanoticia.com.mx\/?cat=20"}},"tags_names":{"52":{"name":"Puebla","link":"https:\/\/diariolanoticia.com.mx\/?tag=puebla"}},"comments_number":"0","wpmagazine_modules_lite_featured_media_urls":{"thumbnail":["https:\/\/diariolanoticia.com.mx\/wp-content\/uploads\/2023\/07\/img_3262-216x160.jpg",216,160,true],"cvmm-medium":["https:\/\/diariolanoticia.com.mx\/wp-content\/uploads\/2023\/07\/img_3262-300x300.jpg",300,300,true],"cvmm-medium-plus":["https:\/\/diariolanoticia.com.mx\/wp-content\/uploads\/2023\/07\/img_3262-305x207.jpg",305,207,true],"cvmm-portrait":["https:\/\/diariolanoticia.com.mx\/wp-content\/uploads\/2023\/07\/img_3262-400x600.jpg",400,600,true],"cvmm-medium-square":["https:\/\/diariolanoticia.com.mx\/wp-content\/uploads\/2023\/07\/img_3262-600x600.jpg",600,600,true],"cvmm-large":["https:\/\/diariolanoticia.com.mx\/wp-content\/uploads\/2023\/07\/img_3262-1024x853.jpg",1024,853,true],"cvmm-small":["https:\/\/diariolanoticia.com.mx\/wp-content\/uploads\/2023\/07\/img_3262-130x95.jpg",130,95,true],"full":["https:\/\/diariolanoticia.com.mx\/wp-content\/uploads\/2023\/07\/img_3262.jpg",1280,853,false]},"_links":{"self":[{"href":"https:\/\/diariolanoticia.com.mx\/index.php?rest_route=\/wp\/v2\/posts\/110745","targetHints":{"allow":["GET"]}}],"collection":[{"href":"https:\/\/diariolanoticia.com.mx\/index.php?rest_route=\/wp\/v2\/posts"}],"about":[{"href":"https:\/\/diariolanoticia.com.mx\/index.php?rest_route=\/wp\/v2\/types\/post"}],"author":[{"embeddable":true,"href":"https:\/\/diariolanoticia.com.mx\/index.php?rest_route=\/wp\/v2\/users\/1"}],"replies":[{"embeddable":true,"href":"https:\/\/diariolanoticia.com.mx\/index.php?rest_route=%2Fwp%2Fv2%2Fcomments&post=110745"}],"version-history":[{"count":1,"href":"https:\/\/diariolanoticia.com.mx\/index.php?rest_route=\/wp\/v2\/posts\/110745\/revisions"}],"predecessor-version":[{"id":110746,"href":"https:\/\/diariolanoticia.com.mx\/index.php?rest_route=\/wp\/v2\/posts\/110745\/revisions\/110746"}],"wp:featuredmedia":[{"embeddable":true,"href":"https:\/\/diariolanoticia.com.mx\/index.php?rest_route=\/wp\/v2\/media\/110742"}],"wp:attachment":[{"href":"https:\/\/diariolanoticia.com.mx\/index.php?rest_route=%2Fwp%2Fv2%2Fmedia&parent=110745"}],"wp:term":[{"taxonomy":"category","embeddable":true,"href":"https:\/\/diariolanoticia.com.mx\/index.php?rest_route=%2Fwp%2Fv2%2Fcategories&post=110745"},{"taxonomy":"post_tag","embeddable":true,"href":"https:\/\/diariolanoticia.com.mx\/index.php?rest_route=%2Fwp%2Fv2%2Ftags&post=110745"}],"curies":[{"name":"wp","href":"https:\/\/api.w.org\/{rel}","templated":true}]}}