{"id":110910,"date":"2023-07-07T15:43:40","date_gmt":"2023-07-07T21:43:40","guid":{"rendered":"https:\/\/diariolanoticia.com.mx\/?p=110910"},"modified":"2023-07-07T15:43:40","modified_gmt":"2023-07-07T21:43:40","slug":"convoca-ayuntamiento-de-huamantla-al-premio-municipal-de-la-juventud-2023","status":"publish","type":"post","link":"https:\/\/diariolanoticia.com.mx\/?p=110910","title":{"rendered":"CONVOCA AYUNTAMIENTO DE HUAMANTLA AL PREMIO MUNICIPAL DE LA JUVENTUD 2023"},"content":{"rendered":"\n<p>\u00b7 Las y los interesados tendr\u00e1n hasta el 7 de agosto para inscribirse. La premiaci\u00f3n ser\u00e1 el 20 de agosto del a\u00f1o en curso.<\/p>\n\n\n\n<p>Con la finalidad de reconocer a las y los j\u00f3venes m\u00e1s destacados del municipio, el H. Ayuntamiento de Huamantla, a trav\u00e9s de la Coordinaci\u00f3n de Juventud, invita a participar en la convocatoria del Premio Municipal de la Juventud 2023.<\/p>\n\n\n\n<p>El edil de Huamantla, Salvador Santos Cedillo, afirm\u00f3 que con este premio, se logra estimular y motivar a las y los j\u00f3venes huamantlecos para desarrollar su talento y habilidades, de manera que a trav\u00e9s de su dedicaci\u00f3n, se logre un el cambio en la sociedad, generando un impacto positivo y siendo un ejemplo para otros j\u00f3venes.<\/p>\n\n\n\n<p>Las y los interesados deber\u00e1n tener entre 12 y 29 a\u00f1os, y destacar en algunas de las siguientes categor\u00edas: logro acad\u00e9mico, trayectoria art\u00edstica y cultural, compromiso y labor social, logro deportivo e Innovaci\u00f3n emprendedora.<\/p>\n\n\n\n<p>Por lo anterior, las y los ganadores ser\u00e1n acreedores de un reconocimiento a su esfuerzo y una remuneraci\u00f3n econ\u00f3mica de $5,000 pesos por categor\u00eda, es importante se\u00f1alar que solo se reconocer\u00e1 a una persona por categor\u00eda.<\/p>\n\n\n\n<p>Las propuestas al premio deber\u00e1n contener nombre, domicilio, edad, g\u00e9nero, logros obtenidos dentro del periodo que se tom\u00f3 en cuenta para la candidatura y documentos que los acrediten, por lo que deber\u00e1n solicitar el formato de registro a trav\u00e9s del correo: juventudhuamantla2124@gmail.com; o bien, directamente en las instalaciones de Juventud, ubicada en bulevar Cuamanco esquina con Reforma S\/N, en un horario de atenci\u00f3n de 9:00 a 17:00 horas.<\/p>\n","protected":false},"excerpt":{"rendered":"<p>\u00b7 Las y los interesados tendr\u00e1n hasta el 7 de agosto para inscribirse. La premiaci\u00f3n ser\u00e1 el 20 de agosto del a\u00f1o en curso. Con la finalidad de reconocer a las y los j\u00f3venes m\u00e1s destacados del municipio, el H. Ayuntamiento de Huamantla, a trav\u00e9s de la Coordinaci\u00f3n de Juventud, invita a participar en la [&hellip;]<\/p>\n","protected":false},"author":1,"featured_media":110911,"comment_status":"open","ping_status":"open","sticky":false,"template":"","format":"standard","meta":{"footnotes":""},"categories":[219],"tags":[],"class_list":["post-110910","post","type-post","status-publish","format-standard","has-post-thumbnail","hentry","category-huamantla"],"blog_post_layout_featured_media_urls":{"thumbnail":["https:\/\/diariolanoticia.com.mx\/wp-content\/uploads\/2023\/07\/WhatsApp-Image-2023-07-07-at-15.37.35-216x160.jpeg",216,160,true],"full":["https:\/\/diariolanoticia.com.mx\/wp-content\/uploads\/2023\/07\/WhatsApp-Image-2023-07-07-at-15.37.35.jpeg",1035,1600,false]},"categories_names":{"219":{"name":"Huamantla","link":"https:\/\/diariolanoticia.com.mx\/?cat=219"}},"tags_names":[],"comments_number":"0","wpmagazine_modules_lite_featured_media_urls":{"thumbnail":["https:\/\/diariolanoticia.com.mx\/wp-content\/uploads\/2023\/07\/WhatsApp-Image-2023-07-07-at-15.37.35-216x160.jpeg",216,160,true],"cvmm-medium":["https:\/\/diariolanoticia.com.mx\/wp-content\/uploads\/2023\/07\/WhatsApp-Image-2023-07-07-at-15.37.35-300x300.jpeg",300,300,true],"cvmm-medium-plus":["https:\/\/diariolanoticia.com.mx\/wp-content\/uploads\/2023\/07\/WhatsApp-Image-2023-07-07-at-15.37.35-305x207.jpeg",305,207,true],"cvmm-portrait":["https:\/\/diariolanoticia.com.mx\/wp-content\/uploads\/2023\/07\/WhatsApp-Image-2023-07-07-at-15.37.35-400x600.jpeg",400,600,true],"cvmm-medium-square":["https:\/\/diariolanoticia.com.mx\/wp-content\/uploads\/2023\/07\/WhatsApp-Image-2023-07-07-at-15.37.35-600x600.jpeg",600,600,true],"cvmm-large":["https:\/\/diariolanoticia.com.mx\/wp-content\/uploads\/2023\/07\/WhatsApp-Image-2023-07-07-at-15.37.35-1024x1024.jpeg",1024,1024,true],"cvmm-small":["https:\/\/diariolanoticia.com.mx\/wp-content\/uploads\/2023\/07\/WhatsApp-Image-2023-07-07-at-15.37.35-130x95.jpeg",130,95,true],"full":["https:\/\/diariolanoticia.com.mx\/wp-content\/uploads\/2023\/07\/WhatsApp-Image-2023-07-07-at-15.37.35.jpeg",1035,1600,false]},"_links":{"self":[{"href":"https:\/\/diariolanoticia.com.mx\/index.php?rest_route=\/wp\/v2\/posts\/110910","targetHints":{"allow":["GET"]}}],"collection":[{"href":"https:\/\/diariolanoticia.com.mx\/index.php?rest_route=\/wp\/v2\/posts"}],"about":[{"href":"https:\/\/diariolanoticia.com.mx\/index.php?rest_route=\/wp\/v2\/types\/post"}],"author":[{"embeddable":true,"href":"https:\/\/diariolanoticia.com.mx\/index.php?rest_route=\/wp\/v2\/users\/1"}],"replies":[{"embeddable":true,"href":"https:\/\/diariolanoticia.com.mx\/index.php?rest_route=%2Fwp%2Fv2%2Fcomments&post=110910"}],"version-history":[{"count":1,"href":"https:\/\/diariolanoticia.com.mx\/index.php?rest_route=\/wp\/v2\/posts\/110910\/revisions"}],"predecessor-version":[{"id":110912,"href":"https:\/\/diariolanoticia.com.mx\/index.php?rest_route=\/wp\/v2\/posts\/110910\/revisions\/110912"}],"wp:featuredmedia":[{"embeddable":true,"href":"https:\/\/diariolanoticia.com.mx\/index.php?rest_route=\/wp\/v2\/media\/110911"}],"wp:attachment":[{"href":"https:\/\/diariolanoticia.com.mx\/index.php?rest_route=%2Fwp%2Fv2%2Fmedia&parent=110910"}],"wp:term":[{"taxonomy":"category","embeddable":true,"href":"https:\/\/diariolanoticia.com.mx\/index.php?rest_route=%2Fwp%2Fv2%2Fcategories&post=110910"},{"taxonomy":"post_tag","embeddable":true,"href":"https:\/\/diariolanoticia.com.mx\/index.php?rest_route=%2Fwp%2Fv2%2Ftags&post=110910"}],"curies":[{"name":"wp","href":"https:\/\/api.w.org\/{rel}","templated":true}]}}