{"id":111079,"date":"2023-07-12T16:11:23","date_gmt":"2023-07-12T22:11:23","guid":{"rendered":"https:\/\/diariolanoticia.com.mx\/?p=111079"},"modified":"2023-07-12T16:11:24","modified_gmt":"2023-07-12T22:11:24","slug":"participo-itdt-en-la-presentacion-del-libro-tauromaquia-y-comunicacion","status":"publish","type":"post","link":"https:\/\/diariolanoticia.com.mx\/?p=111079","title":{"rendered":"PARTICIP\u00d3 ITDT EN LA PRESENTACI\u00d3N DEL LIBRO \u201cTAUROMAQUIA Y COMUNICACI\u00d3N\u201d"},"content":{"rendered":"\n<p>*Se registra una importante derrama econ\u00f3mica al reactivarse este sector<\/p>\n\n\n\n<p>El titular del Instituto Tlaxcalteca de Desarrollo Taurino (ITDT), Luis Angelino Arriaga particip\u00f3 en la presentaci\u00f3n del libro \u201cTauromaquia y Comunicaci\u00f3n\u201d y en la Gran Verbena Taurina, donde resalt\u00f3 que la fiesta brava es un atractivo tur\u00edstico, por ello el gobierno del estado la impulsa a trav\u00e9s de diversos eventos.<\/p>\n\n\n\n<p>En el Centro Hist\u00f3rico de la Ciudad de M\u00e9xico (CDMX), Angelino Arriaga convoc\u00f3 a diferentes personajes del pa\u00eds a sumarse para defender el mundo de los toros y expresarse de manera positiva sobre esta actividad que representa cultura, a fin de que se mantenga viva y genere dinamismo econ\u00f3mico.<\/p>\n\n\n\n<p>\u201cEl inter\u00e9s de la gobernadora Lorena Cu\u00e9llar Cisneros es impulsar la riqueza de Tlaxcala, a trav\u00e9s del mundo de los toros, ya que el estado se destaca como un lugar de tauromaquia, por lo que, en conjunto con otros atractivos, se busca conservar esta tradici\u00f3n que atrae turismo\u201d.<\/p>\n\n\n\n<p>Reconoci\u00f3 que despu\u00e9s de la pandemia por Covid\u201319, la reactivaci\u00f3n de este sector se ha visto en incremento y el reflejo es mediante una importante derrama econ\u00f3mica en diferentes servicios del estado, derivado de la llegada de los aficionados de otros estados.<\/p>\n\n\n\n<p>El funcionario estatal coment\u00f3 que en Tlaxcala hay 39 ganader\u00edas, que tambi\u00e9n permiten que haya empleos para las personas que se dedican a la crianza, venta y otras actividades propias de estos lugares emblem\u00e1ticos en el estado.<\/p>\n\n\n\n<p>Precis\u00f3 que han realizado m\u00e1s de 20 eventos taurinos, entre corridas de toros, novilladas, festivales, tertulias, seminarios, etc\u00e9tera, en lo que va de 2023, donde se ven involucradas desde ganader\u00edas hasta toreros y diferentes prestadores de servicios durante los eventos.<\/p>\n","protected":false},"excerpt":{"rendered":"<p>*Se registra una importante derrama econ\u00f3mica al reactivarse este sector El titular del Instituto Tlaxcalteca de Desarrollo Taurino (ITDT), Luis Angelino Arriaga particip\u00f3 en la presentaci\u00f3n del libro \u201cTauromaquia y Comunicaci\u00f3n\u201d y en la Gran Verbena Taurina, donde resalt\u00f3 que la fiesta brava es un atractivo tur\u00edstico, por ello el gobierno del estado la impulsa [&hellip;]<\/p>\n","protected":false},"author":1,"featured_media":111080,"comment_status":"open","ping_status":"open","sticky":false,"template":"","format":"standard","meta":{"footnotes":""},"categories":[21],"tags":[],"class_list":["post-111079","post","type-post","status-publish","format-standard","has-post-thumbnail","hentry","category-estatal"],"blog_post_layout_featured_media_urls":{"thumbnail":["https:\/\/diariolanoticia.com.mx\/wp-content\/uploads\/2023\/07\/WhatsApp-Image-2023-07-12-at-14.49.25-216x160.jpeg",216,160,true],"full":["https:\/\/diariolanoticia.com.mx\/wp-content\/uploads\/2023\/07\/WhatsApp-Image-2023-07-12-at-14.49.25.jpeg",1024,1016,false]},"categories_names":{"21":{"name":"Estatal","link":"https:\/\/diariolanoticia.com.mx\/?cat=21"}},"tags_names":[],"comments_number":"0","wpmagazine_modules_lite_featured_media_urls":{"thumbnail":["https:\/\/diariolanoticia.com.mx\/wp-content\/uploads\/2023\/07\/WhatsApp-Image-2023-07-12-at-14.49.25-216x160.jpeg",216,160,true],"cvmm-medium":["https:\/\/diariolanoticia.com.mx\/wp-content\/uploads\/2023\/07\/WhatsApp-Image-2023-07-12-at-14.49.25-300x300.jpeg",300,300,true],"cvmm-medium-plus":["https:\/\/diariolanoticia.com.mx\/wp-content\/uploads\/2023\/07\/WhatsApp-Image-2023-07-12-at-14.49.25-305x207.jpeg",305,207,true],"cvmm-portrait":["https:\/\/diariolanoticia.com.mx\/wp-content\/uploads\/2023\/07\/WhatsApp-Image-2023-07-12-at-14.49.25-400x600.jpeg",400,600,true],"cvmm-medium-square":["https:\/\/diariolanoticia.com.mx\/wp-content\/uploads\/2023\/07\/WhatsApp-Image-2023-07-12-at-14.49.25-600x600.jpeg",600,600,true],"cvmm-large":["https:\/\/diariolanoticia.com.mx\/wp-content\/uploads\/2023\/07\/WhatsApp-Image-2023-07-12-at-14.49.25.jpeg",1024,1016,false],"cvmm-small":["https:\/\/diariolanoticia.com.mx\/wp-content\/uploads\/2023\/07\/WhatsApp-Image-2023-07-12-at-14.49.25-130x95.jpeg",130,95,true],"full":["https:\/\/diariolanoticia.com.mx\/wp-content\/uploads\/2023\/07\/WhatsApp-Image-2023-07-12-at-14.49.25.jpeg",1024,1016,false]},"_links":{"self":[{"href":"https:\/\/diariolanoticia.com.mx\/index.php?rest_route=\/wp\/v2\/posts\/111079","targetHints":{"allow":["GET"]}}],"collection":[{"href":"https:\/\/diariolanoticia.com.mx\/index.php?rest_route=\/wp\/v2\/posts"}],"about":[{"href":"https:\/\/diariolanoticia.com.mx\/index.php?rest_route=\/wp\/v2\/types\/post"}],"author":[{"embeddable":true,"href":"https:\/\/diariolanoticia.com.mx\/index.php?rest_route=\/wp\/v2\/users\/1"}],"replies":[{"embeddable":true,"href":"https:\/\/diariolanoticia.com.mx\/index.php?rest_route=%2Fwp%2Fv2%2Fcomments&post=111079"}],"version-history":[{"count":1,"href":"https:\/\/diariolanoticia.com.mx\/index.php?rest_route=\/wp\/v2\/posts\/111079\/revisions"}],"predecessor-version":[{"id":111081,"href":"https:\/\/diariolanoticia.com.mx\/index.php?rest_route=\/wp\/v2\/posts\/111079\/revisions\/111081"}],"wp:featuredmedia":[{"embeddable":true,"href":"https:\/\/diariolanoticia.com.mx\/index.php?rest_route=\/wp\/v2\/media\/111080"}],"wp:attachment":[{"href":"https:\/\/diariolanoticia.com.mx\/index.php?rest_route=%2Fwp%2Fv2%2Fmedia&parent=111079"}],"wp:term":[{"taxonomy":"category","embeddable":true,"href":"https:\/\/diariolanoticia.com.mx\/index.php?rest_route=%2Fwp%2Fv2%2Fcategories&post=111079"},{"taxonomy":"post_tag","embeddable":true,"href":"https:\/\/diariolanoticia.com.mx\/index.php?rest_route=%2Fwp%2Fv2%2Ftags&post=111079"}],"curies":[{"name":"wp","href":"https:\/\/api.w.org\/{rel}","templated":true}]}}