{"id":111134,"date":"2023-07-14T15:18:18","date_gmt":"2023-07-14T21:18:18","guid":{"rendered":"https:\/\/diariolanoticia.com.mx\/?p=111134"},"modified":"2023-07-14T15:18:19","modified_gmt":"2023-07-14T21:18:19","slug":"presentan-creacion-experimental-para-la-justicia-social","status":"publish","type":"post","link":"https:\/\/diariolanoticia.com.mx\/?p=111134","title":{"rendered":"Presentan creaci\u00f3n experimental para la justicia social"},"content":{"rendered":"\n<ul class=\"wp-block-list\"><li>Fundaci\u00f3n FEMSA, la iniciativa Artes del Tecnol\u00f3gico de Monterrey y la Secretar\u00eda de Cultura de Nuevo Le\u00f3n presentan los avances del programa de residencias art\u00edsticas enfocadas en los retos sociales de la regi\u00f3n que une los esfuerzos de los sectores privado, p\u00fablico y acad\u00e9mico.<\/li><li>En esta primera edici\u00f3n los residentes participantes fueron: David Ordaz Bulos, Rolando Jacob, Melissa Garc\u00eda Aguirre, Marcel del Castillo y el colectivo formado por Laura Curry, Ana Cadena Payton y Daniel P\u00e9rez R\u00edos.<\/li><\/ul>\n\n\n\n<p>Monterrey, Nuevo Le\u00f3n, M\u00e9xico. 14 de julio de 2023. \u2013&nbsp;Con el objetivo de impulsar proyectos art\u00edsticos que impacten de manera positiva a las comunidades promoviendo la justicia social para generar valor social, Fundaci\u00f3n FEMSA, el Tecnol\u00f3gico de Monterrey y la Secretar\u00eda de Cultura de Nuevo Le\u00f3n se unieron para crear un programa \u201cResidencias art\u00edsticas: creaci\u00f3n para la justicia social\u201d en la entidad que arranc\u00f3 el pasado mes de noviembre 2022 y cristaliza su avance de manera significativa.<\/p>\n\n\n\n<p>A trav\u00e9s de la exploraci\u00f3n con nuevas tecnolog\u00edas y en di\u00e1logo con la ciudad, la comunidad y la memoria, los artistas, investigadores y colectivos desarrollaron proyectos experimentales a trav\u00e9s de tecnolog\u00edas digitales en las que abordaron algunos de los retos sociales de nuestra regi\u00f3n, promoviendo otras formas de participaci\u00f3n e interacci\u00f3n con la ciudadan\u00eda para fomentar la justicia social.<\/p>\n\n\n\n<p>Los proyectos que se desarrollaron fueron:<\/p>\n\n\n\n<p><strong>Poes\u00eda para el bien com\u00fan \u2013 Laura Curry<\/strong><\/p>\n\n\n\n<p>Proyecto art\u00edstico y social que estableci\u00f3 conexiones entre comunidades del \u00e1rea metropolitana de Monterrey, identificando las inquietudes y anhelos relacionados con la crisis del agua y otras problem\u00e1ticas relacionadas al medioambiente, como la calidad del aire, el transporte p\u00fablico, el costo de vivienda y el acceso a los recursos vitales.<\/p>\n\n\n\n<p><strong>Microlaboratorio: Escenarios futuros sobre justicia social en NL \u2013 David Ordaz Bulos<\/strong><\/p>\n\n\n\n<p>Consisti\u00f3 en una serie de talleres para identificar, diagnosticar y buscar soluciones a las problem\u00e1ticas del estado, soluciones que buscanemerger en los pr\u00f3ximos a\u00f1os por medio de herramientas como el Transformative Scenario Planning.<\/p>\n\n\n\n<p><strong>Materializar el desajuste \u2013 Rolando Jacob<\/strong><\/p>\n\n\n\n<p>Explor\u00f3 los rastros de la arquitectura moderna en la ciudad que funcionan como dispositivos de memoria continuos en donde las narrativas se deforman y se alteran, conjugando la investigacio\u00b4n de campo, la documentacio\u00b4nteo\u00b4rica y la exploracio\u00b4npla\u00b4stica colectiva a partir de la creacio\u00b4n de un espacio en donde se desarrollan herramientas que ayudan a los participantes a conectar con la memoria y el entorno y a conformar estrategias que puedan devenir en propuestas pla\u00b4sticas y compositivas.<\/p>\n\n\n\n<p><strong>Sue\u00f1os microf\u00f3siles \u2013 Melissa Garc\u00eda Aguirre<\/strong><\/p>\n\n\n\n<p>Explor\u00f3 los v\u00ednculos interespecie y los sue\u00f1os de una dignidad multimateria, mientras cre\u00f3 una colecci\u00f3n interdisciplinaria de \u201cformas y g\u00e9neros\u201d a trav\u00e9s de pr\u00e1cticas art\u00edsticas como el dibujo, el arte sonoro, el performance y el videoarte, enfocado en las similitudes de las diversidades humane-microf\u00f3siles, con direcci\u00f3n hacia el ejercicio de justicias y \u00e9ticas cuir-planetarias.<\/p>\n\n\n\n<p><strong>Memoria y conocimiento. Imaginar el agua \u2013 Marcel del Castillo<\/strong><\/p>\n\n\n\n<p>Proyecto arti\u00b4stico y de investigacio\u00b4n que trabaj\u00f3 con la memoria y el conocimiento de comunidades del estado de Nuevo Le\u00f3n, para aproximarse al tema del agua desde otros saberes y experiencias en un contexto de estr\u00e9s h\u00eddrico. Imaginar otros dispositivos posibles, para el uso, distribuci\u00f3n, limpieza, recolecci\u00f3n y organizaci\u00f3n del agua, representados en im\u00e1genes, bocetos o textos, a partir del reconocimiento de los saberes y experiencias de habitantes de Nuevo Le\u00f3n.<\/p>\n\n\n\n<p>Entendiendo las artes como una forma de construir, compartir y reconfigurar conocimientos, as\u00ed como de abordar los retos que tenemos como sociedades, los artistas, investigadores y colectivos seleccionados exploraron tecnolog\u00edas&nbsp;digitales&nbsp;en di\u00e1logo con la ciudad, la comunidad y la memoria, promoviendo otras formas de participaci\u00f3n e interacci\u00f3n con los ciudadanos a trav\u00e9s de las \u201cResidencias art\u00edsticas: creaci\u00f3n para la justicia social\u201d.<\/p>\n\n\n\n<p>Las entidades convocantes dieron a conocer los prototipos que se desarrollaron en las residencias realizadas en una colaboraci\u00f3n con Fundaci\u00f3n FEMSA, LABNL Lab Cultural Ciudadano y el Laboratorio de Arte A.C. del Tec de Monterrey entre marzo y junio de este 2023.La presentaci\u00f3n tendr\u00e1 lugar el viernes 14 de julio a las 6 de la tarde, en los espacios de LABNL (Washington 648 Ote.; Monterrey, NL).<\/p>\n\n\n\n<p>\u201cNos complace dar cuenta de la variedad de disciplinas y conocimientos reunidos a trav\u00e9s de los participantes de los grupos de trabajo de cada una de las residencias y c\u00f3mo esto contribuy\u00f3 a los procesos e interacciones. Esto fue gracias a la convocatoria de estudiantes y la comunidad, accionada por el Laboratorio Arte, AC y el LABNL. Adem\u00e1s, nos emociona saber que se vislumbra el inter\u00e9s de algunos participantes en seguir explorando las propuestas planteadas en cada proyecto\u201d, coment\u00f3 Laura Pacheco, Jefa de Registro de Obra y Bienal FEMSA de Arte y Cultura de Fundaci\u00f3n FEMSA.<\/p>\n\n\n\n<p>La secretaria de Cultura de Nuevo Le\u00f3n, Melissa Segura Guerrero, afirm\u00f3 que los proyectos contribuir\u00e1n a enfrentar los problemas sociales de las comunidades de Nuevo Le\u00f3n.<\/p>\n\n\n\n<p>\u00abEstoy muy satisfecha con esta convocatoria y el avance de los proyectos que han sido seleccionados. La Secretar\u00eda de Cultura promueve el arte como un medio, como un proceso creativo que detona colaboraci\u00f3n, comunidad e innovaci\u00f3n para hacer frente a los problemas sociales que nos afectan a todas y todos\u00bb.<\/p>\n\n\n\n<p>La convocatoria recibi\u00f3 26 postulaciones provenientes de M\u00e9xico, Colombia, Estados Unidos, Espa\u00f1a y Brasil. Los ganadores recibieron el apoyo del Laboratorio Arte AC y de LABNL Lab Cultural Ciudadano para llevar a cabo su proyecto de residencia.<\/p>\n\n\n\n<p>SEMBLANZA DE LOS RESIDENTES<\/p>\n\n\n\n<p><strong>David Ordaz Bulos<\/strong><\/p>\n\n\n\n<p>(Pachuca, M\u00e9xico, 1984)<\/p>\n\n\n\n<p>Explorador de la cultura colaborativa y las narrativas. Estudia el doctorado en Creaci\u00f3n y Teor\u00edas de la cultura de la Universidad de las Am\u00e9ricas Puebla. Es maestro en Sociolog\u00eda pol\u00edtica por el Instituto de Investigaciones Sociales Dr. Jos\u00e9 Mar\u00eda Luis Mora y licenciado en Psicolog\u00eda por la Universidad Aut\u00f3noma del Estado de Hidalgo. Es Coordinador de grupos con t\u00e9cnicas psicodram\u00e1ticas por la Escuela Mexicana de Psicodrama. Y dirige los proyectos Desplegar Laby Geograf\u00eda N\u00f3mada. Ha trabajado con organizaciones de la sociedad civil por m\u00e1s de diez a\u00f1os. Actualmente escribe la tesis Laboratorios ciudadanos e innovaci\u00f3n p\u00fablica: una mirada desde la gubernamentalidad. Tambi\u00e9n ha escrito para diferentes medios como Sin Embargo Mx, Horizontal, Planisferio y la Revista 404 del Centro de Cultura Digital.<\/p>\n\n\n\n<p><strong>Marcel del Castillo<\/strong><\/p>\n\n\n\n<p>(Caracas, Venezuela,&nbsp;&nbsp;1974)<\/p>\n\n\n\n<p>Ha exhibido de manera individual y colectiva en Chile, Espa\u00f1a, Italia, M\u00e9xico, y Uruguay. Su trabajo art\u00edstico ha sido seleccionado y galardonado en diversos festivales y salones en varios pa\u00edses, por lo cual ha recibido, entre otros, el primer premio de la convocatoria latinoamericana de proyectos del Centro de Fotograf\u00eda de Montevideo, Menci\u00f3n honor\u00edfica en el premio Est\u00edmulo fiscal para la producci\u00f3n art\u00edstica (EFCA), en 2020, as\u00ed como el programa FINANCIARTE en varias ediciones y Menci\u00f3n honor\u00edfica en el l Sal\u00f3n de fotograf\u00eda REVISI\u00d3N 2022 de la Fototeca de Nuevo Le\u00f3n; en el Sal\u00f3n Nacional de Artes Visuales Ciudad de Guanare, en 2014; III Bienal de arte contempor\u00e1neo Universidad de Los Andes 2014; Premio IILA de Fotograf\u00eda; Convocatoria latinoamericana del Festival Internacional de Fotograf\u00eda de Roma, en 2008; y selecci\u00f3n oficial del XXIV Festival Internacional de Cine de Bogot\u00e1 2007<strong>.<\/strong><\/p>\n\n\n\n<p><strong>Melissa Garc\u00eda Aguirre<\/strong><\/p>\n\n\n\n<p>(Monterrey, M\u00e9xico, 1987)<\/p>\n\n\n\n<p>Artista visual y arteterapeuta.&nbsp;&nbsp;Licenciada en Artes Visuales y maestr\u00eda en Trabajo Social por la Universidad Aut\u00f3noma de Nuevo Le\u00f3n. Se ha diplomado en universidades como La Universidad Iberoamericana de M\u00e9xico, la Universidad Metropolitana de M\u00e9xico, TheUniversityof Tennessee (U.S.A) y TheUniversityof Arlington (U.S.A). Ha presentado su trabajo art\u00edstico en&nbsp;&nbsp;M\u00e9xico, Venezuela, Brasil, Chile, Argentina, Espa\u00f1a, Francia, Rep\u00fablica Checa, Italia, Chipre y Bolivia. Ha sido beneficiada con diversos reconocimientos y becas como el 1er Premio Performagia Encuentro de Arte de Performance 2009 (UNAM), FINANCIARTE 2009 (CONARTE), PECDA 2013 Y 2016 (CONARTE), Premio Estatal de las Artes a la Juventud 2014 (Secretar\u00eda Estatal de la Juventud), PADID 2016, 2017 y 2018 (CENART-CONACULTA), FONCA Apoyos Especiales 2018 (CONACULTA) FORCAN 2018 (Secretar\u00eda de Cultura de Chihuahua), as\u00ed como la beca del Centro de Escritores de N.L. 2019.<\/p>\n\n\n\n<p><strong>Rolando Jacob<\/strong><\/p>\n\n\n\n<p>(Reynosa, M\u00e9xico, 1984)<\/p>\n\n\n\n<p>Estudi\u00f3 Arquitectura en la Universidad Aut\u00f3noma de Nuevo Le\u00f3n y el M\u00e1ster en Investigaci\u00f3n en Arte y Creaci\u00f3n en la Universidad Complutense de Madrid. Su trabajo se ha presentado en diversas instituciones, espacios culturales y galer\u00edas privadas de M\u00e9xico, Estados Unidos y Espa\u00f1a, entre las que destacan el Centro de las Artes de Monterrey, el Antiguo Colegio de San Ildefonso, el MUCA Campus en la Ciudad de M\u00e9xico, Matadero Madrid y el Museo de Arte Carrillo Gil. Su trabajo ha sido seleccionado en convocatorias y cert\u00e1menes como la IV Bienal Nacional de Artes Visuales de Yucat\u00e1n, el Sal\u00f3n ACME y la XI Bienal FEMSA donde obtuvo la menci\u00f3n honor\u00edfica.<\/p>\n\n\n\n<p>Fue becario del Programa de Est\u00edmulo a la Creaci\u00f3n y al Desarrollo Art\u00edstico (PECDA), en 2015, y del programa J\u00f3venes Creadores del Fondo Nacional para la Cultura y las Artes, en 2013 y 2017. Form\u00f3 parte del Programa Educativo Soma generaci\u00f3n 2019 y de la 6ta edici\u00f3n del Programa Bancomer MACG. Ha dirigido como gestor independiente diversos proyectos de arte contempor\u00e1neo.<\/p>\n\n\n\n<p><strong><u>Poes\u00eda para el bien com\u00fan (colectivo)<\/u><\/strong><\/p>\n\n\n\n<p><strong>Laura Curry<\/strong><\/p>\n\n\n\n<p>La pr\u00e1ctica art\u00edstica de Laura est\u00e1 basada en procesos de investigaci\u00f3n que analizan los aspectos econ\u00f3micos, pol\u00edticos y de g\u00e9nero en comunidades glocalizadas (globalizadas\/localizadas). Por medio de un enfoque interseccional, Curry busca integrar las diversas narrativas que suceden dentro de lo social mientras aplica metodolog\u00edas no convencionales de investigaci\u00f3n y activismo en un proceso que ella describe como investigaci\u00f3n radical.<\/p>\n\n\n\n<p>Actualmente est\u00e1 completando su residencia como artista e investigadora para el CIESAS Noreste 2022\/23 con el fin de dar continuidad a una exploraci\u00f3n ontol\u00f3gica sobre lo que significa residencia, movilidad y acceso, vista desde una perspectiva medioambiental.<\/p>\n\n\n\n<p>El trabajo de Laura se ha mostrado en diversas instituciones y varios espacios de Alemania, Estados Unidos y M\u00e9xico.<\/p>\n\n\n\n<p><strong>Ana CadenaPayton<\/strong><\/p>\n\n\n\n<p>Es Licenciada en Artes Pl\u00e1sticas por la Universidad de Monterrey (2011) y cuenta con un M\u00e1ster en Teor\u00eda Cr\u00edtica por la Universidad Aut\u00f3noma de Barcelona (UAB) y el Museud\u2019ArteContemporani de Barcelona (MACBA), tambi\u00e9n conocido como el Programa de Estudios Independientes PEI (2013). Form\u00f3 parte del equipo del Museo Oral de la Revoluci\u00f3n (2013), bajo la direcci\u00f3n de Paul B. Preciado en la Capella del MACBA. Como curadora ha realizado diversos proyectos, incluyendo&nbsp;<em>No Ret\u00e9n: Migraci\u00f3n y visibilidad<\/em>, del artista regiomontano Dami\u00e1n Ontiveros en la Casa de la Cultura de Nuevo Le\u00f3n (2016). Dentro de su labor art\u00edstica cabe mencionar su trabajo dentro del colectivo Museo Invisible Fundidora junto a Federico Mart\u00ednez Montoya y cuya obra ha sido expuesta en M\u00e9xico, Colombia y Ecuador. Gestiona el programa de di\u00e1logo en torno a las urgencias urbanas de Monterrey, mejor conocido como&nbsp;<em>Paisaje, Ciudad y Delito<\/em>, en conjunto con el escritor y artista visual Futuro Moncada desde el 2018. Actualmente ejerce como curadora independiente, docente del departamento de Arte de la Universidad de Monterrey (UDEM) y directora de Espacio en Blanco.<strong><br>Daniel P\u00e9rez R\u00edos<\/strong><\/p>\n\n\n\n<p>Artista, m\u00fasico y programador.&nbsp;&nbsp;Estudi\u00f3 artes visuales y nuevos medios en CEDIM (Centro de Estudios Superiores de Dise\u00f1o de Monterrey), enfocando sus estudios en arte digital. Al terminar su licenciatura Daniel colabor\u00f3 con programadores locales para comenzar el HackerSpace Monterrey, tambi\u00e9n fue parte del colectivo \u00abLa Compa\u00f1\u00eda\u00bb en donde con otros artistas desarrollaron exhibiciones y residencias en Nuevo Le\u00f3n, M\u00e9xico.<\/p>\n\n\n\n<p>Daniel comenz\u00f3 como profesor de diversas universidades en Monterrey, impartiendo cursos de arte, sonido y tecnolog\u00eda, como tambi\u00e9n siendo director de proyectos de Tesis. Es uno de los fundadores del Laboratorio Indisciplinario, un taller independiente y alternativo de arte contempor\u00e1neo. Como artista ha participado en diversos festivales de arte como Zona Maco, Bienal FEMSA, Bienal de Venecia, FAMA, Bonus y Material Art Fair. Cuenta con 12 exposiciones individuales y m\u00e1s de 30 colectivas.<\/p>\n","protected":false},"excerpt":{"rendered":"<p>Fundaci\u00f3n FEMSA, la iniciativa Artes del Tecnol\u00f3gico de Monterrey y la Secretar\u00eda de Cultura de Nuevo Le\u00f3n presentan los avances del programa de residencias art\u00edsticas enfocadas en los retos sociales de la regi\u00f3n que une los esfuerzos de los sectores privado, p\u00fablico y acad\u00e9mico. En esta primera edici\u00f3n los residentes participantes fueron: David Ordaz Bulos, [&hellip;]<\/p>\n","protected":false},"author":1,"featured_media":111135,"comment_status":"open","ping_status":"open","sticky":false,"template":"","format":"standard","meta":{"footnotes":""},"categories":[40],"tags":[],"class_list":["post-111134","post","type-post","status-publish","format-standard","has-post-thumbnail","hentry","category-fed"],"blog_post_layout_featured_media_urls":{"thumbnail":["https:\/\/diariolanoticia.com.mx\/wp-content\/uploads\/2023\/07\/residencias-artisticas-2-0772691865345785-216x160.png",216,160,true],"full":["https:\/\/diariolanoticia.com.mx\/wp-content\/uploads\/2023\/07\/residencias-artisticas-2-0772691865345785.png",1280,960,false]},"categories_names":{"40":{"name":"Federal","link":"https:\/\/diariolanoticia.com.mx\/?cat=40"}},"tags_names":[],"comments_number":"0","wpmagazine_modules_lite_featured_media_urls":{"thumbnail":["https:\/\/diariolanoticia.com.mx\/wp-content\/uploads\/2023\/07\/residencias-artisticas-2-0772691865345785-216x160.png",216,160,true],"cvmm-medium":["https:\/\/diariolanoticia.com.mx\/wp-content\/uploads\/2023\/07\/residencias-artisticas-2-0772691865345785-300x300.png",300,300,true],"cvmm-medium-plus":["https:\/\/diariolanoticia.com.mx\/wp-content\/uploads\/2023\/07\/residencias-artisticas-2-0772691865345785-305x207.png",305,207,true],"cvmm-portrait":["https:\/\/diariolanoticia.com.mx\/wp-content\/uploads\/2023\/07\/residencias-artisticas-2-0772691865345785-400x600.png",400,600,true],"cvmm-medium-square":["https:\/\/diariolanoticia.com.mx\/wp-content\/uploads\/2023\/07\/residencias-artisticas-2-0772691865345785-600x600.png",600,600,true],"cvmm-large":["https:\/\/diariolanoticia.com.mx\/wp-content\/uploads\/2023\/07\/residencias-artisticas-2-0772691865345785-1024x960.png",1024,960,true],"cvmm-small":["https:\/\/diariolanoticia.com.mx\/wp-content\/uploads\/2023\/07\/residencias-artisticas-2-0772691865345785-130x95.png",130,95,true],"full":["https:\/\/diariolanoticia.com.mx\/wp-content\/uploads\/2023\/07\/residencias-artisticas-2-0772691865345785.png",1280,960,false]},"_links":{"self":[{"href":"https:\/\/diariolanoticia.com.mx\/index.php?rest_route=\/wp\/v2\/posts\/111134","targetHints":{"allow":["GET"]}}],"collection":[{"href":"https:\/\/diariolanoticia.com.mx\/index.php?rest_route=\/wp\/v2\/posts"}],"about":[{"href":"https:\/\/diariolanoticia.com.mx\/index.php?rest_route=\/wp\/v2\/types\/post"}],"author":[{"embeddable":true,"href":"https:\/\/diariolanoticia.com.mx\/index.php?rest_route=\/wp\/v2\/users\/1"}],"replies":[{"embeddable":true,"href":"https:\/\/diariolanoticia.com.mx\/index.php?rest_route=%2Fwp%2Fv2%2Fcomments&post=111134"}],"version-history":[{"count":1,"href":"https:\/\/diariolanoticia.com.mx\/index.php?rest_route=\/wp\/v2\/posts\/111134\/revisions"}],"predecessor-version":[{"id":111136,"href":"https:\/\/diariolanoticia.com.mx\/index.php?rest_route=\/wp\/v2\/posts\/111134\/revisions\/111136"}],"wp:featuredmedia":[{"embeddable":true,"href":"https:\/\/diariolanoticia.com.mx\/index.php?rest_route=\/wp\/v2\/media\/111135"}],"wp:attachment":[{"href":"https:\/\/diariolanoticia.com.mx\/index.php?rest_route=%2Fwp%2Fv2%2Fmedia&parent=111134"}],"wp:term":[{"taxonomy":"category","embeddable":true,"href":"https:\/\/diariolanoticia.com.mx\/index.php?rest_route=%2Fwp%2Fv2%2Fcategories&post=111134"},{"taxonomy":"post_tag","embeddable":true,"href":"https:\/\/diariolanoticia.com.mx\/index.php?rest_route=%2Fwp%2Fv2%2Ftags&post=111134"}],"curies":[{"name":"wp","href":"https:\/\/api.w.org\/{rel}","templated":true}]}}