{"id":111679,"date":"2023-07-26T11:06:15","date_gmt":"2023-07-26T17:06:15","guid":{"rendered":"https:\/\/diariolanoticia.com.mx\/?p=111679"},"modified":"2023-07-26T11:06:16","modified_gmt":"2023-07-26T17:06:16","slug":"gobierno-de-yauhquemehcan-invita-a-participar-en-el-premio-municipal-de-la-juventud-2023","status":"publish","type":"post","link":"https:\/\/diariolanoticia.com.mx\/?p=111679","title":{"rendered":"Gobierno de Yauhquemehcan invita a participar en el Premio Municipal de la Juventud 2023"},"content":{"rendered":"\n<p><img loading=\"lazy\" decoding=\"async\" height=\"16\" width=\"16\" alt=\"\ud83d\ude00\" src=\"https:\/\/static.xx.fbcdn.net\/images\/emoji.php\/v9\/tce\/1\/16\/1f600.png\"> Prep\u00e1rate para mostrar tu potencial y brillar con gran fuerza <img loading=\"lazy\" decoding=\"async\" height=\"16\" width=\"16\" alt=\"\ud83e\udd29\" src=\"https:\/\/static.xx.fbcdn.net\/images\/emoji.php\/v9\/t58\/1\/16\/1f929.png\"> porque ya est\u00e1 aqu\u00ed la convocatoria oficial del: <img loading=\"lazy\" decoding=\"async\" height=\"16\" width=\"16\" alt=\"\ud83c\udf89\" src=\"https:\/\/static.xx.fbcdn.net\/images\/emoji.php\/v9\/t8c\/1\/16\/1f389.png\"><img loading=\"lazy\" decoding=\"async\" height=\"16\" width=\"16\" alt=\"\u2728\" src=\"https:\/\/static.xx.fbcdn.net\/images\/emoji.php\/v9\/tf4\/1\/16\/2728.png\"> Premio Municipal de la Juventud 2023 <img loading=\"lazy\" decoding=\"async\" height=\"16\" width=\"16\" alt=\"\ud83c\udfc5\" src=\"https:\/\/static.xx.fbcdn.net\/images\/emoji.php\/v9\/t3d\/1\/16\/1f3c5.png\"><img loading=\"lazy\" decoding=\"async\" height=\"16\" width=\"16\" alt=\"\u2728\" src=\"https:\/\/static.xx.fbcdn.net\/images\/emoji.php\/v9\/tf4\/1\/16\/2728.png\"><img loading=\"lazy\" decoding=\"async\" height=\"16\" width=\"16\" alt=\"\ud83c\udf89\" src=\"https:\/\/static.xx.fbcdn.net\/images\/emoji.php\/v9\/t8c\/1\/16\/1f389.png\"> Consulta las bases y participa en cualquiera de las 3 categor\u00edas. \u00a1Te estamos buscando!<img loading=\"lazy\" decoding=\"async\" height=\"16\" width=\"16\" alt=\"\ud83d\udc49\ud83c\udffb\" src=\"https:\/\/static.xx.fbcdn.net\/images\/emoji.php\/v9\/tc\/1\/16\/1f449_1f3fb.png\"><a><\/a>Tienes hasta el 7 de agosto para participar:<a href=\"https:\/\/l.facebook.com\/l.php?u=https%3A%2F%2Facortar.link%2F89XYPa%3Ffbclid%3DIwAR2whW2utgda179cpujQ1GO1JzWKqV3VMHIPX_4HtraY8PzIVB7aLYGt_yU&amp;h=AT2q56eV5WMFLmMm2G9Tokr0B3foOM7t_U9G1plQTiWl1P1xr6BmmNsHLlk-fghZfr9PC8I7hkypkTPCCazNNaLs5UQYQc-KzEODdhJNROxXY7HC65FKtsNKaIz-3QoQGY8Z&amp;__tn__=-UK-R&amp;c[0]=AT0-yJDtXkmmClqNGz1WLsQ_pZj9svqoNHrRAdyvSwvAQcduz1NN4ZFu7j_7MTnwygkJq1prIGPj8yAdqfqNPEDKNGHkEYSyVlzFcXmAcBx4Nesn9brmhk5_nn5TBd2ia7PN8DqmJuf35JEuYUit6lKzApZJIfBwIvvWDA4ocJM8Uf4zU1RAY9KYCHLyp2pzkBWb6g4f1DDM\" rel=\"noreferrer noopener\" target=\"_blank\"> https:\/\/acortar.link\/89XY<\/a>Pa<img loading=\"lazy\" decoding=\"async\" height=\"16\" width=\"16\" alt=\"\ud83d\ude0e\" src=\"https:\/\/static.xx.fbcdn.net\/images\/emoji.php\/v9\/t83\/1\/16\/1f60e.png\"> \u00a1Participa y demuestra por qu\u00e9 somos \u00a1Juventudes yauhquemehquenses! <img loading=\"lazy\" decoding=\"async\" height=\"16\" width=\"16\" alt=\"\u2728\" src=\"https:\/\/static.xx.fbcdn.net\/images\/emoji.php\/v9\/tf4\/1\/16\/2728.png\"><a href=\"https:\/\/www.facebook.com\/GobiernoYauhquemehcan?__cft__[0]=AZUl3NiaP6dNmdg1g8LQ1Ks2PfnkEu3wKVBDMvfoRfMGSgcx2ahc6VeRKkaAemfTZm_7pZkGtB8jPfhU-ioST-_qqIHpxanbdemyBY-0RZwNQx_HIDUf1YDbez8x1azbwmbDbLdrR_yOljLip1sEKpt48vxdhKOaMT0gLqLL0UxV22mgR9wK2z_SAf25GuF8wFo&amp;__tn__=-]K-R\">Gobierno de Yauhquemehcan 2021-2024<\/a><a href=\"https:\/\/www.facebook.com\/hashtag\/bienestarquefluye?__eep__=6&amp;__cft__[0]=AZUl3NiaP6dNmdg1g8LQ1Ks2PfnkEu3wKVBDMvfoRfMGSgcx2ahc6VeRKkaAemfTZm_7pZkGtB8jPfhU-ioST-_qqIHpxanbdemyBY-0RZwNQx_HIDUf1YDbez8x1azbwmbDbLdrR_yOljLip1sEKpt48vxdhKOaMT0gLqLL0UxV22mgR9wK2z_SAf25GuF8wFo&amp;__tn__=*NK-R\">#BienestarQueFluye<\/a><\/p>\n","protected":false},"excerpt":{"rendered":"<p>Prep\u00e1rate para mostrar tu potencial y brillar con gran fuerza porque ya est\u00e1 aqu\u00ed la convocatoria oficial del: Premio Municipal de la Juventud 2023 Consulta las bases y participa en cualquiera de las 3 categor\u00edas. \u00a1Te estamos buscando!Tienes hasta el 7 de agosto para participar: https:\/\/acortar.link\/89XYPa \u00a1Participa y demuestra por qu\u00e9 somos \u00a1Juventudes yauhquemehquenses! Gobierno [&hellip;]<\/p>\n","protected":false},"author":1,"featured_media":111680,"comment_status":"open","ping_status":"open","sticky":false,"template":"","format":"standard","meta":{"footnotes":""},"categories":[46],"tags":[],"class_list":["post-111679","post","type-post","status-publish","format-standard","has-post-thumbnail","hentry","category-yauhquemehcan"],"blog_post_layout_featured_media_urls":{"thumbnail":["https:\/\/diariolanoticia.com.mx\/wp-content\/uploads\/2023\/07\/363368716_303063478898290_3782010603457973877_n-216x160.jpg",216,160,true],"full":["https:\/\/diariolanoticia.com.mx\/wp-content\/uploads\/2023\/07\/363368716_303063478898290_3782010603457973877_n.jpg",1559,2048,false]},"categories_names":{"46":{"name":"Yauhquemehcan","link":"https:\/\/diariolanoticia.com.mx\/?cat=46"}},"tags_names":[],"comments_number":"0","wpmagazine_modules_lite_featured_media_urls":{"thumbnail":["https:\/\/diariolanoticia.com.mx\/wp-content\/uploads\/2023\/07\/363368716_303063478898290_3782010603457973877_n-216x160.jpg",216,160,true],"cvmm-medium":["https:\/\/diariolanoticia.com.mx\/wp-content\/uploads\/2023\/07\/363368716_303063478898290_3782010603457973877_n-300x300.jpg",300,300,true],"cvmm-medium-plus":["https:\/\/diariolanoticia.com.mx\/wp-content\/uploads\/2023\/07\/363368716_303063478898290_3782010603457973877_n-305x207.jpg",305,207,true],"cvmm-portrait":["https:\/\/diariolanoticia.com.mx\/wp-content\/uploads\/2023\/07\/363368716_303063478898290_3782010603457973877_n-400x600.jpg",400,600,true],"cvmm-medium-square":["https:\/\/diariolanoticia.com.mx\/wp-content\/uploads\/2023\/07\/363368716_303063478898290_3782010603457973877_n-600x600.jpg",600,600,true],"cvmm-large":["https:\/\/diariolanoticia.com.mx\/wp-content\/uploads\/2023\/07\/363368716_303063478898290_3782010603457973877_n-1024x1024.jpg",1024,1024,true],"cvmm-small":["https:\/\/diariolanoticia.com.mx\/wp-content\/uploads\/2023\/07\/363368716_303063478898290_3782010603457973877_n-130x95.jpg",130,95,true],"full":["https:\/\/diariolanoticia.com.mx\/wp-content\/uploads\/2023\/07\/363368716_303063478898290_3782010603457973877_n.jpg",1559,2048,false]},"_links":{"self":[{"href":"https:\/\/diariolanoticia.com.mx\/index.php?rest_route=\/wp\/v2\/posts\/111679","targetHints":{"allow":["GET"]}}],"collection":[{"href":"https:\/\/diariolanoticia.com.mx\/index.php?rest_route=\/wp\/v2\/posts"}],"about":[{"href":"https:\/\/diariolanoticia.com.mx\/index.php?rest_route=\/wp\/v2\/types\/post"}],"author":[{"embeddable":true,"href":"https:\/\/diariolanoticia.com.mx\/index.php?rest_route=\/wp\/v2\/users\/1"}],"replies":[{"embeddable":true,"href":"https:\/\/diariolanoticia.com.mx\/index.php?rest_route=%2Fwp%2Fv2%2Fcomments&post=111679"}],"version-history":[{"count":1,"href":"https:\/\/diariolanoticia.com.mx\/index.php?rest_route=\/wp\/v2\/posts\/111679\/revisions"}],"predecessor-version":[{"id":111681,"href":"https:\/\/diariolanoticia.com.mx\/index.php?rest_route=\/wp\/v2\/posts\/111679\/revisions\/111681"}],"wp:featuredmedia":[{"embeddable":true,"href":"https:\/\/diariolanoticia.com.mx\/index.php?rest_route=\/wp\/v2\/media\/111680"}],"wp:attachment":[{"href":"https:\/\/diariolanoticia.com.mx\/index.php?rest_route=%2Fwp%2Fv2%2Fmedia&parent=111679"}],"wp:term":[{"taxonomy":"category","embeddable":true,"href":"https:\/\/diariolanoticia.com.mx\/index.php?rest_route=%2Fwp%2Fv2%2Fcategories&post=111679"},{"taxonomy":"post_tag","embeddable":true,"href":"https:\/\/diariolanoticia.com.mx\/index.php?rest_route=%2Fwp%2Fv2%2Ftags&post=111679"}],"curies":[{"name":"wp","href":"https:\/\/api.w.org\/{rel}","templated":true}]}}