{"id":112311,"date":"2023-08-13T21:18:47","date_gmt":"2023-08-14T03:18:47","guid":{"rendered":"https:\/\/diariolanoticia.com.mx\/?p=112311"},"modified":"2023-08-13T21:18:48","modified_gmt":"2023-08-14T03:18:48","slug":"kabah-y-napoleon-hacen-sonar-a-los-huamantlecos","status":"publish","type":"post","link":"https:\/\/diariolanoticia.com.mx\/?p=112311","title":{"rendered":"KABAH Y NAPOLE\u00d3N HACEN SO\u00d1AR A LOS HUAMANTLECOS"},"content":{"rendered":"\n<p>\u00b7&nbsp;&nbsp;&nbsp;&nbsp;&nbsp;&nbsp;<em>Una noche inolvidable se vivi\u00f3 en Huamantla con las presentaciones de dos artistas de gran trayectoria, qu\u00e9 pusieron a flor de piel las emociones y sentimientos de los de asistentes.<\/em><\/p>\n\n\n\n<p>Brillante y espectacular fue la presentaci\u00f3n art\u00edstica de Kabah y Jos\u00e9 Mar\u00eda Napole\u00f3n en la Feria Internacional del Arte Ef\u00edmero y la Dalia Huamantla 2023.&nbsp;<\/p>\n\n\n\n<p>Fue en la unidad deportiva \u00abMiguel Arroyo Rosales\u00bb, donde los asistentes bailaron y cantaron los \u00e9xitos de estas dos leyendas de la m\u00fasica. El primero en salir al escenario fue Kabah, quien hizo vibrar al p\u00fablico con canciones como \u201cLa calle de las sirenas\u201d, \u201cVive\u201d, \u201cLa vida que va\u201d, por citar algunas.&nbsp;<\/p>\n\n\n\n<p>Despu\u00e9s, el poeta de la canci\u00f3n, Jos\u00e9 Mar\u00eda Napole\u00f3n, interpret\u00f3 las melod\u00edas \u201cTengo celos\u201d, \u201cAmor de habitaci\u00f3n\u201d, \u201cLe\u00f1a verde\u201d, entre otras de su amplio repertorio, mismas que fueron acompa\u00f1adas y coreadas por los espectadores.&nbsp;<\/p>\n\n\n\n<p>Nuevamente un evento de la Feria Internacional del Arte Ef\u00edmero y la Dalia 2023, rebasa expectativas con conciertos de talla Internacional para el disfrute de las y los huamantlecos.<\/p>\n","protected":false},"excerpt":{"rendered":"<p>\u00b7&nbsp;&nbsp;&nbsp;&nbsp;&nbsp;&nbsp;Una noche inolvidable se vivi\u00f3 en Huamantla con las presentaciones de dos artistas de gran trayectoria, qu\u00e9 pusieron a flor de piel las emociones y sentimientos de los de asistentes. Brillante y espectacular fue la presentaci\u00f3n art\u00edstica de Kabah y Jos\u00e9 Mar\u00eda Napole\u00f3n en la Feria Internacional del Arte Ef\u00edmero y la Dalia Huamantla 2023.&nbsp; [&hellip;]<\/p>\n","protected":false},"author":1,"featured_media":112312,"comment_status":"open","ping_status":"open","sticky":false,"template":"","format":"standard","meta":{"footnotes":""},"categories":[219],"tags":[],"class_list":["post-112311","post","type-post","status-publish","format-standard","has-post-thumbnail","hentry","category-huamantla"],"blog_post_layout_featured_media_urls":{"thumbnail":["https:\/\/diariolanoticia.com.mx\/wp-content\/uploads\/2023\/08\/120823_Presentacion2-216x160.jpeg",216,160,true],"full":["https:\/\/diariolanoticia.com.mx\/wp-content\/uploads\/2023\/08\/120823_Presentacion2.jpeg",1024,683,false]},"categories_names":{"219":{"name":"Huamantla","link":"https:\/\/diariolanoticia.com.mx\/?cat=219"}},"tags_names":[],"comments_number":"0","wpmagazine_modules_lite_featured_media_urls":{"thumbnail":["https:\/\/diariolanoticia.com.mx\/wp-content\/uploads\/2023\/08\/120823_Presentacion2-216x160.jpeg",216,160,true],"cvmm-medium":["https:\/\/diariolanoticia.com.mx\/wp-content\/uploads\/2023\/08\/120823_Presentacion2-300x300.jpeg",300,300,true],"cvmm-medium-plus":["https:\/\/diariolanoticia.com.mx\/wp-content\/uploads\/2023\/08\/120823_Presentacion2-305x207.jpeg",305,207,true],"cvmm-portrait":["https:\/\/diariolanoticia.com.mx\/wp-content\/uploads\/2023\/08\/120823_Presentacion2-400x600.jpeg",400,600,true],"cvmm-medium-square":["https:\/\/diariolanoticia.com.mx\/wp-content\/uploads\/2023\/08\/120823_Presentacion2-600x600.jpeg",600,600,true],"cvmm-large":["https:\/\/diariolanoticia.com.mx\/wp-content\/uploads\/2023\/08\/120823_Presentacion2.jpeg",1024,683,false],"cvmm-small":["https:\/\/diariolanoticia.com.mx\/wp-content\/uploads\/2023\/08\/120823_Presentacion2-130x95.jpeg",130,95,true],"full":["https:\/\/diariolanoticia.com.mx\/wp-content\/uploads\/2023\/08\/120823_Presentacion2.jpeg",1024,683,false]},"_links":{"self":[{"href":"https:\/\/diariolanoticia.com.mx\/index.php?rest_route=\/wp\/v2\/posts\/112311","targetHints":{"allow":["GET"]}}],"collection":[{"href":"https:\/\/diariolanoticia.com.mx\/index.php?rest_route=\/wp\/v2\/posts"}],"about":[{"href":"https:\/\/diariolanoticia.com.mx\/index.php?rest_route=\/wp\/v2\/types\/post"}],"author":[{"embeddable":true,"href":"https:\/\/diariolanoticia.com.mx\/index.php?rest_route=\/wp\/v2\/users\/1"}],"replies":[{"embeddable":true,"href":"https:\/\/diariolanoticia.com.mx\/index.php?rest_route=%2Fwp%2Fv2%2Fcomments&post=112311"}],"version-history":[{"count":1,"href":"https:\/\/diariolanoticia.com.mx\/index.php?rest_route=\/wp\/v2\/posts\/112311\/revisions"}],"predecessor-version":[{"id":112313,"href":"https:\/\/diariolanoticia.com.mx\/index.php?rest_route=\/wp\/v2\/posts\/112311\/revisions\/112313"}],"wp:featuredmedia":[{"embeddable":true,"href":"https:\/\/diariolanoticia.com.mx\/index.php?rest_route=\/wp\/v2\/media\/112312"}],"wp:attachment":[{"href":"https:\/\/diariolanoticia.com.mx\/index.php?rest_route=%2Fwp%2Fv2%2Fmedia&parent=112311"}],"wp:term":[{"taxonomy":"category","embeddable":true,"href":"https:\/\/diariolanoticia.com.mx\/index.php?rest_route=%2Fwp%2Fv2%2Fcategories&post=112311"},{"taxonomy":"post_tag","embeddable":true,"href":"https:\/\/diariolanoticia.com.mx\/index.php?rest_route=%2Fwp%2Fv2%2Ftags&post=112311"}],"curies":[{"name":"wp","href":"https:\/\/api.w.org\/{rel}","templated":true}]}}