{"id":112633,"date":"2023-08-17T19:29:58","date_gmt":"2023-08-18T01:29:58","guid":{"rendered":"https:\/\/diariolanoticia.com.mx\/?p=112633"},"modified":"2023-08-17T19:29:59","modified_gmt":"2023-08-18T01:29:59","slug":"sostiene-diputada-marcela-gonzalez-castillo-que-su-iniciativa-no-busca-privatizar-el-agua","status":"publish","type":"post","link":"https:\/\/diariolanoticia.com.mx\/?p=112633","title":{"rendered":"Sostiene diputada Marcela Gonz\u00e1lez Castillo que su iniciativa no busca privatizar el agua"},"content":{"rendered":"\n<p>\u00b7&nbsp;&nbsp;&nbsp;&nbsp;&nbsp;&nbsp;&nbsp;&nbsp;&nbsp;<em>El proyecto dice claramente que queda estrictamente prohibida la privatizaci\u00f3n del servicio.<\/em><em><\/em><\/p>\n\n\n\n<p>Tlaxcala, Tlax., a 17 de agosto de 2023<\/p>\n\n\n\n<p>Ante las dudas que han surgido sobre la iniciativa que present\u00f3 desde febrero de este a\u00f1o, para la creaci\u00f3n de la Ley de Agua y Saneamiento para el Estado de Tlaxcala, ante el Pleno de la LXIV Legislatura, la diputada Marcela Gonz\u00e1lez Castillo, aclar\u00f3 que su propuesta busca en primer lugar un beneficio ciudadano al garantizar el acceso al agua para todas y todos.<\/p>\n\n\n\n<p>Puntualiz\u00f3 que \u00aben el \u00faltimo p\u00e1rrafo del Art\u00edculo 1 dice claramente que queda estrictamente prohibida la privatizaci\u00f3n del agua y quien se\u00f1ala lo contrario est\u00e1 obligado a demostrarlo, porque en ning\u00fan rengl\u00f3n de mi iniciativa hablamos de privatizar, yo no miento, el documento est\u00e1 publicado en la p\u00e1gina del Congreso\u00bb.<\/p>\n\n\n\n<p>Asimismo, se\u00f1al\u00f3 que en el art\u00edculo 37, se garantiza que las comunidades seguir\u00e1n administrando el servicio de agua por lo que se respeta la autoridad en las comunidades.<\/p>\n\n\n\n<p>Asegur\u00f3 que esta iniciativa prev\u00e9 que independientemente de que la gente pague o no pague el agua, se trata de un derecho humano y se debe garantizar que cada persona tenga siempre disponible m\u00ednimo de 50 a 100 litros por d\u00eda tal y como lo ha establecido la Organizaci\u00f3n Mundial de la salud.<\/p>\n\n\n\n<p>Por ello recientemente se reuni\u00f3 con presidentes municipales y de comunidad, a fin de escuchar sus propuestas y tomarlos en consideraci\u00f3n, \u00ablo m\u00e1s importante es que todos podemos formar parte de la construcci\u00f3n de esta iniciativa, asistiendo a los foros, emitiendo su opini\u00f3n, aportando al proyecto\u00bb, finaliz\u00f3.<\/p>\n","protected":false},"excerpt":{"rendered":"<p>\u00b7&nbsp;&nbsp;&nbsp;&nbsp;&nbsp;&nbsp;&nbsp;&nbsp;&nbsp;El proyecto dice claramente que queda estrictamente prohibida la privatizaci\u00f3n del servicio. Tlaxcala, Tlax., a 17 de agosto de 2023 Ante las dudas que han surgido sobre la iniciativa que present\u00f3 desde febrero de este a\u00f1o, para la creaci\u00f3n de la Ley de Agua y Saneamiento para el Estado de Tlaxcala, ante el Pleno de [&hellip;]<\/p>\n","protected":false},"author":1,"featured_media":112634,"comment_status":"open","ping_status":"open","sticky":false,"template":"","format":"standard","meta":{"footnotes":""},"categories":[22],"tags":[],"class_list":["post-112633","post","type-post","status-publish","format-standard","has-post-thumbnail","hentry","category-congreso"],"blog_post_layout_featured_media_urls":{"thumbnail":["https:\/\/diariolanoticia.com.mx\/wp-content\/uploads\/2023\/08\/WhatsApp-Image-2023-08-17-at-18.24.32-216x160.jpeg",216,160,true],"full":["https:\/\/diariolanoticia.com.mx\/wp-content\/uploads\/2023\/08\/WhatsApp-Image-2023-08-17-at-18.24.32.jpeg",1280,856,false]},"categories_names":{"22":{"name":"Congreso","link":"https:\/\/diariolanoticia.com.mx\/?cat=22"}},"tags_names":[],"comments_number":"0","wpmagazine_modules_lite_featured_media_urls":{"thumbnail":["https:\/\/diariolanoticia.com.mx\/wp-content\/uploads\/2023\/08\/WhatsApp-Image-2023-08-17-at-18.24.32-216x160.jpeg",216,160,true],"cvmm-medium":["https:\/\/diariolanoticia.com.mx\/wp-content\/uploads\/2023\/08\/WhatsApp-Image-2023-08-17-at-18.24.32-300x300.jpeg",300,300,true],"cvmm-medium-plus":["https:\/\/diariolanoticia.com.mx\/wp-content\/uploads\/2023\/08\/WhatsApp-Image-2023-08-17-at-18.24.32-305x207.jpeg",305,207,true],"cvmm-portrait":["https:\/\/diariolanoticia.com.mx\/wp-content\/uploads\/2023\/08\/WhatsApp-Image-2023-08-17-at-18.24.32-400x600.jpeg",400,600,true],"cvmm-medium-square":["https:\/\/diariolanoticia.com.mx\/wp-content\/uploads\/2023\/08\/WhatsApp-Image-2023-08-17-at-18.24.32-600x600.jpeg",600,600,true],"cvmm-large":["https:\/\/diariolanoticia.com.mx\/wp-content\/uploads\/2023\/08\/WhatsApp-Image-2023-08-17-at-18.24.32-1024x856.jpeg",1024,856,true],"cvmm-small":["https:\/\/diariolanoticia.com.mx\/wp-content\/uploads\/2023\/08\/WhatsApp-Image-2023-08-17-at-18.24.32-130x95.jpeg",130,95,true],"full":["https:\/\/diariolanoticia.com.mx\/wp-content\/uploads\/2023\/08\/WhatsApp-Image-2023-08-17-at-18.24.32.jpeg",1280,856,false]},"_links":{"self":[{"href":"https:\/\/diariolanoticia.com.mx\/index.php?rest_route=\/wp\/v2\/posts\/112633","targetHints":{"allow":["GET"]}}],"collection":[{"href":"https:\/\/diariolanoticia.com.mx\/index.php?rest_route=\/wp\/v2\/posts"}],"about":[{"href":"https:\/\/diariolanoticia.com.mx\/index.php?rest_route=\/wp\/v2\/types\/post"}],"author":[{"embeddable":true,"href":"https:\/\/diariolanoticia.com.mx\/index.php?rest_route=\/wp\/v2\/users\/1"}],"replies":[{"embeddable":true,"href":"https:\/\/diariolanoticia.com.mx\/index.php?rest_route=%2Fwp%2Fv2%2Fcomments&post=112633"}],"version-history":[{"count":1,"href":"https:\/\/diariolanoticia.com.mx\/index.php?rest_route=\/wp\/v2\/posts\/112633\/revisions"}],"predecessor-version":[{"id":112635,"href":"https:\/\/diariolanoticia.com.mx\/index.php?rest_route=\/wp\/v2\/posts\/112633\/revisions\/112635"}],"wp:featuredmedia":[{"embeddable":true,"href":"https:\/\/diariolanoticia.com.mx\/index.php?rest_route=\/wp\/v2\/media\/112634"}],"wp:attachment":[{"href":"https:\/\/diariolanoticia.com.mx\/index.php?rest_route=%2Fwp%2Fv2%2Fmedia&parent=112633"}],"wp:term":[{"taxonomy":"category","embeddable":true,"href":"https:\/\/diariolanoticia.com.mx\/index.php?rest_route=%2Fwp%2Fv2%2Fcategories&post=112633"},{"taxonomy":"post_tag","embeddable":true,"href":"https:\/\/diariolanoticia.com.mx\/index.php?rest_route=%2Fwp%2Fv2%2Ftags&post=112633"}],"curies":[{"name":"wp","href":"https:\/\/api.w.org\/{rel}","templated":true}]}}