{"id":112669,"date":"2023-08-18T11:05:32","date_gmt":"2023-08-18T17:05:32","guid":{"rendered":"https:\/\/diariolanoticia.com.mx\/?p=112669"},"modified":"2023-08-18T11:05:33","modified_gmt":"2023-08-18T17:05:33","slug":"celebracion-de-la-tlaxcaltequidad-ballet-folclorico-cacaxtla","status":"publish","type":"post","link":"https:\/\/diariolanoticia.com.mx\/?p=112669","title":{"rendered":"Celebraci\u00f3n de la tlaxcaltequidad: Ballet Folcl\u00f3rico Cacaxtla"},"content":{"rendered":"\n<p>La Cr\u00f3nica: por David Chamorro Zarco<br>Cronista Municipal de Yauhquemehcan.<\/p>\n\n\n\n<p>El d\u00eda de ayer, jueves 17 de agosto, se present\u00f3 con gran \u00e9xito el Ballet Folcl\u00f3rico \u201cCacaxtla\u201d, en las instalaciones de la Plaza del Huehue, en San Dionisio Yauhquemehcan, dejando un sabor de gran festividad entre los asistentes, adem\u00e1s de una reflexi\u00f3n en torno de la importancia que ha tenido a lo largo del tiempo la identidad tlaxcalteca.<br>En este espect\u00e1culo de m\u00fasica y danza organizado en dos grandes apartados, los j\u00f3venes integrantes de esta agrupaci\u00f3n art\u00edstica hicieron un somero pero muy emotivo recuerdo del origen mitol\u00f3gico del pueblo tlaxcalteca, en las lejanas tierras de las que proceden todas las comunidades nahuatlatas.<br>Bajo la tutela del dios Camaxtli, nuestros antepasados pasaron a ocupar sucesivamente diversas tierras de lo que hoy llamamos el Valle de M\u00e9xico para finalmente establecerse m\u00e1s all\u00e1 de los volcanes, llegando a fundar primero, con el paso del tiempo, lo que ser\u00eda el Se\u00f1or\u00edo de Tepectipac, a principios del siglo XIV, dando paso poco despu\u00e9s a Quiahuixtlan, Ocotelulco y Tizatl\u00e1n.<br>Con trajes vistosos, m\u00fasica emotiva y grandes movimientos, las y los danzantes del Ballet Folcl\u00f3rico \u201cCacaxtla\u201d hicieron recuerdo del esplendor que tuvo Tlaxcala, previo a la llegada de los europeos, en gobierno colegiado, teniendo al frente a los grandes dirigentes como Tlahuexolotzin, quien fuera el dirigente de Tepectipac; el de Ocotelulco, Maxixcatzin; Citlalpopocatzin, se\u00f1or de Quiahuixtlan y el de Tizatl\u00e1n, Xicot\u00e9ncatl.<br>Recordaron tambi\u00e9n lo que la historia ha recogido como los presagios previos a la llegada de los espa\u00f1oles y, naturalmente su desembarco en las costas de lo que hoy es Veracruz, en la primavera de 1519, para luego rememorar las batallas de las que dan cuentas los principales cronistas de la \u00e9poca, culminando con la gran alianza entre los tlaxcaltecas y los espa\u00f1oles, para ir primero sobre Cholula y despu\u00e9s sobre la gran ciudad de M\u00e9xico &#8211; Tenochtitlan, que cay\u00f3 en 13 de agosto de 1521.<br>A continuaci\u00f3n, los danzantes del Ballet Folcl\u00f3rico hicieron un recuerdo esc\u00e9nico de la influencia que tuvo Tlaxcala en la fundaci\u00f3n, colonizaci\u00f3n y poblamiento de importantes zonas del norte de lo que hoy es nuestro pa\u00eds. Se hizo memoria de que muchas familias tlaxcaltecas participaron en la colonizaci\u00f3n de lugares como San Juan del R\u00edo, en Quer\u00e9taro; Tlaxcalancingo, en Puebla; San Esteban de Nueva Tlaxcala, junto a Saltillo; San Miguel de Mezquitic, en San Luis Potos\u00ed; Colotl\u00e1n, en Jalisco, y San Crist\u00f3bal de las Casas, en Chiapas. Incluso se record\u00f3 que llegaron hasta la Florida y la Habana, as\u00ed como su participaci\u00f3n en la fundaci\u00f3n de la ciudad de Guatemala.<br>A trav\u00e9s de bailes, los danzantes rememoraron la influencia tan grande que tuvo la cultura tlaxcalteca a partir del siglo XVI en la formaci\u00f3n una naci\u00f3n a la que primero se llam\u00f3 la Nueva Espa\u00f1a y que hoy es M\u00e9xico. No por nada Tlaxcala es considerada la cuna de la naci\u00f3n.<br>En la segunda parte de la presentaci\u00f3n, los danzantes presentaron un colorido cuadro de la importancia, alegr\u00eda y trascendencia que tienen las diferentes danzas del Carnaval, por las que Tlaxcala es tambi\u00e9n considerada como un crisol de cultura. Ante la diversidad de vestimentas, variantes musicales y detalles muy particulares, las danzas del carnaval en Tlaxcala tienen aspectos fundamentales en com\u00fan, tales como su profunda ra\u00edz en el coraz\u00f3n de las comunidades, su trascendencia como veh\u00edculos para celebrar la vida, la alegr\u00eda y la unidad de los pueblos y el recuerdo permanente de la grandeza que siempre ha tenido la historia y las costumbres de la cultura tlaxcalteca.<br>Quienes tuvimos ocasi\u00f3n de presenciar este espect\u00e1culo salimos con la certeza de que pertenecemos a un grupo cultural muy importante y que es necesario conocer un poco m\u00e1s de nuestras ra\u00edces e historia para poder comprendernos mejor y proyectarnos hacia el futuro.<\/p>\n\n\n\n<p>Gobierno de Yauhquemehcan 2021-2024<\/p>\n\n\n\n<h1 class=\"wp-block-heading\">BienestarQueFluye<\/h1>\n","protected":false},"excerpt":{"rendered":"<p>La Cr\u00f3nica: por David Chamorro ZarcoCronista Municipal de Yauhquemehcan. El d\u00eda de ayer, jueves 17 de agosto, se present\u00f3 con gran \u00e9xito el Ballet Folcl\u00f3rico \u201cCacaxtla\u201d, en las instalaciones de la Plaza del Huehue, en San Dionisio Yauhquemehcan, dejando un sabor de gran festividad entre los asistentes, adem\u00e1s de una reflexi\u00f3n en torno de la [&hellip;]<\/p>\n","protected":false},"author":1,"featured_media":112670,"comment_status":"open","ping_status":"open","sticky":false,"template":"","format":"standard","meta":{"footnotes":""},"categories":[46],"tags":[],"class_list":["post-112669","post","type-post","status-publish","format-standard","has-post-thumbnail","hentry","category-yauhquemehcan"],"blog_post_layout_featured_media_urls":{"thumbnail":["https:\/\/diariolanoticia.com.mx\/wp-content\/uploads\/2023\/08\/WhatsApp-Image-2023-08-18-at-10.56.09-1-216x160.jpeg",216,160,true],"full":["https:\/\/diariolanoticia.com.mx\/wp-content\/uploads\/2023\/08\/WhatsApp-Image-2023-08-18-at-10.56.09-1.jpeg",1080,810,false]},"categories_names":{"46":{"name":"Yauhquemehcan","link":"https:\/\/diariolanoticia.com.mx\/?cat=46"}},"tags_names":[],"comments_number":"0","wpmagazine_modules_lite_featured_media_urls":{"thumbnail":["https:\/\/diariolanoticia.com.mx\/wp-content\/uploads\/2023\/08\/WhatsApp-Image-2023-08-18-at-10.56.09-1-216x160.jpeg",216,160,true],"cvmm-medium":["https:\/\/diariolanoticia.com.mx\/wp-content\/uploads\/2023\/08\/WhatsApp-Image-2023-08-18-at-10.56.09-1-300x300.jpeg",300,300,true],"cvmm-medium-plus":["https:\/\/diariolanoticia.com.mx\/wp-content\/uploads\/2023\/08\/WhatsApp-Image-2023-08-18-at-10.56.09-1-305x207.jpeg",305,207,true],"cvmm-portrait":["https:\/\/diariolanoticia.com.mx\/wp-content\/uploads\/2023\/08\/WhatsApp-Image-2023-08-18-at-10.56.09-1-400x600.jpeg",400,600,true],"cvmm-medium-square":["https:\/\/diariolanoticia.com.mx\/wp-content\/uploads\/2023\/08\/WhatsApp-Image-2023-08-18-at-10.56.09-1-600x600.jpeg",600,600,true],"cvmm-large":["https:\/\/diariolanoticia.com.mx\/wp-content\/uploads\/2023\/08\/WhatsApp-Image-2023-08-18-at-10.56.09-1-1024x810.jpeg",1024,810,true],"cvmm-small":["https:\/\/diariolanoticia.com.mx\/wp-content\/uploads\/2023\/08\/WhatsApp-Image-2023-08-18-at-10.56.09-1-130x95.jpeg",130,95,true],"full":["https:\/\/diariolanoticia.com.mx\/wp-content\/uploads\/2023\/08\/WhatsApp-Image-2023-08-18-at-10.56.09-1.jpeg",1080,810,false]},"_links":{"self":[{"href":"https:\/\/diariolanoticia.com.mx\/index.php?rest_route=\/wp\/v2\/posts\/112669","targetHints":{"allow":["GET"]}}],"collection":[{"href":"https:\/\/diariolanoticia.com.mx\/index.php?rest_route=\/wp\/v2\/posts"}],"about":[{"href":"https:\/\/diariolanoticia.com.mx\/index.php?rest_route=\/wp\/v2\/types\/post"}],"author":[{"embeddable":true,"href":"https:\/\/diariolanoticia.com.mx\/index.php?rest_route=\/wp\/v2\/users\/1"}],"replies":[{"embeddable":true,"href":"https:\/\/diariolanoticia.com.mx\/index.php?rest_route=%2Fwp%2Fv2%2Fcomments&post=112669"}],"version-history":[{"count":1,"href":"https:\/\/diariolanoticia.com.mx\/index.php?rest_route=\/wp\/v2\/posts\/112669\/revisions"}],"predecessor-version":[{"id":112671,"href":"https:\/\/diariolanoticia.com.mx\/index.php?rest_route=\/wp\/v2\/posts\/112669\/revisions\/112671"}],"wp:featuredmedia":[{"embeddable":true,"href":"https:\/\/diariolanoticia.com.mx\/index.php?rest_route=\/wp\/v2\/media\/112670"}],"wp:attachment":[{"href":"https:\/\/diariolanoticia.com.mx\/index.php?rest_route=%2Fwp%2Fv2%2Fmedia&parent=112669"}],"wp:term":[{"taxonomy":"category","embeddable":true,"href":"https:\/\/diariolanoticia.com.mx\/index.php?rest_route=%2Fwp%2Fv2%2Fcategories&post=112669"},{"taxonomy":"post_tag","embeddable":true,"href":"https:\/\/diariolanoticia.com.mx\/index.php?rest_route=%2Fwp%2Fv2%2Ftags&post=112669"}],"curies":[{"name":"wp","href":"https:\/\/api.w.org\/{rel}","templated":true}]}}