{"id":112681,"date":"2023-08-18T13:19:11","date_gmt":"2023-08-18T19:19:11","guid":{"rendered":"https:\/\/diariolanoticia.com.mx\/?p=112681"},"modified":"2023-08-18T13:19:12","modified_gmt":"2023-08-18T19:19:12","slug":"abarrotan-cine-en-tlaxcala-para-ver-la-pelicula-de-marcelo-ebrard-el-camino-de-mexico","status":"publish","type":"post","link":"https:\/\/diariolanoticia.com.mx\/?p=112681","title":{"rendered":"Abarrotan cine en Tlaxcala para ver la pel\u00edcula de Marcelo Ebrard \u00abEl Camino de M\u00e9xico\u00bb."},"content":{"rendered":"\n<p><br>Al m\u00e1gico estilo de Hollywood, en un ambiente de alegr\u00eda y un cine abarrotado de gente, se llev\u00f3 a cabo la Premier de la pel\u00edcula \u00abEl Camino de M\u00e9xico\u00bb dirigida por el maestro y destacado cineasta chiapaneco Enrique Olvera y producida por el ganador del Premio Oscar Nicol\u00e1s Celis, en la cual plasman los m\u00e1s de 40 a\u00f1os de carrera de Marcelo Ebrard.<\/p>\n\n\n\n<p>En los pasillos del CineTix de Tlaxcala se extendi\u00f3 una alfombra roja de m\u00e1s de seis metros por la cual desfilaron diversos personajes de la pol\u00edtica nacional y tlaxcalteca, como los dirigentes estatales que conforman la Coordinaci\u00f3n Estatal Tlaxcala con Marcelo Si; Jorge Corichi, Coordinador de Ebrard en la 4ta Circunscripci\u00f3n; Carol Altamirano, Coordinador Estatal de Marcelo en Tlaxcala, entre otras personalidades m\u00e1s.<\/p>\n\n\n\n<p>Al iniciar el evento encontramos una sala completamente llena, para dar inicio se le dio la bienvenida a cada uno de los asistentes a nombre de la Coordinaci\u00f3n Estatal, posteriormente se present\u00f3 en medio de una lluvia de aplausos al creador de esta obra cinematogr\u00e1fica, el Maestro Enrique Olvera, quien ser\u00eda el encargado de presentar la pel\u00edcula.<\/p>\n\n\n\n<p>Enrique Olvera no dej\u00f3 pasar la oportunidad para agradecer la invitaci\u00f3n y reconoci\u00f3 la importancia que tiene Tlaxcala en la historia de nuestro pa\u00eds. Tambi\u00e9n mencion\u00f3 que llevar\u00e1 en su coraz\u00f3n y en su caminar el cari\u00f1o que ha recibido desde el momento que piso suelo tlaxcalteca, sus calles, su cultura, su gente y su historia ser\u00e1n de gran inspiraci\u00f3n, dijo.<\/p>\n\n\n\n<p>Habl\u00f3 sobre cu\u00e1l fue el proceso creativo para llevar a cabo esta pel\u00edcula, mencionado que la principal intenci\u00f3n es rendir un homenaje y dar a conocer la trayectoria de un hombre tan importante en los \u00faltimos a\u00f1os de nuestro pa\u00eds como lo es Marcelo Ebrard.<\/p>\n\n\n\n<p>En la cinta tuvimos un recorrido de poco m\u00e1s de 30 minutos, por 40 a\u00f1os de trayectoria de Ebrard Casaub\u00f3n, en los cuales en primera persona cuenta sus mayores retos y \u00e9xitos que ha vivido por &nbsp;su paso por las diferentes encomiendas en el servicio p\u00fablico, desde su paso por la Secretaria de Desarrollo Social del D.F. hasta su \u00faltimo gran logro como Secretario de Relaciones Exteriores.<\/p>\n\n\n\n<p>Al finalizar la proyecci\u00f3n un aplauso se hizo presente en la sala, acompa\u00f1ado de \u00abMarcelo, Marcelo, Marcelo\u00bb que inund\u00f3 el lugar. Sin duda uno de los eventos m\u00e1s vistosos y llamativos en lo que va del a\u00f1o, por lo hoy Tlaxcala vuelve a estar presente en todo el pa\u00eds.<\/p>\n","protected":false},"excerpt":{"rendered":"<p>Al m\u00e1gico estilo de Hollywood, en un ambiente de alegr\u00eda y un cine abarrotado de gente, se llev\u00f3 a cabo la Premier de la pel\u00edcula \u00abEl Camino de M\u00e9xico\u00bb dirigida por el maestro y destacado cineasta chiapaneco Enrique Olvera y producida por el ganador del Premio Oscar Nicol\u00e1s Celis, en la cual plasman los m\u00e1s [&hellip;]<\/p>\n","protected":false},"author":1,"featured_media":112682,"comment_status":"open","ping_status":"open","sticky":false,"template":"","format":"standard","meta":{"footnotes":""},"categories":[38],"tags":[],"class_list":["post-112681","post","type-post","status-publish","format-standard","has-post-thumbnail","hentry","category-politica"],"blog_post_layout_featured_media_urls":{"thumbnail":["https:\/\/diariolanoticia.com.mx\/wp-content\/uploads\/2023\/08\/DSC_0435-216x160.jpeg",216,160,true],"full":["https:\/\/diariolanoticia.com.mx\/wp-content\/uploads\/2023\/08\/DSC_0435.jpeg",1296,864,false]},"categories_names":{"38":{"name":"Pol\u00edtica","link":"https:\/\/diariolanoticia.com.mx\/?cat=38"}},"tags_names":[],"comments_number":"0","wpmagazine_modules_lite_featured_media_urls":{"thumbnail":["https:\/\/diariolanoticia.com.mx\/wp-content\/uploads\/2023\/08\/DSC_0435-216x160.jpeg",216,160,true],"cvmm-medium":["https:\/\/diariolanoticia.com.mx\/wp-content\/uploads\/2023\/08\/DSC_0435-300x300.jpeg",300,300,true],"cvmm-medium-plus":["https:\/\/diariolanoticia.com.mx\/wp-content\/uploads\/2023\/08\/DSC_0435-305x207.jpeg",305,207,true],"cvmm-portrait":["https:\/\/diariolanoticia.com.mx\/wp-content\/uploads\/2023\/08\/DSC_0435-400x600.jpeg",400,600,true],"cvmm-medium-square":["https:\/\/diariolanoticia.com.mx\/wp-content\/uploads\/2023\/08\/DSC_0435-600x600.jpeg",600,600,true],"cvmm-large":["https:\/\/diariolanoticia.com.mx\/wp-content\/uploads\/2023\/08\/DSC_0435-1024x864.jpeg",1024,864,true],"cvmm-small":["https:\/\/diariolanoticia.com.mx\/wp-content\/uploads\/2023\/08\/DSC_0435-130x95.jpeg",130,95,true],"full":["https:\/\/diariolanoticia.com.mx\/wp-content\/uploads\/2023\/08\/DSC_0435.jpeg",1296,864,false]},"_links":{"self":[{"href":"https:\/\/diariolanoticia.com.mx\/index.php?rest_route=\/wp\/v2\/posts\/112681","targetHints":{"allow":["GET"]}}],"collection":[{"href":"https:\/\/diariolanoticia.com.mx\/index.php?rest_route=\/wp\/v2\/posts"}],"about":[{"href":"https:\/\/diariolanoticia.com.mx\/index.php?rest_route=\/wp\/v2\/types\/post"}],"author":[{"embeddable":true,"href":"https:\/\/diariolanoticia.com.mx\/index.php?rest_route=\/wp\/v2\/users\/1"}],"replies":[{"embeddable":true,"href":"https:\/\/diariolanoticia.com.mx\/index.php?rest_route=%2Fwp%2Fv2%2Fcomments&post=112681"}],"version-history":[{"count":1,"href":"https:\/\/diariolanoticia.com.mx\/index.php?rest_route=\/wp\/v2\/posts\/112681\/revisions"}],"predecessor-version":[{"id":112683,"href":"https:\/\/diariolanoticia.com.mx\/index.php?rest_route=\/wp\/v2\/posts\/112681\/revisions\/112683"}],"wp:featuredmedia":[{"embeddable":true,"href":"https:\/\/diariolanoticia.com.mx\/index.php?rest_route=\/wp\/v2\/media\/112682"}],"wp:attachment":[{"href":"https:\/\/diariolanoticia.com.mx\/index.php?rest_route=%2Fwp%2Fv2%2Fmedia&parent=112681"}],"wp:term":[{"taxonomy":"category","embeddable":true,"href":"https:\/\/diariolanoticia.com.mx\/index.php?rest_route=%2Fwp%2Fv2%2Fcategories&post=112681"},{"taxonomy":"post_tag","embeddable":true,"href":"https:\/\/diariolanoticia.com.mx\/index.php?rest_route=%2Fwp%2Fv2%2Ftags&post=112681"}],"curies":[{"name":"wp","href":"https:\/\/api.w.org\/{rel}","templated":true}]}}