{"id":112883,"date":"2023-08-23T16:15:55","date_gmt":"2023-08-23T22:15:55","guid":{"rendered":"https:\/\/diariolanoticia.com.mx\/?p=112883"},"modified":"2023-08-23T16:15:56","modified_gmt":"2023-08-23T22:15:56","slug":"la-coordinacion-estatal-en-tlaxcala-con-marcelo-si-invita-a-la-ciudadania-a-participar-en-la-encuesta-de-morena","status":"publish","type":"post","link":"https:\/\/diariolanoticia.com.mx\/?p=112883","title":{"rendered":"La Coordinaci\u00f3n Estatal en Tlaxcala con Marcelo S\u00ed invita a la ciudadan\u00eda a participar en la encuesta de Morena"},"content":{"rendered":"\n<p><br>&#8211; Hacemos un llamado en\u00e9rgico a las dependencias gubernamentales federales, estatales y de algunos Ayuntamientos a que no distorsionen el proceso: Carol Altamirano<\/p>\n\n\n\n<p>El Coordinador de Marcelo Ebrard en Tlaxcala, Carol Altamirano, junto con los dirigentes de las diferentes expresiones de la Coordinaci\u00f3n Estatal en Tlaxcala con Marcelo S\u00ed, hicieron un llamado en\u00e9rgico, para que las dependencias estatales, federales, algunos Ayuntamientos no distorsionen ni ensucien el proceso interno del partido.<\/p>\n\n\n\n<p>\u00abA cinco d\u00edas de la encuesta, hacemos un llamado en\u00e9rgico a las dependencias gubernamentales federales, estatales, de algunos Ayuntamientos a que no distorsionen el proceso, no ensucien el proceso, que permitan que los ciudadanos, que la sociedad mexicana participe de manera libre en la encuesta, debemos todos contribuir para que el proceso sea limpio y transparente\u00bb, dijo.<\/p>\n\n\n\n<p>En ese orden, agradeci\u00f3 el respaldo que ha tenido Marcelo en Tlaxcala y todo el pa\u00eds, por lo que asegur\u00f3 que el \u00e1nimo con la gente y los resultados de encuestas serias, confirman que Ebrard Casaub\u00f3n ganar\u00e1 la encuesta de Morena y ser\u00e1 designado como el pr\u00f3ximo Coordinador Nacional de los Comit\u00e9s de Defensa de la Cuarta Transformaci\u00f3n.<\/p>\n\n\n\n<p>\u00abAgradecemos el gran respaldo que ha tenido Marcelo en Tlaxcala y todo el pa\u00eds, por ese motivo creemos que es importante hacer bien las cosas, respetar los acuerdos internos, que se haga un proceso escrupuloso, abierto, democr\u00e1tico, transparente y que se respeten las reglas\u00bb, expuso.<\/p>\n\n\n\n<p>En otro tema, lament\u00f3 el acarreo indiscriminado y el derroche de recursos p\u00fablicos que se han visto en todo el pa\u00eds a favor de otros aspirantes, pues este tipo de practicas ofenden y denigran a Morena y al movimiento que fund\u00f3 Andr\u00e9s Manuel L\u00f3pez Obrador.<\/p>\n\n\n\n<p>\u00abLo decimos por que c\u00f3mo a ustedes les consta, no hab\u00edamos visto tanto acarreo, tanta campa\u00f1a negra y sucia en contra de Marcelo, tantas encuestas pagadas e incluso como se ha usado a la Secretar\u00eda de Bienestar y a algunos gobiernos para favorecer a algunos aspirantes\u00bb.<\/p>\n\n\n\n<p>En ese sentido, explic\u00f3 que la campa\u00f1a de Marcelo a nivel nacional se ha ce\u00f1ido a lo que marcaron los acuerdos de Morena, \u00abfue una campa\u00f1a austera, sin derroche ni uso de recursos p\u00fablicos, pues lo m\u00e1s importante es la unidad, el proyecto de continuidad de la 4T y la democracia del partido\u00bb.<\/p>\n\n\n\n<p>Finalmente, invit\u00f3 a la ciudadan\u00eda sea o no de Morena a que participe en la encuesta de manera libre, consciente y razonado, la cual se prev\u00e9 que se lleve a cabo del 28 de agosto al 3 de septiembre, pues lo que se juega es el futuro del pa\u00eds y de las familias mexicanas.<\/p>\n\n\n\n<p>\u00abPara cerrar, invitamos a la ciudadan\u00eda a que participe en este proceso democr\u00e1tico, que sea de manera libre por el bien del pa\u00eds, del 28 de agosto al 3 de septiembre, si tocan a tu puerta \u00e1breles, participa, es nuestro momento de decidir el futuro de nuestro pa\u00eds\u00bb.<\/p>\n\n\n\n<p>Para culminar, anunci\u00f3 que el cierre de estos recorridos por la Rep\u00fablica que hizo Marcelo Ebrard, ser\u00e1 el pr\u00f3ximo domingo 27 de agosto en la Arena de M\u00e9xico en la Ciudad de M\u00e9xico, por lo que todos est\u00e1n invitado a acompa\u00f1ar al pr\u00f3ximo Coordinador Nacional y defensor de la 4T.<\/p>\n","protected":false},"excerpt":{"rendered":"<p>&#8211; Hacemos un llamado en\u00e9rgico a las dependencias gubernamentales federales, estatales y de algunos Ayuntamientos a que no distorsionen el proceso: Carol Altamirano El Coordinador de Marcelo Ebrard en Tlaxcala, Carol Altamirano, junto con los dirigentes de las diferentes expresiones de la Coordinaci\u00f3n Estatal en Tlaxcala con Marcelo S\u00ed, hicieron un llamado en\u00e9rgico, para que [&hellip;]<\/p>\n","protected":false},"author":1,"featured_media":112884,"comment_status":"open","ping_status":"open","sticky":false,"template":"","format":"standard","meta":{"footnotes":""},"categories":[38],"tags":[],"class_list":["post-112883","post","type-post","status-publish","format-standard","has-post-thumbnail","hentry","category-politica"],"blog_post_layout_featured_media_urls":{"thumbnail":["https:\/\/diariolanoticia.com.mx\/wp-content\/uploads\/2023\/08\/DSC_504-216x160.jpeg",216,160,true],"full":["https:\/\/diariolanoticia.com.mx\/wp-content\/uploads\/2023\/08\/DSC_504.jpeg",1024,682,false]},"categories_names":{"38":{"name":"Pol\u00edtica","link":"https:\/\/diariolanoticia.com.mx\/?cat=38"}},"tags_names":[],"comments_number":"0","wpmagazine_modules_lite_featured_media_urls":{"thumbnail":["https:\/\/diariolanoticia.com.mx\/wp-content\/uploads\/2023\/08\/DSC_504-216x160.jpeg",216,160,true],"cvmm-medium":["https:\/\/diariolanoticia.com.mx\/wp-content\/uploads\/2023\/08\/DSC_504-300x300.jpeg",300,300,true],"cvmm-medium-plus":["https:\/\/diariolanoticia.com.mx\/wp-content\/uploads\/2023\/08\/DSC_504-305x207.jpeg",305,207,true],"cvmm-portrait":["https:\/\/diariolanoticia.com.mx\/wp-content\/uploads\/2023\/08\/DSC_504-400x600.jpeg",400,600,true],"cvmm-medium-square":["https:\/\/diariolanoticia.com.mx\/wp-content\/uploads\/2023\/08\/DSC_504-600x600.jpeg",600,600,true],"cvmm-large":["https:\/\/diariolanoticia.com.mx\/wp-content\/uploads\/2023\/08\/DSC_504.jpeg",1024,682,false],"cvmm-small":["https:\/\/diariolanoticia.com.mx\/wp-content\/uploads\/2023\/08\/DSC_504-130x95.jpeg",130,95,true],"full":["https:\/\/diariolanoticia.com.mx\/wp-content\/uploads\/2023\/08\/DSC_504.jpeg",1024,682,false]},"_links":{"self":[{"href":"https:\/\/diariolanoticia.com.mx\/index.php?rest_route=\/wp\/v2\/posts\/112883","targetHints":{"allow":["GET"]}}],"collection":[{"href":"https:\/\/diariolanoticia.com.mx\/index.php?rest_route=\/wp\/v2\/posts"}],"about":[{"href":"https:\/\/diariolanoticia.com.mx\/index.php?rest_route=\/wp\/v2\/types\/post"}],"author":[{"embeddable":true,"href":"https:\/\/diariolanoticia.com.mx\/index.php?rest_route=\/wp\/v2\/users\/1"}],"replies":[{"embeddable":true,"href":"https:\/\/diariolanoticia.com.mx\/index.php?rest_route=%2Fwp%2Fv2%2Fcomments&post=112883"}],"version-history":[{"count":1,"href":"https:\/\/diariolanoticia.com.mx\/index.php?rest_route=\/wp\/v2\/posts\/112883\/revisions"}],"predecessor-version":[{"id":112885,"href":"https:\/\/diariolanoticia.com.mx\/index.php?rest_route=\/wp\/v2\/posts\/112883\/revisions\/112885"}],"wp:featuredmedia":[{"embeddable":true,"href":"https:\/\/diariolanoticia.com.mx\/index.php?rest_route=\/wp\/v2\/media\/112884"}],"wp:attachment":[{"href":"https:\/\/diariolanoticia.com.mx\/index.php?rest_route=%2Fwp%2Fv2%2Fmedia&parent=112883"}],"wp:term":[{"taxonomy":"category","embeddable":true,"href":"https:\/\/diariolanoticia.com.mx\/index.php?rest_route=%2Fwp%2Fv2%2Fcategories&post=112883"},{"taxonomy":"post_tag","embeddable":true,"href":"https:\/\/diariolanoticia.com.mx\/index.php?rest_route=%2Fwp%2Fv2%2Ftags&post=112883"}],"curies":[{"name":"wp","href":"https:\/\/api.w.org\/{rel}","templated":true}]}}