{"id":112886,"date":"2023-08-23T16:16:46","date_gmt":"2023-08-23T22:16:46","guid":{"rendered":"https:\/\/diariolanoticia.com.mx\/?p=112886"},"modified":"2023-08-23T16:16:47","modified_gmt":"2023-08-23T22:16:47","slug":"realizo-uatx-panel-internacional-de-comunicacion-politica","status":"publish","type":"post","link":"https:\/\/diariolanoticia.com.mx\/?p=112886","title":{"rendered":"Realiz\u00f3 UATx panel internacional de comunicaci\u00f3n pol\u00edtica"},"content":{"rendered":"\n<p>La Facultad de Derecho, Ciencias Pol\u00edticas y Criminolog\u00eda, de la Universidad Aut\u00f3noma de Tlaxcala (UATx), llev\u00f3 a cabo el \u00abPanel Internacional Comunicaci\u00f3n Pol\u00edtica y Gubernamental con Perspectiva de G\u00e9nero\u00bb, en el marco del&nbsp;Seminario Internacional de Comunicaci\u00f3n Pol\u00edtica M\u00e9xico-Brasil 2023, con la participaci\u00f3n de los doctores Roberto Gondo Macedo y Mirtes de Morales, catedr\u00e1ticos de la Universidad Presbiteriana de Mackenzie de Brasil (UPM), as\u00ed como de los doctores Ana Bertha Castellanos Salazar y V\u00edctor Manuel Rosales Mu\u00f1oz, por parte de la UATx, con la moderaci\u00f3n del Maestro Sa\u00fal Molina Mata. Asimismo, firmaron un convenio de colaboraci\u00f3n acad\u00e9mica el Maestro Dante Morales Cruz, Director de la Facultad y el Doctor Rafael Fonseca Campos, Director del Centro de Comunicaci\u00f3n y Letras de la UPM.<\/p>\n","protected":false},"excerpt":{"rendered":"<p>La Facultad de Derecho, Ciencias Pol\u00edticas y Criminolog\u00eda, de la Universidad Aut\u00f3noma de Tlaxcala (UATx), llev\u00f3 a cabo el \u00abPanel Internacional Comunicaci\u00f3n Pol\u00edtica y Gubernamental con Perspectiva de G\u00e9nero\u00bb, en el marco del&nbsp;Seminario Internacional de Comunicaci\u00f3n Pol\u00edtica M\u00e9xico-Brasil 2023, con la participaci\u00f3n de los doctores Roberto Gondo Macedo y Mirtes de Morales, catedr\u00e1ticos de la [&hellip;]<\/p>\n","protected":false},"author":1,"featured_media":112887,"comment_status":"open","ping_status":"open","sticky":false,"template":"","format":"standard","meta":{"footnotes":""},"categories":[10],"tags":[],"class_list":["post-112886","post","type-post","status-publish","format-standard","has-post-thumbnail","hentry","category-educacion"],"blog_post_layout_featured_media_urls":{"thumbnail":["https:\/\/diariolanoticia.com.mx\/wp-content\/uploads\/2023\/08\/23-Realizo-UATx-panel-internacional-de-comunicacion-politica-216x160.jpg",216,160,true],"full":["https:\/\/diariolanoticia.com.mx\/wp-content\/uploads\/2023\/08\/23-Realizo-UATx-panel-internacional-de-comunicacion-politica.jpg",2300,1406,false]},"categories_names":{"10":{"name":"Educaci\u00f3n","link":"https:\/\/diariolanoticia.com.mx\/?cat=10"}},"tags_names":[],"comments_number":"0","wpmagazine_modules_lite_featured_media_urls":{"thumbnail":["https:\/\/diariolanoticia.com.mx\/wp-content\/uploads\/2023\/08\/23-Realizo-UATx-panel-internacional-de-comunicacion-politica-216x160.jpg",216,160,true],"cvmm-medium":["https:\/\/diariolanoticia.com.mx\/wp-content\/uploads\/2023\/08\/23-Realizo-UATx-panel-internacional-de-comunicacion-politica-300x300.jpg",300,300,true],"cvmm-medium-plus":["https:\/\/diariolanoticia.com.mx\/wp-content\/uploads\/2023\/08\/23-Realizo-UATx-panel-internacional-de-comunicacion-politica-305x207.jpg",305,207,true],"cvmm-portrait":["https:\/\/diariolanoticia.com.mx\/wp-content\/uploads\/2023\/08\/23-Realizo-UATx-panel-internacional-de-comunicacion-politica-400x600.jpg",400,600,true],"cvmm-medium-square":["https:\/\/diariolanoticia.com.mx\/wp-content\/uploads\/2023\/08\/23-Realizo-UATx-panel-internacional-de-comunicacion-politica-600x600.jpg",600,600,true],"cvmm-large":["https:\/\/diariolanoticia.com.mx\/wp-content\/uploads\/2023\/08\/23-Realizo-UATx-panel-internacional-de-comunicacion-politica-1024x1024.jpg",1024,1024,true],"cvmm-small":["https:\/\/diariolanoticia.com.mx\/wp-content\/uploads\/2023\/08\/23-Realizo-UATx-panel-internacional-de-comunicacion-politica-130x95.jpg",130,95,true],"full":["https:\/\/diariolanoticia.com.mx\/wp-content\/uploads\/2023\/08\/23-Realizo-UATx-panel-internacional-de-comunicacion-politica.jpg",2300,1406,false]},"_links":{"self":[{"href":"https:\/\/diariolanoticia.com.mx\/index.php?rest_route=\/wp\/v2\/posts\/112886","targetHints":{"allow":["GET"]}}],"collection":[{"href":"https:\/\/diariolanoticia.com.mx\/index.php?rest_route=\/wp\/v2\/posts"}],"about":[{"href":"https:\/\/diariolanoticia.com.mx\/index.php?rest_route=\/wp\/v2\/types\/post"}],"author":[{"embeddable":true,"href":"https:\/\/diariolanoticia.com.mx\/index.php?rest_route=\/wp\/v2\/users\/1"}],"replies":[{"embeddable":true,"href":"https:\/\/diariolanoticia.com.mx\/index.php?rest_route=%2Fwp%2Fv2%2Fcomments&post=112886"}],"version-history":[{"count":1,"href":"https:\/\/diariolanoticia.com.mx\/index.php?rest_route=\/wp\/v2\/posts\/112886\/revisions"}],"predecessor-version":[{"id":112888,"href":"https:\/\/diariolanoticia.com.mx\/index.php?rest_route=\/wp\/v2\/posts\/112886\/revisions\/112888"}],"wp:featuredmedia":[{"embeddable":true,"href":"https:\/\/diariolanoticia.com.mx\/index.php?rest_route=\/wp\/v2\/media\/112887"}],"wp:attachment":[{"href":"https:\/\/diariolanoticia.com.mx\/index.php?rest_route=%2Fwp%2Fv2%2Fmedia&parent=112886"}],"wp:term":[{"taxonomy":"category","embeddable":true,"href":"https:\/\/diariolanoticia.com.mx\/index.php?rest_route=%2Fwp%2Fv2%2Fcategories&post=112886"},{"taxonomy":"post_tag","embeddable":true,"href":"https:\/\/diariolanoticia.com.mx\/index.php?rest_route=%2Fwp%2Fv2%2Ftags&post=112886"}],"curies":[{"name":"wp","href":"https:\/\/api.w.org\/{rel}","templated":true}]}}