{"id":112928,"date":"2023-08-24T15:00:40","date_gmt":"2023-08-24T21:00:40","guid":{"rendered":"https:\/\/diariolanoticia.com.mx\/?p=112928"},"modified":"2023-08-24T15:00:40","modified_gmt":"2023-08-24T21:00:40","slug":"apuesta-gobierno-estatal-por-la-educacion-y-futuro-de-las-siguientes-generaciones","status":"publish","type":"post","link":"https:\/\/diariolanoticia.com.mx\/?p=112928","title":{"rendered":"Apuesta Gobierno Estatal por la educaci\u00f3n y futuro de las siguientes generaciones"},"content":{"rendered":"\n<figure class=\"wp-block-gallery has-nested-images columns-default is-cropped wp-block-gallery-1 is-layout-flex wp-block-gallery-is-layout-flex\">\n<figure class=\"wp-block-image\"><img loading=\"lazy\" decoding=\"async\" width=\"1024\" height=\"683\" data-id=\"112927\" src=\"https:\/\/diariolanoticia.com.mx\/wp-content\/uploads\/2023\/08\/img_5699-1024x683.jpg\" alt=\"\" class=\"wp-image-112927\" srcset=\"https:\/\/diariolanoticia.com.mx\/wp-content\/uploads\/2023\/08\/img_5699-1024x683.jpg 1024w, https:\/\/diariolanoticia.com.mx\/wp-content\/uploads\/2023\/08\/img_5699-300x200.jpg 300w, https:\/\/diariolanoticia.com.mx\/wp-content\/uploads\/2023\/08\/img_5699-768x512.jpg 768w, https:\/\/diariolanoticia.com.mx\/wp-content\/uploads\/2023\/08\/img_5699.jpg 1500w\" sizes=\"auto, (max-width: 1024px) 100vw, 1024px\" \/><\/figure>\n\n\n\n<figure class=\"wp-block-image\"><img loading=\"lazy\" decoding=\"async\" width=\"1024\" height=\"683\" data-id=\"112926\" src=\"https:\/\/diariolanoticia.com.mx\/wp-content\/uploads\/2023\/08\/img_5698-1024x683.jpg\" alt=\"\" class=\"wp-image-112926\" srcset=\"https:\/\/diariolanoticia.com.mx\/wp-content\/uploads\/2023\/08\/img_5698-1024x683.jpg 1024w, https:\/\/diariolanoticia.com.mx\/wp-content\/uploads\/2023\/08\/img_5698-300x200.jpg 300w, https:\/\/diariolanoticia.com.mx\/wp-content\/uploads\/2023\/08\/img_5698-768x512.jpg 768w, https:\/\/diariolanoticia.com.mx\/wp-content\/uploads\/2023\/08\/img_5698.jpg 1500w\" sizes=\"auto, (max-width: 1024px) 100vw, 1024px\" \/><\/figure>\n<\/figure>\n\n\n\n<p>-Acompa\u00f1ado por la se\u00f1ora Gaby Bonilla, presidenta honoraria del Patronato del SEDIF, el mandatario inaugur\u00f3 la rehabilitaci\u00f3n de la segunda etapa de la Universidad de la Salud del Estado de Puebla<\/p>\n\n\n\n<p>-De igual forma el titular del Ejecutivo inici\u00f3 el ciclo escolar 2023- 2024 en esta instituci\u00f3n educativa<\/p>\n\n\n\n<p>CIUDAD DE PUEBLA, Pue.- De manera transparente, el gobierno estatal invierte el dinero del pueblo en la educaci\u00f3n, en las siguientes generaciones, apostando as\u00ed por el futuro de Puebla y del pa\u00eds, sostuvo el gobernador Sergio Salom\u00f3n.<\/p>\n\n\n\n<p>Al inaugurar la rehabilitaci\u00f3n de la segunda etapa de la Universidad de la Salud del Estado de Puebla, por un monto de 19 millones 054 mil pesos, e iniciar el ciclo escolar 2023- 2024 en esta instituci\u00f3n, el mandatario convoc\u00f3 a las y los estudiantes a hacer comunidad, m\u00e1s all\u00e1 de ideolog\u00edas y colores partidistas.<\/p>\n\n\n\n<p>\u201cNo solamente orienten, sino que tambi\u00e9n gu\u00eden y busquen que volvamos a hacer comunidad, porque hoy la individualidad no nos ha dejado nada bueno; hoy nuestro reto es hacer comunidad y volver a reencontrarnos en el respeto a las instituciones, reconocernos como parte de una sociedad y entre todos abonar por un bien com\u00fan, m\u00e1s all\u00e1 de partidos pol\u00edticos e ideolog\u00edas\u201d, indic\u00f3 el gobernador Sergio Salom\u00f3n.<\/p>\n\n\n\n<p>Acompa\u00f1ado por la se\u00f1ora Gaby Bonilla, presidenta honoraria del Patronato del Sistema para el Desarrollo Integral del Estado de Puebla (SEDIF), el mandatario estatal tambi\u00e9n llam\u00f3 a las y los aprendientes de este plantel escolar a actuar con compromiso, \u00e9tica y transparencia y de esta forma sean un ejemplo de autoridad moral que siempre han tenido los m\u00e9dicos.<\/p>\n\n\n\n<p>INTERVIENE CAPCEE M\u00c1S DE MIL 836 METROS<br \/>CUADRADOS DEL HIST\u00d3RICO EDIFICIO<\/p>\n\n\n\n<p>Por su parte, el director general del Comit\u00e9 Administrador Poblano para la Construcci\u00f3n de Espacios Educativos (CAPCEE), Mario Alberto Cruz Gonz\u00e1lez puntualiz\u00f3 que en este hist\u00f3rico edificio que data de los siglos XVII y XVIII, ubicado en la 9 Norte y 2 Poniente, fueron intervenidos m\u00e1s de mil 836 metros cuadrados.<\/p>\n\n\n\n<p>Destac\u00f3 que esta obra recupera una joya arquitect\u00f3nica para Puebla, donde fueron sumados el talento de restauradores del Instituto Nacional de Antropolog\u00eda e Historia (INAH) y la experiencia de estructuristas del CAPCEE, quienes cumplieron con normas y lineamientos que corresponden a un inmueble con valor hist\u00f3rico, ya que presentaba da\u00f1os severos por el paso del tiempo, el sismo del a\u00f1o 2017 y actos de vandalismo.<\/p>\n\n\n\n<p>Los trabajos consistieron en consolidaciones, refuerzo de muros, reintegraci\u00f3n de materiales originales; sustituci\u00f3n de cubiertas, pisos y canceler\u00edas; construcci\u00f3n de dos escaleras en el patio central, instalaciones el\u00e9ctrica, hidr\u00e1ulica y sanitaria; sustituci\u00f3n de portones de acceso; as\u00ed como la rehabilitaci\u00f3n y fortalecimiento de las dos fachadas.<\/p>\n\n\n\n<p>En este acto, en el que estuvieron presentes los secretarios de Gobernaci\u00f3n, Javier Aquino Lim\u00f3n; de Salud, Araceli Soria C\u00f3rdoba; y Educaci\u00f3n, Isabel Merlo Talavera; la rectora de la Universidad de la Salud, Fabiola Arenas de Ita destac\u00f3 el compromiso de la instituci\u00f3n de formar profesionales de las ciencias de la salud, con vocaci\u00f3n regional, que sean profesionistas competentes, con pensamiento cr\u00edtico, capacidad creativa, con alto sentido \u00e9tico y mayor responsabilidad social.<\/p>\n","protected":false},"excerpt":{"rendered":"<p>-Acompa\u00f1ado por la se\u00f1ora Gaby Bonilla, presidenta honoraria del Patronato del SEDIF, el mandatario inaugur\u00f3 la rehabilitaci\u00f3n de la segunda etapa de la Universidad de la Salud del Estado de Puebla -De igual forma el titular del Ejecutivo inici\u00f3 el ciclo escolar 2023- 2024 en esta instituci\u00f3n educativa CIUDAD DE PUEBLA, Pue.- De manera transparente, [&hellip;]<\/p>\n","protected":false},"author":1,"featured_media":112925,"comment_status":"open","ping_status":"open","sticky":false,"template":"","format":"standard","meta":{"footnotes":""},"categories":[20],"tags":[52],"class_list":["post-112928","post","type-post","status-publish","format-standard","has-post-thumbnail","hentry","category-norte-de-puebla","tag-puebla"],"blog_post_layout_featured_media_urls":{"thumbnail":["https:\/\/diariolanoticia.com.mx\/wp-content\/uploads\/2023\/08\/img_5696-216x160.jpg",216,160,true],"full":["https:\/\/diariolanoticia.com.mx\/wp-content\/uploads\/2023\/08\/img_5696.jpg",1500,1046,false]},"categories_names":{"20":{"name":"Norte de Puebla","link":"https:\/\/diariolanoticia.com.mx\/?cat=20"}},"tags_names":{"52":{"name":"Puebla","link":"https:\/\/diariolanoticia.com.mx\/?tag=puebla"}},"comments_number":"0","wpmagazine_modules_lite_featured_media_urls":{"thumbnail":["https:\/\/diariolanoticia.com.mx\/wp-content\/uploads\/2023\/08\/img_5696-216x160.jpg",216,160,true],"cvmm-medium":["https:\/\/diariolanoticia.com.mx\/wp-content\/uploads\/2023\/08\/img_5696-300x300.jpg",300,300,true],"cvmm-medium-plus":["https:\/\/diariolanoticia.com.mx\/wp-content\/uploads\/2023\/08\/img_5696-305x207.jpg",305,207,true],"cvmm-portrait":["https:\/\/diariolanoticia.com.mx\/wp-content\/uploads\/2023\/08\/img_5696-400x600.jpg",400,600,true],"cvmm-medium-square":["https:\/\/diariolanoticia.com.mx\/wp-content\/uploads\/2023\/08\/img_5696-600x600.jpg",600,600,true],"cvmm-large":["https:\/\/diariolanoticia.com.mx\/wp-content\/uploads\/2023\/08\/img_5696-1024x1024.jpg",1024,1024,true],"cvmm-small":["https:\/\/diariolanoticia.com.mx\/wp-content\/uploads\/2023\/08\/img_5696-130x95.jpg",130,95,true],"full":["https:\/\/diariolanoticia.com.mx\/wp-content\/uploads\/2023\/08\/img_5696.jpg",1500,1046,false]},"_links":{"self":[{"href":"https:\/\/diariolanoticia.com.mx\/index.php?rest_route=\/wp\/v2\/posts\/112928","targetHints":{"allow":["GET"]}}],"collection":[{"href":"https:\/\/diariolanoticia.com.mx\/index.php?rest_route=\/wp\/v2\/posts"}],"about":[{"href":"https:\/\/diariolanoticia.com.mx\/index.php?rest_route=\/wp\/v2\/types\/post"}],"author":[{"embeddable":true,"href":"https:\/\/diariolanoticia.com.mx\/index.php?rest_route=\/wp\/v2\/users\/1"}],"replies":[{"embeddable":true,"href":"https:\/\/diariolanoticia.com.mx\/index.php?rest_route=%2Fwp%2Fv2%2Fcomments&post=112928"}],"version-history":[{"count":1,"href":"https:\/\/diariolanoticia.com.mx\/index.php?rest_route=\/wp\/v2\/posts\/112928\/revisions"}],"predecessor-version":[{"id":112929,"href":"https:\/\/diariolanoticia.com.mx\/index.php?rest_route=\/wp\/v2\/posts\/112928\/revisions\/112929"}],"wp:featuredmedia":[{"embeddable":true,"href":"https:\/\/diariolanoticia.com.mx\/index.php?rest_route=\/wp\/v2\/media\/112925"}],"wp:attachment":[{"href":"https:\/\/diariolanoticia.com.mx\/index.php?rest_route=%2Fwp%2Fv2%2Fmedia&parent=112928"}],"wp:term":[{"taxonomy":"category","embeddable":true,"href":"https:\/\/diariolanoticia.com.mx\/index.php?rest_route=%2Fwp%2Fv2%2Fcategories&post=112928"},{"taxonomy":"post_tag","embeddable":true,"href":"https:\/\/diariolanoticia.com.mx\/index.php?rest_route=%2Fwp%2Fv2%2Ftags&post=112928"}],"curies":[{"name":"wp","href":"https:\/\/api.w.org\/{rel}","templated":true}]}}