{"id":112979,"date":"2023-08-25T14:36:26","date_gmt":"2023-08-25T20:36:26","guid":{"rendered":"https:\/\/diariolanoticia.com.mx\/?p=112979"},"modified":"2023-08-25T14:36:27","modified_gmt":"2023-08-25T20:36:27","slug":"realiza-sedif-cursos-de-verano-para-ninas-y-ninos-del-centro-de-asistencia-social","status":"publish","type":"post","link":"https:\/\/diariolanoticia.com.mx\/?p=112979","title":{"rendered":"REALIZA SEDIF CURSOS DE VERANO PARA NI\u00d1AS Y NI\u00d1OS DEL CENTRO DE ASISTENCIA SOCIAL"},"content":{"rendered":"\n<p>*Con actividades recreativas se busca que las y los ni\u00f1os bajo la tutela del Estado desarrollen diferentes habilidades<\/p>\n\n\n\n<p>Durante este periodo vacacional, ni\u00f1as, ni\u00f1os y adolescentes del Centro de Asistencia Social (CAS) del Sistema Estatal para el Desarrollo Integral de la Familia (Sedif), participan en diferentes actividades recreativas, deportivas y de manualidades como parte del curso de verano.<\/p>\n\n\n\n<p>Las ni\u00f1as, ni\u00f1os y adolescentes que est\u00e1n bajo la tutela del Estado disfrutan de actividades como nataci\u00f3n, Kung fu, f\u00fatbol, baile, bisuter\u00eda, globoflexia, elaboraci\u00f3n de pi\u00f1atas, reposter\u00eda y estilismo, que les permiten desarrollar diferentes habilidades y propician la sana convivencia.<\/p>\n\n\n\n<p>Con este tipo de actividades en el CAS se mantiene a las y los ni\u00f1os activos durante el presente receso escolar por las vacaciones de verano, impulsando su destreza y habilidades.<\/p>\n\n\n\n<p>En el Sistema Estatal DIF consideramos que los cursos de verano ofrecen a las y los ni\u00f1os una oportunidad para desconectarse del estr\u00e9s acad\u00e9mico y disfrutar del aprendizaje de una manera m\u00e1s relajada y l\u00fadica, adem\u00e1s que les permiten desarrollar nuevas habilidades y competencias<\/p>\n\n\n\n<p>Este enfoque menos estructurado les permite aprender a trav\u00e9s del juego y la exploraci\u00f3n, lo que a menudo resulta en una retenci\u00f3n de conocimientos m\u00e1s significativa y duradera.<\/p>\n","protected":false},"excerpt":{"rendered":"<p>*Con actividades recreativas se busca que las y los ni\u00f1os bajo la tutela del Estado desarrollen diferentes habilidades Durante este periodo vacacional, ni\u00f1as, ni\u00f1os y adolescentes del Centro de Asistencia Social (CAS) del Sistema Estatal para el Desarrollo Integral de la Familia (Sedif), participan en diferentes actividades recreativas, deportivas y de manualidades como parte del [&hellip;]<\/p>\n","protected":false},"author":1,"featured_media":112980,"comment_status":"open","ping_status":"open","sticky":false,"template":"","format":"standard","meta":{"footnotes":""},"categories":[21],"tags":[],"class_list":["post-112979","post","type-post","status-publish","format-standard","has-post-thumbnail","hentry","category-estatal"],"blog_post_layout_featured_media_urls":{"thumbnail":["https:\/\/diariolanoticia.com.mx\/wp-content\/uploads\/2023\/08\/WhatsApp-Image-2023-08-25-at-11.13.09-216x160.jpeg",216,160,true],"full":["https:\/\/diariolanoticia.com.mx\/wp-content\/uploads\/2023\/08\/WhatsApp-Image-2023-08-25-at-11.13.09.jpeg",1600,1072,false]},"categories_names":{"21":{"name":"Estatal","link":"https:\/\/diariolanoticia.com.mx\/?cat=21"}},"tags_names":[],"comments_number":"0","wpmagazine_modules_lite_featured_media_urls":{"thumbnail":["https:\/\/diariolanoticia.com.mx\/wp-content\/uploads\/2023\/08\/WhatsApp-Image-2023-08-25-at-11.13.09-216x160.jpeg",216,160,true],"cvmm-medium":["https:\/\/diariolanoticia.com.mx\/wp-content\/uploads\/2023\/08\/WhatsApp-Image-2023-08-25-at-11.13.09-300x300.jpeg",300,300,true],"cvmm-medium-plus":["https:\/\/diariolanoticia.com.mx\/wp-content\/uploads\/2023\/08\/WhatsApp-Image-2023-08-25-at-11.13.09-305x207.jpeg",305,207,true],"cvmm-portrait":["https:\/\/diariolanoticia.com.mx\/wp-content\/uploads\/2023\/08\/WhatsApp-Image-2023-08-25-at-11.13.09-400x600.jpeg",400,600,true],"cvmm-medium-square":["https:\/\/diariolanoticia.com.mx\/wp-content\/uploads\/2023\/08\/WhatsApp-Image-2023-08-25-at-11.13.09-600x600.jpeg",600,600,true],"cvmm-large":["https:\/\/diariolanoticia.com.mx\/wp-content\/uploads\/2023\/08\/WhatsApp-Image-2023-08-25-at-11.13.09-1024x1024.jpeg",1024,1024,true],"cvmm-small":["https:\/\/diariolanoticia.com.mx\/wp-content\/uploads\/2023\/08\/WhatsApp-Image-2023-08-25-at-11.13.09-130x95.jpeg",130,95,true],"full":["https:\/\/diariolanoticia.com.mx\/wp-content\/uploads\/2023\/08\/WhatsApp-Image-2023-08-25-at-11.13.09.jpeg",1600,1072,false]},"_links":{"self":[{"href":"https:\/\/diariolanoticia.com.mx\/index.php?rest_route=\/wp\/v2\/posts\/112979","targetHints":{"allow":["GET"]}}],"collection":[{"href":"https:\/\/diariolanoticia.com.mx\/index.php?rest_route=\/wp\/v2\/posts"}],"about":[{"href":"https:\/\/diariolanoticia.com.mx\/index.php?rest_route=\/wp\/v2\/types\/post"}],"author":[{"embeddable":true,"href":"https:\/\/diariolanoticia.com.mx\/index.php?rest_route=\/wp\/v2\/users\/1"}],"replies":[{"embeddable":true,"href":"https:\/\/diariolanoticia.com.mx\/index.php?rest_route=%2Fwp%2Fv2%2Fcomments&post=112979"}],"version-history":[{"count":1,"href":"https:\/\/diariolanoticia.com.mx\/index.php?rest_route=\/wp\/v2\/posts\/112979\/revisions"}],"predecessor-version":[{"id":112981,"href":"https:\/\/diariolanoticia.com.mx\/index.php?rest_route=\/wp\/v2\/posts\/112979\/revisions\/112981"}],"wp:featuredmedia":[{"embeddable":true,"href":"https:\/\/diariolanoticia.com.mx\/index.php?rest_route=\/wp\/v2\/media\/112980"}],"wp:attachment":[{"href":"https:\/\/diariolanoticia.com.mx\/index.php?rest_route=%2Fwp%2Fv2%2Fmedia&parent=112979"}],"wp:term":[{"taxonomy":"category","embeddable":true,"href":"https:\/\/diariolanoticia.com.mx\/index.php?rest_route=%2Fwp%2Fv2%2Fcategories&post=112979"},{"taxonomy":"post_tag","embeddable":true,"href":"https:\/\/diariolanoticia.com.mx\/index.php?rest_route=%2Fwp%2Fv2%2Ftags&post=112979"}],"curies":[{"name":"wp","href":"https:\/\/api.w.org\/{rel}","templated":true}]}}