{"id":112997,"date":"2023-08-25T17:06:43","date_gmt":"2023-08-25T23:06:43","guid":{"rendered":"https:\/\/diariolanoticia.com.mx\/?p=112997"},"modified":"2023-08-25T17:06:44","modified_gmt":"2023-08-25T23:06:44","slug":"marcelo-ebrard-saldra-victorioso-en-la-encuesta-de-morena-vaticinan-en-zacatelco","status":"publish","type":"post","link":"https:\/\/diariolanoticia.com.mx\/?p=112997","title":{"rendered":"Marcelo Ebrard saldr\u00e1 victorioso en la encuesta de Morena, vaticinan en Zacatelco"},"content":{"rendered":"\n<p><strong>Casa por casa es como ha llegado la propuesta del ex canciller mexicano para encabezar los comit\u00e9s en defensa de la 4T<\/strong><\/p>\n\n\n\n<p>Intenso brigadeo encabez\u00f3 en el municipio de Zacatelco, el coordinador estatal de la expresi\u00f3n Morena Progresista, Jos\u00e9 Luis Guzm\u00e1n Zecua, quien se\u00f1al\u00f3 que con gran \u00e1nimo recibe la ciudadan\u00eda la propuesta de Marcelo Ebrard Casaub\u00f3n para convertirse en coordinador de la defensa de la Cuarta Transformaci\u00f3n.<\/p>\n\n\n\n<p>En este sentido, Guzm\u00e1n Zecua dijo: \u00abAgradecemos el gran respaldo que ha tenido Marcelo en Tlaxcala y todo el pa\u00eds, por ese motivo creemos que es importante hacer bien las cosas, respetar los acuerdos internos, que se haga un proceso escrupuloso, abierto, democr\u00e1tico, transparente y que se respeten las reglas\u00bb, expuso.<\/p>\n\n\n\n<p>De igual manera, explic\u00f3 que los recorridos de Marcelo a nivel nacional se han ce\u00f1ido a lo que marcaron los acuerdos de Morena, \u00abfueron recorridos austeros, sin derroche ni uso de recursos p\u00fablicos, por lo cual pedimos a la ciudadan\u00eda que elija libremente a quien encabezar\u00e1 este proyecto con miras al 2024\u00bb.<\/p>\n\n\n\n<p>El tambi\u00e9n pol\u00edtico zacatelquense se\u00f1al\u00f3 que la ciudadan\u00eda recibi\u00f3 con benepl\u00e1cito la propuesta del Plan ANGEL: Avanzadas Normas de Geolocalizaci\u00f3n y Seguridad, as\u00ed como tambi\u00e9n el Pasaporte Violeta para jefas de familia, entre otros temas que ha resaltado en los \u00faltimos d\u00edas el ex jefe de gobierno capitalino en diversos foros.<\/p>\n\n\n\n<p>Finalmente, Guzm\u00e1n Zecua agradeci\u00f3 a los ciudadanos del sur de Tlaxcala por haber recibido en sus hogares la propuesta de Marcelo Ebrard, \u00abgracias a todas las personas que nos abrieron la puerta, invitamos a la ciudadan\u00eda a que participe en este proceso democr\u00e1tico, del 28 de agosto al 3 de septiembre, si tocan a tu puerta \u00e1breles, participa, es nuestro momento de decidir el futuro de nuestro pa\u00eds, en la encuesta Marcelo es la respuesta\u00bb, remat\u00f3.<\/p>\n","protected":false},"excerpt":{"rendered":"<p>Casa por casa es como ha llegado la propuesta del ex canciller mexicano para encabezar los comit\u00e9s en defensa de la 4T Intenso brigadeo encabez\u00f3 en el municipio de Zacatelco, el coordinador estatal de la expresi\u00f3n Morena Progresista, Jos\u00e9 Luis Guzm\u00e1n Zecua, quien se\u00f1al\u00f3 que con gran \u00e1nimo recibe la ciudadan\u00eda la propuesta de Marcelo [&hellip;]<\/p>\n","protected":false},"author":1,"featured_media":112998,"comment_status":"open","ping_status":"open","sticky":false,"template":"","format":"standard","meta":{"footnotes":""},"categories":[38],"tags":[],"class_list":["post-112997","post","type-post","status-publish","format-standard","has-post-thumbnail","hentry","category-politica"],"blog_post_layout_featured_media_urls":{"thumbnail":["https:\/\/diariolanoticia.com.mx\/wp-content\/uploads\/2023\/08\/1692985790317-216x160.jpg",216,160,true],"full":["https:\/\/diariolanoticia.com.mx\/wp-content\/uploads\/2023\/08\/1692985790317-scaled.jpg",2494,2560,false]},"categories_names":{"38":{"name":"Pol\u00edtica","link":"https:\/\/diariolanoticia.com.mx\/?cat=38"}},"tags_names":[],"comments_number":"0","wpmagazine_modules_lite_featured_media_urls":{"thumbnail":["https:\/\/diariolanoticia.com.mx\/wp-content\/uploads\/2023\/08\/1692985790317-216x160.jpg",216,160,true],"cvmm-medium":["https:\/\/diariolanoticia.com.mx\/wp-content\/uploads\/2023\/08\/1692985790317-300x300.jpg",300,300,true],"cvmm-medium-plus":["https:\/\/diariolanoticia.com.mx\/wp-content\/uploads\/2023\/08\/1692985790317-305x207.jpg",305,207,true],"cvmm-portrait":["https:\/\/diariolanoticia.com.mx\/wp-content\/uploads\/2023\/08\/1692985790317-400x600.jpg",400,600,true],"cvmm-medium-square":["https:\/\/diariolanoticia.com.mx\/wp-content\/uploads\/2023\/08\/1692985790317-600x600.jpg",600,600,true],"cvmm-large":["https:\/\/diariolanoticia.com.mx\/wp-content\/uploads\/2023\/08\/1692985790317-1024x1024.jpg",1024,1024,true],"cvmm-small":["https:\/\/diariolanoticia.com.mx\/wp-content\/uploads\/2023\/08\/1692985790317-130x95.jpg",130,95,true],"full":["https:\/\/diariolanoticia.com.mx\/wp-content\/uploads\/2023\/08\/1692985790317-scaled.jpg",2494,2560,false]},"_links":{"self":[{"href":"https:\/\/diariolanoticia.com.mx\/index.php?rest_route=\/wp\/v2\/posts\/112997","targetHints":{"allow":["GET"]}}],"collection":[{"href":"https:\/\/diariolanoticia.com.mx\/index.php?rest_route=\/wp\/v2\/posts"}],"about":[{"href":"https:\/\/diariolanoticia.com.mx\/index.php?rest_route=\/wp\/v2\/types\/post"}],"author":[{"embeddable":true,"href":"https:\/\/diariolanoticia.com.mx\/index.php?rest_route=\/wp\/v2\/users\/1"}],"replies":[{"embeddable":true,"href":"https:\/\/diariolanoticia.com.mx\/index.php?rest_route=%2Fwp%2Fv2%2Fcomments&post=112997"}],"version-history":[{"count":1,"href":"https:\/\/diariolanoticia.com.mx\/index.php?rest_route=\/wp\/v2\/posts\/112997\/revisions"}],"predecessor-version":[{"id":112999,"href":"https:\/\/diariolanoticia.com.mx\/index.php?rest_route=\/wp\/v2\/posts\/112997\/revisions\/112999"}],"wp:featuredmedia":[{"embeddable":true,"href":"https:\/\/diariolanoticia.com.mx\/index.php?rest_route=\/wp\/v2\/media\/112998"}],"wp:attachment":[{"href":"https:\/\/diariolanoticia.com.mx\/index.php?rest_route=%2Fwp%2Fv2%2Fmedia&parent=112997"}],"wp:term":[{"taxonomy":"category","embeddable":true,"href":"https:\/\/diariolanoticia.com.mx\/index.php?rest_route=%2Fwp%2Fv2%2Fcategories&post=112997"},{"taxonomy":"post_tag","embeddable":true,"href":"https:\/\/diariolanoticia.com.mx\/index.php?rest_route=%2Fwp%2Fv2%2Ftags&post=112997"}],"curies":[{"name":"wp","href":"https:\/\/api.w.org\/{rel}","templated":true}]}}