{"id":113000,"date":"2023-08-25T17:08:28","date_gmt":"2023-08-25T23:08:28","guid":{"rendered":"https:\/\/diariolanoticia.com.mx\/?p=113000"},"modified":"2023-08-25T17:08:28","modified_gmt":"2023-08-25T23:08:28","slug":"gradua-uatx-a-estudiantes-de-ciencias-politicas-y-administracion-publica","status":"publish","type":"post","link":"https:\/\/diariolanoticia.com.mx\/?p=113000","title":{"rendered":"Grad\u00faa UATx a estudiantes de Ciencias Pol\u00edticas y Administraci\u00f3n P\u00fablica"},"content":{"rendered":"\n<p>La Facultad de Derecho, Ciencias Pol\u00edticas y Criminolog\u00eda de la Universidad Aut\u00f3noma de Tlaxcala (UATx), realiz\u00f3 la ceremonia de graduaci\u00f3n de la generaci\u00f3n 2019-2023 de la Licenciatura en Ciencias Pol\u00edticas y Administraci\u00f3n P\u00fablica, en las terminales de an\u00e1lisis pol\u00edtico y gesti\u00f3n p\u00fablica, efectuada en el auditorio interactivo Manuel de Lardiz\u00e1bal y Uribe.<\/p>\n\n\n\n<p>Al dirigir su mensaje a los 14 egresados, el Doctor Seraf\u00edn Ortiz Ortiz, Rector de la UATx, precis\u00f3 que, quienes entran a la UATx viven su formaci\u00f3n acad\u00e9mica en tres momentos: el autorreconocimiento, la autoderminaci\u00f3n y la autorrealizaci\u00f3n, aspectos que les ha permitido llegar a la conclusi\u00f3n de sus estudios profesionales y esto permite que en la sociedad se incorporen profesionistas con compromiso social.<\/p>\n\n\n\n<p>Indic\u00f3 que, en la UATx, se cuenta con docentes e infraestructura de excelencia, lo que permite que los j\u00f3venes egresen de programas educativos de calidad, y recalc\u00f3 que, hoy, la Universidad en un proceso acelerado y creciente, se posiciona como una de las mejores del pa\u00eds, adem\u00e1s de que cuenta con un material escrito para la pr\u00f3xima d\u00e9cada que direccionar\u00e1 la ruta formativa de los futuros profesionistas y tengan una derivaci\u00f3n de impacto social.<\/p>\n\n\n\n<p>Por su parte, el Maestro Dante Morales Cruz, Director de la Facultad, mencion\u00f3 que, con esta ceremonia, concluyen su preparaci\u00f3n profesional en una universidad con una visi\u00f3n de servicio y humanismo, por ello, no s\u00f3lo egresan profesionistas de excelencia sino quienes contribuir\u00e1n con la sociedad.&nbsp;<\/p>\n\n\n\n<p>Al hacer uso de la palabra, el Maestro H\u00e9ctor Stevenson Carrasco, Coordinador de la Licenciatura en Ciencias Pol\u00edticas y Administraci\u00f3n P\u00fablica, expres\u00f3 que, en este programa acad\u00e9mico, se han desarrollado diversas capacidades que les permitir\u00e1n dise\u00f1ar y aplicar acciones que atiendan y solucionen los problemas p\u00fablicos.<\/p>\n\n\n\n<p>En representaci\u00f3n de sus compa\u00f1eros, Alberto Dur\u00e1n Valencia, expres\u00f3 su agradecimiento y reconocimiento a los docentes que, a trav\u00e9s de sus ense\u00f1anzas, ayudaron a forjar su car\u00e1cter, as\u00ed mismo a sus padres por el apoyo y acompa\u00f1amiento, exhortando a los graduandos a ejercer su profesi\u00f3n con \u00e9tica, respeto, honestidad, capacidades, cultura y justicia social, valores que caracterizan al alma m\u00e1ter del estado de Tlaxcala.<\/p>\n\n\n\n<p>En esta ceremonia, se entreg\u00f3 un reconocimiento al Doctor Seraf\u00edn Ortiz Ortiz por un a\u00f1o de rectorado, en el cual ya se est\u00e1n observando los resultados en la mejora y el avance de lo que se est\u00e1 constituyendo como la transformaci\u00f3n de la Universidad.<\/p>\n\n\n\n<p>Este acto, cont\u00f3 con la presencia de la estructura directiva de la Aut\u00f3noma de Tlaxcala, de la Facultad, as\u00ed como de docentes y familiares de los graduandos.<\/p>\n","protected":false},"excerpt":{"rendered":"<p>La Facultad de Derecho, Ciencias Pol\u00edticas y Criminolog\u00eda de la Universidad Aut\u00f3noma de Tlaxcala (UATx), realiz\u00f3 la ceremonia de graduaci\u00f3n de la generaci\u00f3n 2019-2023 de la Licenciatura en Ciencias Pol\u00edticas y Administraci\u00f3n P\u00fablica, en las terminales de an\u00e1lisis pol\u00edtico y gesti\u00f3n p\u00fablica, efectuada en el auditorio interactivo Manuel de Lardiz\u00e1bal y Uribe. Al dirigir su [&hellip;]<\/p>\n","protected":false},"author":1,"featured_media":113001,"comment_status":"open","ping_status":"open","sticky":false,"template":"","format":"standard","meta":{"footnotes":""},"categories":[10],"tags":[],"class_list":["post-113000","post","type-post","status-publish","format-standard","has-post-thumbnail","hentry","category-educacion"],"blog_post_layout_featured_media_urls":{"thumbnail":["https:\/\/diariolanoticia.com.mx\/wp-content\/uploads\/2023\/08\/25-Gradua-UATx-a-estudiantes-de-Ciencias-Politicas-y-Administracion-Publica-216x160.jpg",216,160,true],"full":["https:\/\/diariolanoticia.com.mx\/wp-content\/uploads\/2023\/08\/25-Gradua-UATx-a-estudiantes-de-Ciencias-Politicas-y-Administracion-Publica.jpg",2300,1533,false]},"categories_names":{"10":{"name":"Educaci\u00f3n","link":"https:\/\/diariolanoticia.com.mx\/?cat=10"}},"tags_names":[],"comments_number":"0","wpmagazine_modules_lite_featured_media_urls":{"thumbnail":["https:\/\/diariolanoticia.com.mx\/wp-content\/uploads\/2023\/08\/25-Gradua-UATx-a-estudiantes-de-Ciencias-Politicas-y-Administracion-Publica-216x160.jpg",216,160,true],"cvmm-medium":["https:\/\/diariolanoticia.com.mx\/wp-content\/uploads\/2023\/08\/25-Gradua-UATx-a-estudiantes-de-Ciencias-Politicas-y-Administracion-Publica-300x300.jpg",300,300,true],"cvmm-medium-plus":["https:\/\/diariolanoticia.com.mx\/wp-content\/uploads\/2023\/08\/25-Gradua-UATx-a-estudiantes-de-Ciencias-Politicas-y-Administracion-Publica-305x207.jpg",305,207,true],"cvmm-portrait":["https:\/\/diariolanoticia.com.mx\/wp-content\/uploads\/2023\/08\/25-Gradua-UATx-a-estudiantes-de-Ciencias-Politicas-y-Administracion-Publica-400x600.jpg",400,600,true],"cvmm-medium-square":["https:\/\/diariolanoticia.com.mx\/wp-content\/uploads\/2023\/08\/25-Gradua-UATx-a-estudiantes-de-Ciencias-Politicas-y-Administracion-Publica-600x600.jpg",600,600,true],"cvmm-large":["https:\/\/diariolanoticia.com.mx\/wp-content\/uploads\/2023\/08\/25-Gradua-UATx-a-estudiantes-de-Ciencias-Politicas-y-Administracion-Publica-1024x1024.jpg",1024,1024,true],"cvmm-small":["https:\/\/diariolanoticia.com.mx\/wp-content\/uploads\/2023\/08\/25-Gradua-UATx-a-estudiantes-de-Ciencias-Politicas-y-Administracion-Publica-130x95.jpg",130,95,true],"full":["https:\/\/diariolanoticia.com.mx\/wp-content\/uploads\/2023\/08\/25-Gradua-UATx-a-estudiantes-de-Ciencias-Politicas-y-Administracion-Publica.jpg",2300,1533,false]},"_links":{"self":[{"href":"https:\/\/diariolanoticia.com.mx\/index.php?rest_route=\/wp\/v2\/posts\/113000","targetHints":{"allow":["GET"]}}],"collection":[{"href":"https:\/\/diariolanoticia.com.mx\/index.php?rest_route=\/wp\/v2\/posts"}],"about":[{"href":"https:\/\/diariolanoticia.com.mx\/index.php?rest_route=\/wp\/v2\/types\/post"}],"author":[{"embeddable":true,"href":"https:\/\/diariolanoticia.com.mx\/index.php?rest_route=\/wp\/v2\/users\/1"}],"replies":[{"embeddable":true,"href":"https:\/\/diariolanoticia.com.mx\/index.php?rest_route=%2Fwp%2Fv2%2Fcomments&post=113000"}],"version-history":[{"count":1,"href":"https:\/\/diariolanoticia.com.mx\/index.php?rest_route=\/wp\/v2\/posts\/113000\/revisions"}],"predecessor-version":[{"id":113002,"href":"https:\/\/diariolanoticia.com.mx\/index.php?rest_route=\/wp\/v2\/posts\/113000\/revisions\/113002"}],"wp:featuredmedia":[{"embeddable":true,"href":"https:\/\/diariolanoticia.com.mx\/index.php?rest_route=\/wp\/v2\/media\/113001"}],"wp:attachment":[{"href":"https:\/\/diariolanoticia.com.mx\/index.php?rest_route=%2Fwp%2Fv2%2Fmedia&parent=113000"}],"wp:term":[{"taxonomy":"category","embeddable":true,"href":"https:\/\/diariolanoticia.com.mx\/index.php?rest_route=%2Fwp%2Fv2%2Fcategories&post=113000"},{"taxonomy":"post_tag","embeddable":true,"href":"https:\/\/diariolanoticia.com.mx\/index.php?rest_route=%2Fwp%2Fv2%2Ftags&post=113000"}],"curies":[{"name":"wp","href":"https:\/\/api.w.org\/{rel}","templated":true}]}}