{"id":113006,"date":"2023-08-25T17:09:50","date_gmt":"2023-08-25T23:09:50","guid":{"rendered":"https:\/\/diariolanoticia.com.mx\/?p=113006"},"modified":"2023-08-25T17:09:51","modified_gmt":"2023-08-25T23:09:51","slug":"participa-rector-de-la-uatx-en-encuentro-nacional-en-yucatan","status":"publish","type":"post","link":"https:\/\/diariolanoticia.com.mx\/?p=113006","title":{"rendered":"Participa Rector de la UATx en encuentro nacional en Yucat\u00e1n"},"content":{"rendered":"\n<p>Para debatir y&nbsp; fortalecer&nbsp; las propuestas de trabajo de las Instituciones de Educaci\u00f3n Superior (IES), el Doctor Seraf\u00edn Ortiz Ortiz, Rector de la Universidad Aut\u00f3noma de Tlaxcala (UATx) y Presidente del Consejo Regional Centro-Sur de la Asociaci\u00f3n Nacional de Universidades e Instituciones de Educaci\u00f3n Superior (ANUIES), asisti\u00f3 al Encuentro Nacional de Rectores 2023, evento en el que se dan cita m\u00e1s de 150 rectores y directores de instituciones federales y estatales, as\u00ed como l\u00edderes universitarios&nbsp; y funcionarios p\u00fablicos, realizado en el auditorio Manuel Cepeda Peraza del Centro Cultural Universitario de la Universidad Aut\u00f3noma de Yucat\u00e1n (UADY). &nbsp;<\/p>\n\n\n\n<p>En este espacio de reflexi\u00f3n nacional, se abordaron t\u00f3picos relacionados a c\u00f3mo la universidad puede contribuir a enfrentar algunos de los desaf\u00edos de la humanidad, para tener una sociedad m\u00e1s inclusiva, justa y sostenible, adem\u00e1s de impulsar el emprendimiento, la innovaci\u00f3n y las redes e interconexi\u00f3n entre las universidades, empresas, gobiernos y otras instituciones. Otro enfoque central fue la transformaci\u00f3n tecnol\u00f3gica del mundo productivo y su impacto en la educaci\u00f3n superior.<\/p>\n\n\n\n<p>Los titulares de las IES del pa\u00eds compartieron experiencias, ideas y estrategias que impulsan el desarrollo integral de la educaci\u00f3n superior y que, adem\u00e1s, se promueva la calidad acad\u00e9mica, la investigaci\u00f3n innovadora y la formaci\u00f3n de l\u00edderes comprometidos con el progreso y la transformaci\u00f3n social.<\/p>\n\n\n\n<p>Se tuvieron paneles de discusi\u00f3n y an\u00e1lisis, bajo tem\u00e1ticas como: \u00abVinculaci\u00f3n&nbsp;Universidad-Empresa\u00bb; \u00abLa transformaci\u00f3n tecnol\u00f3gica del mundo productivo y su impacto en la educaci\u00f3n superior\u00bb; \u00abNuevas formas de colaboraci\u00f3n entre universidades y con otros sectores empresariales, sociales y gubernamentales\u00bb; y \u00abLa Declaraci\u00f3n de Valencia y los desaf\u00edos de la educaci\u00f3n superior en M\u00e9xico\u00bb.<\/p>\n\n\n\n<p>Este evento, cont\u00f3 con la presencia del Maestro Mauricio C\u00e1mara Leal, Secretario de Investigaci\u00f3n, Innovaci\u00f3n y Educaci\u00f3n Superior, en representaci\u00f3n del Gobernador de Yucat\u00e1n, Mauricio Vila Dosal; del Maestro Carlos Estrada Pinto, Rector de la UADY; y el Maestro Felipe Garc\u00eda Ascencio, Director General de Grupo Financiero Santander M\u00e9xico. De igual manera, la Doctora Carmen Enedina Rodr\u00edguez Armenta, Directora General de Educaci\u00f3n Superior Universitaria e Intercultural (DGESUI) de la SEP; el Doctor Luis Armando Gonz\u00e1lez Placencia, Secretario General Ejecutivo de la ANUIES; el Doctor Enrique Graue Wiechers, Rector de la Universidad Nacional Aut\u00f3noma de M\u00e9xico (UNAM); y el Ingeniero Juan Pablo Murra Lascurain, Presidente de la Federaci\u00f3n de Instituciones Mexicanas Particulares de Educaci\u00f3n Superior, A.C. (FIMPES).<\/p>\n","protected":false},"excerpt":{"rendered":"<p>Para debatir y&nbsp; fortalecer&nbsp; las propuestas de trabajo de las Instituciones de Educaci\u00f3n Superior (IES), el Doctor Seraf\u00edn Ortiz Ortiz, Rector de la Universidad Aut\u00f3noma de Tlaxcala (UATx) y Presidente del Consejo Regional Centro-Sur de la Asociaci\u00f3n Nacional de Universidades e Instituciones de Educaci\u00f3n Superior (ANUIES), asisti\u00f3 al Encuentro Nacional de Rectores 2023, evento en [&hellip;]<\/p>\n","protected":false},"author":1,"featured_media":113007,"comment_status":"open","ping_status":"open","sticky":false,"template":"","format":"standard","meta":{"footnotes":""},"categories":[10],"tags":[],"class_list":["post-113006","post","type-post","status-publish","format-standard","has-post-thumbnail","hentry","category-educacion"],"blog_post_layout_featured_media_urls":{"thumbnail":["https:\/\/diariolanoticia.com.mx\/wp-content\/uploads\/2023\/08\/25-Participa-Rector-de-la-UATx-en-encuentro-nacional-en-Yucatan-216x160.jpg",216,160,true],"full":["https:\/\/diariolanoticia.com.mx\/wp-content\/uploads\/2023\/08\/25-Participa-Rector-de-la-UATx-en-encuentro-nacional-en-Yucatan-scaled.jpg",2560,1722,false]},"categories_names":{"10":{"name":"Educaci\u00f3n","link":"https:\/\/diariolanoticia.com.mx\/?cat=10"}},"tags_names":[],"comments_number":"0","wpmagazine_modules_lite_featured_media_urls":{"thumbnail":["https:\/\/diariolanoticia.com.mx\/wp-content\/uploads\/2023\/08\/25-Participa-Rector-de-la-UATx-en-encuentro-nacional-en-Yucatan-216x160.jpg",216,160,true],"cvmm-medium":["https:\/\/diariolanoticia.com.mx\/wp-content\/uploads\/2023\/08\/25-Participa-Rector-de-la-UATx-en-encuentro-nacional-en-Yucatan-300x300.jpg",300,300,true],"cvmm-medium-plus":["https:\/\/diariolanoticia.com.mx\/wp-content\/uploads\/2023\/08\/25-Participa-Rector-de-la-UATx-en-encuentro-nacional-en-Yucatan-305x207.jpg",305,207,true],"cvmm-portrait":["https:\/\/diariolanoticia.com.mx\/wp-content\/uploads\/2023\/08\/25-Participa-Rector-de-la-UATx-en-encuentro-nacional-en-Yucatan-400x600.jpg",400,600,true],"cvmm-medium-square":["https:\/\/diariolanoticia.com.mx\/wp-content\/uploads\/2023\/08\/25-Participa-Rector-de-la-UATx-en-encuentro-nacional-en-Yucatan-600x600.jpg",600,600,true],"cvmm-large":["https:\/\/diariolanoticia.com.mx\/wp-content\/uploads\/2023\/08\/25-Participa-Rector-de-la-UATx-en-encuentro-nacional-en-Yucatan-1024x1024.jpg",1024,1024,true],"cvmm-small":["https:\/\/diariolanoticia.com.mx\/wp-content\/uploads\/2023\/08\/25-Participa-Rector-de-la-UATx-en-encuentro-nacional-en-Yucatan-130x95.jpg",130,95,true],"full":["https:\/\/diariolanoticia.com.mx\/wp-content\/uploads\/2023\/08\/25-Participa-Rector-de-la-UATx-en-encuentro-nacional-en-Yucatan-scaled.jpg",2560,1722,false]},"_links":{"self":[{"href":"https:\/\/diariolanoticia.com.mx\/index.php?rest_route=\/wp\/v2\/posts\/113006","targetHints":{"allow":["GET"]}}],"collection":[{"href":"https:\/\/diariolanoticia.com.mx\/index.php?rest_route=\/wp\/v2\/posts"}],"about":[{"href":"https:\/\/diariolanoticia.com.mx\/index.php?rest_route=\/wp\/v2\/types\/post"}],"author":[{"embeddable":true,"href":"https:\/\/diariolanoticia.com.mx\/index.php?rest_route=\/wp\/v2\/users\/1"}],"replies":[{"embeddable":true,"href":"https:\/\/diariolanoticia.com.mx\/index.php?rest_route=%2Fwp%2Fv2%2Fcomments&post=113006"}],"version-history":[{"count":1,"href":"https:\/\/diariolanoticia.com.mx\/index.php?rest_route=\/wp\/v2\/posts\/113006\/revisions"}],"predecessor-version":[{"id":113008,"href":"https:\/\/diariolanoticia.com.mx\/index.php?rest_route=\/wp\/v2\/posts\/113006\/revisions\/113008"}],"wp:featuredmedia":[{"embeddable":true,"href":"https:\/\/diariolanoticia.com.mx\/index.php?rest_route=\/wp\/v2\/media\/113007"}],"wp:attachment":[{"href":"https:\/\/diariolanoticia.com.mx\/index.php?rest_route=%2Fwp%2Fv2%2Fmedia&parent=113006"}],"wp:term":[{"taxonomy":"category","embeddable":true,"href":"https:\/\/diariolanoticia.com.mx\/index.php?rest_route=%2Fwp%2Fv2%2Fcategories&post=113006"},{"taxonomy":"post_tag","embeddable":true,"href":"https:\/\/diariolanoticia.com.mx\/index.php?rest_route=%2Fwp%2Fv2%2Ftags&post=113006"}],"curies":[{"name":"wp","href":"https:\/\/api.w.org\/{rel}","templated":true}]}}