{"id":113378,"date":"2023-08-31T15:38:28","date_gmt":"2023-08-31T21:38:28","guid":{"rendered":"https:\/\/diariolanoticia.com.mx\/?p=113378"},"modified":"2023-08-31T15:38:29","modified_gmt":"2023-08-31T21:38:29","slug":"recibio-gobernadora-a-embajadores-e-invitados-al-sorteo-del-mundial-de-voleibol","status":"publish","type":"post","link":"https:\/\/diariolanoticia.com.mx\/?p=113378","title":{"rendered":"RECIBI\u00d3 GOBERNADORA A EMBAJADORES E INVITADOS AL SORTEO DEL MUNDIAL DE VOLEIBOL"},"content":{"rendered":"\n<p>*Durante la recepci\u00f3n degustaron de platillos preparados por chefs tlaxcaltecas<\/p>\n\n\n\n<p>Con la finalidad de dar a conocer la gastronom\u00eda y las riquezas del estado, la gobernadora Lorena Cu\u00e9llar Cisneros recibi\u00f3 a embajadores e invitados al sorteo del Campeonato Mundial de Voleibol de Playa Tlaxcala 2023, en una recepci\u00f3n que se llev\u00f3 a cabo en el Ex Convento de San Francisco.<\/p>\n\n\n\n<p>La titular del Ejecutivo local destac\u00f3 que el inmueble hist\u00f3rico alberga parte de la riqueza cultural de Tlaxcala y que recientemente fue nombrado Patrimonio Cultural de la Humanidad por la Organizaci\u00f3n de las Naciones Unidas para la Educaci\u00f3n, la Ciencia y la Cultura (Unesco).<\/p>\n\n\n\n<p>\u201cTlaxcala hoy se viste de gala para dar inicio a esta recepci\u00f3n realizada con el \u00e1nimo de celebrar juntos esta gran fiesta que se avecina para el mundo deportivo internacional y para Tlaxcala, y qu\u00e9 mejor que sea justo aqu\u00ed; s\u00edmbolo hist\u00f3rico de la fusi\u00f3n de dos culturas que m\u00e1s tarde ayudar\u00eda al nacimiento de este pa\u00eds\u201d, refiri\u00f3.<\/p>\n\n\n\n<p>Cu\u00e9llar Cisneros asegur\u00f3 que al ser la primera sede latinoamericana en recibir esta importante competencia internacional, ha colocado a la entidad en un nuevo escenario que le va a permitir mostrar al resto del mundo el legado hist\u00f3rico, la grandeza de su cultura, su arte, la belleza natural, valores y hospitalidad de la gente.<\/p>\n\n\n\n<p>Indic\u00f3 que dicha justa deportiva tambi\u00e9n se destaca por ser la primera en el mundo en transformar las plazas de toros en canchas de arena, pues record\u00f3 que los partidos se realizar\u00e1n en Apizaco, Huamantla, Tlaxcala y en la explanada del Museo de Arte de Tlaxcala (MAT).<\/p>\n\n\n\n<p>Mientras que en representaci\u00f3n de la directora general de la Comisi\u00f3n Nacional de Cultura F\u00edsica y Deporte (Conade), Ana Gabriela Guevara Espinoza, el subdirector de Calidad para el Deporte, Israel Ben\u00edtez Morteo se\u00f1al\u00f3 que este logro se debe al trabajo coordinado entre las diferentes autoridades.<\/p>\n\n\n\n<p>Aprovech\u00f3 para dar a conocer resultados de la actual administraci\u00f3n, \u201choy en d\u00eda tenemos m\u00e1s de 200 atletas en todo el mundo buscando su clasificaci\u00f3n a Juegos Panamericanos, tuvimos los mejores resultados de la historia en Juegos Centroamericanos, estos eventos previos al Campeonato Mundial, demostraron que tenemos la capacidad y las garant\u00edas de que se van a realizar eventos de calidad\u201d.<\/p>\n\n\n\n<p>Concluy\u00f3 con una felicitaci\u00f3n a la gobernadora Lorena Cu\u00e9llar y su equipo por hacer posible la organizaci\u00f3n del Mundial de Voleibol de Playa Tlaxcala 2023, a efectuarse del 5 al 15 de octubre pr\u00f3ximo.<\/p>\n\n\n\n<p>A su vez, la directora del Instituto Tlaxcalteca del Deporte (IDET), Madai P\u00e9rez Carrillo resalt\u00f3 que la suma de esfuerzos ha sido fundamental, as\u00ed como las contribuciones de los patrocinadores y el apoyo de la poblaci\u00f3n en general como con la creaci\u00f3n de la mascota oficial.<\/p>\n\n\n\n<p>\u201cConvertidos en el epicentro deportivo que nos coloca a la altura de las grandes ciudades que nos han antecedido, hoy estamos afinando cada detalle de este poderoso escenario, bajo la direcci\u00f3n de una gran persona, humana, c\u00e1lida, que ha sabido dirigir que es la gobernadora\u201d, acot\u00f3.<\/p>\n\n\n\n<p>Como invitados estuvieron el presidente de la Federaci\u00f3n Mexicana de Voleibol (FMV), Jes\u00fas Perales Navarro; el jefe de Voleibol de Playa de la Federaci\u00f3n Internacional de Voleibol (FIVB), Yu Cao; el delegado t\u00e9cnico, Ed Drakich; la exatleta mexicana, Bibiana Candelas Ram\u00edrez; el exatleta mexicano, Juan Alberto Rodr\u00edguez Ibarra, as\u00ed como otras autoridades internacionales, nacionales, estatales, de los poderes Ejecutivo, Legislativo y Judicial, e invitados especiales.<\/p>\n","protected":false},"excerpt":{"rendered":"<p>*Durante la recepci\u00f3n degustaron de platillos preparados por chefs tlaxcaltecas Con la finalidad de dar a conocer la gastronom\u00eda y las riquezas del estado, la gobernadora Lorena Cu\u00e9llar Cisneros recibi\u00f3 a embajadores e invitados al sorteo del Campeonato Mundial de Voleibol de Playa Tlaxcala 2023, en una recepci\u00f3n que se llev\u00f3 a cabo en el [&hellip;]<\/p>\n","protected":false},"author":1,"featured_media":113379,"comment_status":"open","ping_status":"open","sticky":false,"template":"","format":"standard","meta":{"footnotes":""},"categories":[21],"tags":[],"class_list":["post-113378","post","type-post","status-publish","format-standard","has-post-thumbnail","hentry","category-estatal"],"blog_post_layout_featured_media_urls":{"thumbnail":["https:\/\/diariolanoticia.com.mx\/wp-content\/uploads\/2023\/08\/WhatsApp-Image-2023-08-31-at-15.26.00-216x160.jpeg",216,160,true],"full":["https:\/\/diariolanoticia.com.mx\/wp-content\/uploads\/2023\/08\/WhatsApp-Image-2023-08-31-at-15.26.00.jpeg",1024,683,false]},"categories_names":{"21":{"name":"Estatal","link":"https:\/\/diariolanoticia.com.mx\/?cat=21"}},"tags_names":[],"comments_number":"0","wpmagazine_modules_lite_featured_media_urls":{"thumbnail":["https:\/\/diariolanoticia.com.mx\/wp-content\/uploads\/2023\/08\/WhatsApp-Image-2023-08-31-at-15.26.00-216x160.jpeg",216,160,true],"cvmm-medium":["https:\/\/diariolanoticia.com.mx\/wp-content\/uploads\/2023\/08\/WhatsApp-Image-2023-08-31-at-15.26.00-300x300.jpeg",300,300,true],"cvmm-medium-plus":["https:\/\/diariolanoticia.com.mx\/wp-content\/uploads\/2023\/08\/WhatsApp-Image-2023-08-31-at-15.26.00-305x207.jpeg",305,207,true],"cvmm-portrait":["https:\/\/diariolanoticia.com.mx\/wp-content\/uploads\/2023\/08\/WhatsApp-Image-2023-08-31-at-15.26.00-400x600.jpeg",400,600,true],"cvmm-medium-square":["https:\/\/diariolanoticia.com.mx\/wp-content\/uploads\/2023\/08\/WhatsApp-Image-2023-08-31-at-15.26.00-600x600.jpeg",600,600,true],"cvmm-large":["https:\/\/diariolanoticia.com.mx\/wp-content\/uploads\/2023\/08\/WhatsApp-Image-2023-08-31-at-15.26.00.jpeg",1024,683,false],"cvmm-small":["https:\/\/diariolanoticia.com.mx\/wp-content\/uploads\/2023\/08\/WhatsApp-Image-2023-08-31-at-15.26.00-130x95.jpeg",130,95,true],"full":["https:\/\/diariolanoticia.com.mx\/wp-content\/uploads\/2023\/08\/WhatsApp-Image-2023-08-31-at-15.26.00.jpeg",1024,683,false]},"_links":{"self":[{"href":"https:\/\/diariolanoticia.com.mx\/index.php?rest_route=\/wp\/v2\/posts\/113378","targetHints":{"allow":["GET"]}}],"collection":[{"href":"https:\/\/diariolanoticia.com.mx\/index.php?rest_route=\/wp\/v2\/posts"}],"about":[{"href":"https:\/\/diariolanoticia.com.mx\/index.php?rest_route=\/wp\/v2\/types\/post"}],"author":[{"embeddable":true,"href":"https:\/\/diariolanoticia.com.mx\/index.php?rest_route=\/wp\/v2\/users\/1"}],"replies":[{"embeddable":true,"href":"https:\/\/diariolanoticia.com.mx\/index.php?rest_route=%2Fwp%2Fv2%2Fcomments&post=113378"}],"version-history":[{"count":1,"href":"https:\/\/diariolanoticia.com.mx\/index.php?rest_route=\/wp\/v2\/posts\/113378\/revisions"}],"predecessor-version":[{"id":113380,"href":"https:\/\/diariolanoticia.com.mx\/index.php?rest_route=\/wp\/v2\/posts\/113378\/revisions\/113380"}],"wp:featuredmedia":[{"embeddable":true,"href":"https:\/\/diariolanoticia.com.mx\/index.php?rest_route=\/wp\/v2\/media\/113379"}],"wp:attachment":[{"href":"https:\/\/diariolanoticia.com.mx\/index.php?rest_route=%2Fwp%2Fv2%2Fmedia&parent=113378"}],"wp:term":[{"taxonomy":"category","embeddable":true,"href":"https:\/\/diariolanoticia.com.mx\/index.php?rest_route=%2Fwp%2Fv2%2Fcategories&post=113378"},{"taxonomy":"post_tag","embeddable":true,"href":"https:\/\/diariolanoticia.com.mx\/index.php?rest_route=%2Fwp%2Fv2%2Ftags&post=113378"}],"curies":[{"name":"wp","href":"https:\/\/api.w.org\/{rel}","templated":true}]}}