{"id":113381,"date":"2023-08-31T15:39:56","date_gmt":"2023-08-31T21:39:56","guid":{"rendered":"https:\/\/diariolanoticia.com.mx\/?p=113381"},"modified":"2023-08-31T15:39:57","modified_gmt":"2023-08-31T21:39:57","slug":"capacita-cepc-a-municipios-sobre-uso-y-manejo-de-pirotecnia","status":"publish","type":"post","link":"https:\/\/diariolanoticia.com.mx\/?p=113381","title":{"rendered":"CAPACITA CEPC A MUNICIPIOS SOBRE USO Y MANEJO DE PIROTECNIA"},"content":{"rendered":"\n<p>*Se busca prevenir accidentes durante las festividades en el estado<\/p>\n\n\n\n<p>La Coordinaci\u00f3n Estatal de Protecci\u00f3n Civil (CEPC) realiz\u00f3 talleres de capacitaci\u00f3n dirigidos a directores y personal de Protecci\u00f3n Civil municipales, como parte de una estrategia de prevenci\u00f3n, uso, manejo y almacenamiento seguro de pirotecnia.<\/p>\n\n\n\n<p>Las acciones tienen como objetivo evitar accidentes relacionados con el uso de fuegos artificiales. Por lo anterior, se inform\u00f3 que para los primeros d\u00edas del mes de septiembre se aplicar\u00e1 nuevamente un curso de actualizaci\u00f3n sobre este tema.<\/p>\n\n\n\n<p>Adem\u00e1s, la CEPC realiz\u00f3 inspecciones en tiendas y talleres de pirotecnia en los municipios de Sanct\u00f3rum y Xaloztoc, para verificar que cumplan con las medidas de seguridad necesarias para su manejo y venta.<\/p>\n\n\n\n<p>Con estas verificaciones se busca prevenir accidentes y evitar la venta ilegal de pirotecnia.<\/p>\n\n\n\n<p>El coordinador Estatal de Protecci\u00f3n Civil, Juvencio Nieto Galicia destac\u00f3 la importancia de este trabajo conjunto para la prevenci\u00f3n de accidentes y el cumplimiento de las normativas y permisos federales que son una prioridad para ambos organismos, as\u00ed como contar con herramientas necesarias para accionar en caso de una emergencia.<\/p>\n\n\n\n<p>Nieto Galicia hizo el llamado a los directores y personal de Protecci\u00f3n Civil de los municipios para que verifiquen de inmediato el uso y manejo de pirotecnia en cualquier festividad o evento.<\/p>\n\n\n\n<p>Enfatiz\u00f3 la importancia de la responsabilidad de todos los involucrados, desde la fabricaci\u00f3n hasta el uso de estos productos, para evitar accidentes y alguna fatalidad.<\/p>\n\n\n\n<p>La CEPC reafirma su compromiso de garantizar la tranquilidad y seguridad de los fabricantes de pirotecnia y los habitantes, especialmente durante esta temporada.<\/p>\n","protected":false},"excerpt":{"rendered":"<p>*Se busca prevenir accidentes durante las festividades en el estado La Coordinaci\u00f3n Estatal de Protecci\u00f3n Civil (CEPC) realiz\u00f3 talleres de capacitaci\u00f3n dirigidos a directores y personal de Protecci\u00f3n Civil municipales, como parte de una estrategia de prevenci\u00f3n, uso, manejo y almacenamiento seguro de pirotecnia. Las acciones tienen como objetivo evitar accidentes relacionados con el uso [&hellip;]<\/p>\n","protected":false},"author":1,"featured_media":113382,"comment_status":"open","ping_status":"open","sticky":false,"template":"","format":"standard","meta":{"footnotes":""},"categories":[21],"tags":[],"class_list":["post-113381","post","type-post","status-publish","format-standard","has-post-thumbnail","hentry","category-estatal"],"blog_post_layout_featured_media_urls":{"thumbnail":["https:\/\/diariolanoticia.com.mx\/wp-content\/uploads\/2023\/08\/WhatsApp-Image-2023-08-31-at-15.26.02-216x160.jpeg",216,160,true],"full":["https:\/\/diariolanoticia.com.mx\/wp-content\/uploads\/2023\/08\/WhatsApp-Image-2023-08-31-at-15.26.02.jpeg",1280,720,false]},"categories_names":{"21":{"name":"Estatal","link":"https:\/\/diariolanoticia.com.mx\/?cat=21"}},"tags_names":[],"comments_number":"0","wpmagazine_modules_lite_featured_media_urls":{"thumbnail":["https:\/\/diariolanoticia.com.mx\/wp-content\/uploads\/2023\/08\/WhatsApp-Image-2023-08-31-at-15.26.02-216x160.jpeg",216,160,true],"cvmm-medium":["https:\/\/diariolanoticia.com.mx\/wp-content\/uploads\/2023\/08\/WhatsApp-Image-2023-08-31-at-15.26.02-300x300.jpeg",300,300,true],"cvmm-medium-plus":["https:\/\/diariolanoticia.com.mx\/wp-content\/uploads\/2023\/08\/WhatsApp-Image-2023-08-31-at-15.26.02-305x207.jpeg",305,207,true],"cvmm-portrait":["https:\/\/diariolanoticia.com.mx\/wp-content\/uploads\/2023\/08\/WhatsApp-Image-2023-08-31-at-15.26.02-400x600.jpeg",400,600,true],"cvmm-medium-square":["https:\/\/diariolanoticia.com.mx\/wp-content\/uploads\/2023\/08\/WhatsApp-Image-2023-08-31-at-15.26.02-600x600.jpeg",600,600,true],"cvmm-large":["https:\/\/diariolanoticia.com.mx\/wp-content\/uploads\/2023\/08\/WhatsApp-Image-2023-08-31-at-15.26.02-1024x720.jpeg",1024,720,true],"cvmm-small":["https:\/\/diariolanoticia.com.mx\/wp-content\/uploads\/2023\/08\/WhatsApp-Image-2023-08-31-at-15.26.02-130x95.jpeg",130,95,true],"full":["https:\/\/diariolanoticia.com.mx\/wp-content\/uploads\/2023\/08\/WhatsApp-Image-2023-08-31-at-15.26.02.jpeg",1280,720,false]},"_links":{"self":[{"href":"https:\/\/diariolanoticia.com.mx\/index.php?rest_route=\/wp\/v2\/posts\/113381","targetHints":{"allow":["GET"]}}],"collection":[{"href":"https:\/\/diariolanoticia.com.mx\/index.php?rest_route=\/wp\/v2\/posts"}],"about":[{"href":"https:\/\/diariolanoticia.com.mx\/index.php?rest_route=\/wp\/v2\/types\/post"}],"author":[{"embeddable":true,"href":"https:\/\/diariolanoticia.com.mx\/index.php?rest_route=\/wp\/v2\/users\/1"}],"replies":[{"embeddable":true,"href":"https:\/\/diariolanoticia.com.mx\/index.php?rest_route=%2Fwp%2Fv2%2Fcomments&post=113381"}],"version-history":[{"count":1,"href":"https:\/\/diariolanoticia.com.mx\/index.php?rest_route=\/wp\/v2\/posts\/113381\/revisions"}],"predecessor-version":[{"id":113383,"href":"https:\/\/diariolanoticia.com.mx\/index.php?rest_route=\/wp\/v2\/posts\/113381\/revisions\/113383"}],"wp:featuredmedia":[{"embeddable":true,"href":"https:\/\/diariolanoticia.com.mx\/index.php?rest_route=\/wp\/v2\/media\/113382"}],"wp:attachment":[{"href":"https:\/\/diariolanoticia.com.mx\/index.php?rest_route=%2Fwp%2Fv2%2Fmedia&parent=113381"}],"wp:term":[{"taxonomy":"category","embeddable":true,"href":"https:\/\/diariolanoticia.com.mx\/index.php?rest_route=%2Fwp%2Fv2%2Fcategories&post=113381"},{"taxonomy":"post_tag","embeddable":true,"href":"https:\/\/diariolanoticia.com.mx\/index.php?rest_route=%2Fwp%2Fv2%2Ftags&post=113381"}],"curies":[{"name":"wp","href":"https:\/\/api.w.org\/{rel}","templated":true}]}}