{"id":113384,"date":"2023-08-31T15:44:03","date_gmt":"2023-08-31T21:44:03","guid":{"rendered":"https:\/\/diariolanoticia.com.mx\/?p=113384"},"modified":"2023-08-31T15:44:04","modified_gmt":"2023-08-31T21:44:04","slug":"realiza-sia-feria-gastronomica-de-platillos-de-tilapia-carpa-conejo-y-pato-en-zacatelco","status":"publish","type":"post","link":"https:\/\/diariolanoticia.com.mx\/?p=113384","title":{"rendered":"REALIZA SIA FERIA GASTRON\u00d3MICA DE PLATILLOS DE TILAPIA, CARPA, CONEJO Y PATO EN ZACATELCO"},"content":{"rendered":"\n<p>*Se busca acercar prote\u00edna de origen animal a la dieta de las familias tlaxcaltecas<\/p>\n\n\n\n<p>El gobierno del estado, a trav\u00e9s de la Secretar\u00eda de Impulso Agropecuario (SIA), realiz\u00f3 la \u201cFeria gastron\u00f3mica de platillos de tilapia, carpa, conejo y pato\u201d en el municipio de Zacatelco. En el evento se congregaron productores y acuacultores provenientes de diversos rincones de Tlaxcala, quienes presentaron una exquisita variedad de platillos elaborados con las especies que se cultivan en la regi\u00f3n.<\/p>\n\n\n\n<p>Rafael de la Pe\u00f1a Bernal, titular de Impulso Agropecuario, destac\u00f3 la trascendencia de la acuacultura y la crianza de especies menores en entornos dom\u00e9sticos. Enfatiz\u00f3 que estas pr\u00e1cticas no solo contribuyen con un valioso aporte nutricional, sino que tambi\u00e9n fomentan la autosuficiencia alimentaria entre las familias tlaxcaltecas. \u201cEn efecto, estas actividades no solo se consolidan como una parte esencial de la vida cotidiana de la poblaci\u00f3n, sino que tambi\u00e9n desempe\u00f1an un papel crucial en el sector primario de la econom\u00eda local\u201d.<\/p>\n\n\n\n<p>De la Pe\u00f1a Bernal agreg\u00f3 que estas acciones se realizan dentro del Programa de Acuacultura y Pesca de la Direcci\u00f3n de Ganader\u00eda y se da cumplimiento a lo estipulado por la gobernadora Lorena Cu\u00e9llar Cisneros de fortalecer la seguridad alimentaria entre la poblaci\u00f3n.<\/p>\n\n\n\n<p>Asimismo, el presidente municipal de Zacatelco, Hildeberto P\u00e9rez \u00c1lvarez reconoci\u00f3 el trabajo que desarrolla el gobierno estatal en beneficio de las y los productores del sur del estado.<\/p>\n\n\n\n<p>Durante el evento se entregaron reconocimientos a los expositores participantes y 275 mochilas aspersoras de forma gratuita. Es as\u00ed como desde la SIA se fortalece la producci\u00f3n primaria y fomenta la transformaci\u00f3n de las especies menores para mejorar la alimentaci\u00f3n de las y los tlaxcaltecas.<\/p>\n","protected":false},"excerpt":{"rendered":"<p>*Se busca acercar prote\u00edna de origen animal a la dieta de las familias tlaxcaltecas El gobierno del estado, a trav\u00e9s de la Secretar\u00eda de Impulso Agropecuario (SIA), realiz\u00f3 la \u201cFeria gastron\u00f3mica de platillos de tilapia, carpa, conejo y pato\u201d en el municipio de Zacatelco. En el evento se congregaron productores y acuacultores provenientes de diversos [&hellip;]<\/p>\n","protected":false},"author":1,"featured_media":113385,"comment_status":"open","ping_status":"open","sticky":false,"template":"","format":"standard","meta":{"footnotes":""},"categories":[21],"tags":[],"class_list":["post-113384","post","type-post","status-publish","format-standard","has-post-thumbnail","hentry","category-estatal"],"blog_post_layout_featured_media_urls":{"thumbnail":["https:\/\/diariolanoticia.com.mx\/wp-content\/uploads\/2023\/08\/WhatsApp-Image-2023-08-31-at-15.26.02-1-216x160.jpeg",216,160,true],"full":["https:\/\/diariolanoticia.com.mx\/wp-content\/uploads\/2023\/08\/WhatsApp-Image-2023-08-31-at-15.26.02-1.jpeg",1600,1066,false]},"categories_names":{"21":{"name":"Estatal","link":"https:\/\/diariolanoticia.com.mx\/?cat=21"}},"tags_names":[],"comments_number":"0","wpmagazine_modules_lite_featured_media_urls":{"thumbnail":["https:\/\/diariolanoticia.com.mx\/wp-content\/uploads\/2023\/08\/WhatsApp-Image-2023-08-31-at-15.26.02-1-216x160.jpeg",216,160,true],"cvmm-medium":["https:\/\/diariolanoticia.com.mx\/wp-content\/uploads\/2023\/08\/WhatsApp-Image-2023-08-31-at-15.26.02-1-300x300.jpeg",300,300,true],"cvmm-medium-plus":["https:\/\/diariolanoticia.com.mx\/wp-content\/uploads\/2023\/08\/WhatsApp-Image-2023-08-31-at-15.26.02-1-305x207.jpeg",305,207,true],"cvmm-portrait":["https:\/\/diariolanoticia.com.mx\/wp-content\/uploads\/2023\/08\/WhatsApp-Image-2023-08-31-at-15.26.02-1-400x600.jpeg",400,600,true],"cvmm-medium-square":["https:\/\/diariolanoticia.com.mx\/wp-content\/uploads\/2023\/08\/WhatsApp-Image-2023-08-31-at-15.26.02-1-600x600.jpeg",600,600,true],"cvmm-large":["https:\/\/diariolanoticia.com.mx\/wp-content\/uploads\/2023\/08\/WhatsApp-Image-2023-08-31-at-15.26.02-1-1024x1024.jpeg",1024,1024,true],"cvmm-small":["https:\/\/diariolanoticia.com.mx\/wp-content\/uploads\/2023\/08\/WhatsApp-Image-2023-08-31-at-15.26.02-1-130x95.jpeg",130,95,true],"full":["https:\/\/diariolanoticia.com.mx\/wp-content\/uploads\/2023\/08\/WhatsApp-Image-2023-08-31-at-15.26.02-1.jpeg",1600,1066,false]},"_links":{"self":[{"href":"https:\/\/diariolanoticia.com.mx\/index.php?rest_route=\/wp\/v2\/posts\/113384","targetHints":{"allow":["GET"]}}],"collection":[{"href":"https:\/\/diariolanoticia.com.mx\/index.php?rest_route=\/wp\/v2\/posts"}],"about":[{"href":"https:\/\/diariolanoticia.com.mx\/index.php?rest_route=\/wp\/v2\/types\/post"}],"author":[{"embeddable":true,"href":"https:\/\/diariolanoticia.com.mx\/index.php?rest_route=\/wp\/v2\/users\/1"}],"replies":[{"embeddable":true,"href":"https:\/\/diariolanoticia.com.mx\/index.php?rest_route=%2Fwp%2Fv2%2Fcomments&post=113384"}],"version-history":[{"count":1,"href":"https:\/\/diariolanoticia.com.mx\/index.php?rest_route=\/wp\/v2\/posts\/113384\/revisions"}],"predecessor-version":[{"id":113386,"href":"https:\/\/diariolanoticia.com.mx\/index.php?rest_route=\/wp\/v2\/posts\/113384\/revisions\/113386"}],"wp:featuredmedia":[{"embeddable":true,"href":"https:\/\/diariolanoticia.com.mx\/index.php?rest_route=\/wp\/v2\/media\/113385"}],"wp:attachment":[{"href":"https:\/\/diariolanoticia.com.mx\/index.php?rest_route=%2Fwp%2Fv2%2Fmedia&parent=113384"}],"wp:term":[{"taxonomy":"category","embeddable":true,"href":"https:\/\/diariolanoticia.com.mx\/index.php?rest_route=%2Fwp%2Fv2%2Fcategories&post=113384"},{"taxonomy":"post_tag","embeddable":true,"href":"https:\/\/diariolanoticia.com.mx\/index.php?rest_route=%2Fwp%2Fv2%2Ftags&post=113384"}],"curies":[{"name":"wp","href":"https:\/\/api.w.org\/{rel}","templated":true}]}}