{"id":113387,"date":"2023-08-31T15:50:08","date_gmt":"2023-08-31T21:50:08","guid":{"rendered":"https:\/\/diariolanoticia.com.mx\/?p=113387"},"modified":"2023-08-31T15:50:08","modified_gmt":"2023-08-31T21:50:08","slug":"reflexionan-sobre-las-ciencias-basicas-en-la-uatx","status":"publish","type":"post","link":"https:\/\/diariolanoticia.com.mx\/?p=113387","title":{"rendered":"Reflexionan sobre las ciencias b\u00e1sicas en la UATx"},"content":{"rendered":"\n<p>Para dar seguimiento a las actividades programadas del \u00abForo Internacional \u00bfCiencia para qu\u00e9? Hacia nuevos modelos de investigaci\u00f3n\u00bb, que efect\u00faa la Universidad Aut\u00f3noma de Tlaxcala (UATx), a trav\u00e9s del Observatorio Universitario (OU), en coordinaci\u00f3n con la ANUIES y la AMPEI, se realiz\u00f3 la conferencia magistral: \u00abCiencias f\u00edsico matem\u00e1ticas y de las ingenier\u00edas\u00bb, a cargo del Doctor Tom\u00e1s Viveros Garc\u00eda, profesor e investigador Nivel II del Sistema Nacional de Investigadores (SNI) de la Universidad Aut\u00f3noma Metropolitana Iztapalapa, as\u00ed como la mesa tem\u00e1tica con el t\u00f3pico \u00abLa investigaci\u00f3n en ciencias b\u00e1sicas e ingenier\u00eda: sus formas, vinculaci\u00f3n e impacto\u00bb.<\/p>\n","protected":false},"excerpt":{"rendered":"<p>Para dar seguimiento a las actividades programadas del \u00abForo Internacional \u00bfCiencia para qu\u00e9? Hacia nuevos modelos de investigaci\u00f3n\u00bb, que efect\u00faa la Universidad Aut\u00f3noma de Tlaxcala (UATx), a trav\u00e9s del Observatorio Universitario (OU), en coordinaci\u00f3n con la ANUIES y la AMPEI, se realiz\u00f3 la conferencia magistral: \u00abCiencias f\u00edsico matem\u00e1ticas y de las ingenier\u00edas\u00bb, a cargo del [&hellip;]<\/p>\n","protected":false},"author":1,"featured_media":113388,"comment_status":"open","ping_status":"open","sticky":false,"template":"","format":"standard","meta":{"footnotes":""},"categories":[10],"tags":[],"class_list":["post-113387","post","type-post","status-publish","format-standard","has-post-thumbnail","hentry","category-educacion"],"blog_post_layout_featured_media_urls":{"thumbnail":["https:\/\/diariolanoticia.com.mx\/wp-content\/uploads\/2023\/08\/31-Reflexionan-sobre-las-ciencias-basicas-en-la-UATx-216x160.jpg",216,160,true],"full":["https:\/\/diariolanoticia.com.mx\/wp-content\/uploads\/2023\/08\/31-Reflexionan-sobre-las-ciencias-basicas-en-la-UATx.jpg",2300,1537,false]},"categories_names":{"10":{"name":"Educaci\u00f3n","link":"https:\/\/diariolanoticia.com.mx\/?cat=10"}},"tags_names":[],"comments_number":"0","wpmagazine_modules_lite_featured_media_urls":{"thumbnail":["https:\/\/diariolanoticia.com.mx\/wp-content\/uploads\/2023\/08\/31-Reflexionan-sobre-las-ciencias-basicas-en-la-UATx-216x160.jpg",216,160,true],"cvmm-medium":["https:\/\/diariolanoticia.com.mx\/wp-content\/uploads\/2023\/08\/31-Reflexionan-sobre-las-ciencias-basicas-en-la-UATx-300x300.jpg",300,300,true],"cvmm-medium-plus":["https:\/\/diariolanoticia.com.mx\/wp-content\/uploads\/2023\/08\/31-Reflexionan-sobre-las-ciencias-basicas-en-la-UATx-305x207.jpg",305,207,true],"cvmm-portrait":["https:\/\/diariolanoticia.com.mx\/wp-content\/uploads\/2023\/08\/31-Reflexionan-sobre-las-ciencias-basicas-en-la-UATx-400x600.jpg",400,600,true],"cvmm-medium-square":["https:\/\/diariolanoticia.com.mx\/wp-content\/uploads\/2023\/08\/31-Reflexionan-sobre-las-ciencias-basicas-en-la-UATx-600x600.jpg",600,600,true],"cvmm-large":["https:\/\/diariolanoticia.com.mx\/wp-content\/uploads\/2023\/08\/31-Reflexionan-sobre-las-ciencias-basicas-en-la-UATx-1024x1024.jpg",1024,1024,true],"cvmm-small":["https:\/\/diariolanoticia.com.mx\/wp-content\/uploads\/2023\/08\/31-Reflexionan-sobre-las-ciencias-basicas-en-la-UATx-130x95.jpg",130,95,true],"full":["https:\/\/diariolanoticia.com.mx\/wp-content\/uploads\/2023\/08\/31-Reflexionan-sobre-las-ciencias-basicas-en-la-UATx.jpg",2300,1537,false]},"_links":{"self":[{"href":"https:\/\/diariolanoticia.com.mx\/index.php?rest_route=\/wp\/v2\/posts\/113387","targetHints":{"allow":["GET"]}}],"collection":[{"href":"https:\/\/diariolanoticia.com.mx\/index.php?rest_route=\/wp\/v2\/posts"}],"about":[{"href":"https:\/\/diariolanoticia.com.mx\/index.php?rest_route=\/wp\/v2\/types\/post"}],"author":[{"embeddable":true,"href":"https:\/\/diariolanoticia.com.mx\/index.php?rest_route=\/wp\/v2\/users\/1"}],"replies":[{"embeddable":true,"href":"https:\/\/diariolanoticia.com.mx\/index.php?rest_route=%2Fwp%2Fv2%2Fcomments&post=113387"}],"version-history":[{"count":1,"href":"https:\/\/diariolanoticia.com.mx\/index.php?rest_route=\/wp\/v2\/posts\/113387\/revisions"}],"predecessor-version":[{"id":113389,"href":"https:\/\/diariolanoticia.com.mx\/index.php?rest_route=\/wp\/v2\/posts\/113387\/revisions\/113389"}],"wp:featuredmedia":[{"embeddable":true,"href":"https:\/\/diariolanoticia.com.mx\/index.php?rest_route=\/wp\/v2\/media\/113388"}],"wp:attachment":[{"href":"https:\/\/diariolanoticia.com.mx\/index.php?rest_route=%2Fwp%2Fv2%2Fmedia&parent=113387"}],"wp:term":[{"taxonomy":"category","embeddable":true,"href":"https:\/\/diariolanoticia.com.mx\/index.php?rest_route=%2Fwp%2Fv2%2Fcategories&post=113387"},{"taxonomy":"post_tag","embeddable":true,"href":"https:\/\/diariolanoticia.com.mx\/index.php?rest_route=%2Fwp%2Fv2%2Ftags&post=113387"}],"curies":[{"name":"wp","href":"https:\/\/api.w.org\/{rel}","templated":true}]}}