{"id":113444,"date":"2023-08-31T22:35:18","date_gmt":"2023-09-01T04:35:18","guid":{"rendered":"https:\/\/diariolanoticia.com.mx\/?p=113444"},"modified":"2023-09-03T22:35:40","modified_gmt":"2023-09-04T04:35:40","slug":"coloca-ayuntamiento-de-tlaxcala-el-bando-solemne-de-fiestas-patrias","status":"publish","type":"post","link":"https:\/\/diariolanoticia.com.mx\/?p=113444","title":{"rendered":"Coloca Ayuntamiento de Tlaxcala el Bando Solemne de Fiestas Patrias"},"content":{"rendered":"\n<p>\u2022\u200b El acto fue encabezado por la alcaldesa Maribel P\u00e9rez Arenas e integrantes del Cuerpo EdilicioEl Ayuntamiento de Tlaxcala Capital dio cumplimiento a su responsabilidad c\u00edvica con la colocaci\u00f3n del Bando Solemne de Fiestas Patrias para anunciar las celebraciones que se llevar\u00e1n a cabo durante el mes de septiembre, con motivo del CCXIII Aniversario del Inicio de la Independencia Nacional.El acto fue encabezado por la alcaldesa Maribel P\u00e9rez Arenas, integrantes del Cuerpo Edilicio y el representante del Gobierno del Estado, Alejandro Carreto Xochicale, director t\u00e9cnico de la SEGOB; quienes colocaron el programa de festejos del mes patrio en la entrada de la Presidencia Municipal.Dentro del programa, se contemplan distintos eventos que se desarrollar\u00e1n con motivo de las gestas heroicas y que dar\u00e1n comienzo la noche del 31 de agosto, con el encendido de la iluminaci\u00f3n alusiva al mes de la patria en la Plaza de la Constituci\u00f3n y en la Escalinata de los H\u00e9roes.Del 1 al 30 de septiembre, se llevar\u00e1n a cabo los izamientos y arriamientos de la Bandera Nacional por parte de los 60 Ayuntamientos del Estado de Tlaxcala.Entre las actividades anunciadas en el Bando Solemne, tambi\u00e9n destacan las ceremonias conmemorativas por el CLXXVI Aniversario luctuoso del Coronel Felipe Santiago Tetlamatzin Salda\u00f1a y la ceremonia conmemorativa al CLXXVI Aniversario de la Gesta Heroica de los Ni\u00f1os H\u00e9roes de Chapultepec que se realizar\u00e1n el 13 de septiembre.Para el viernes 15 de septiembre, se anuncia la Entrega del Fuego Simb\u00f3lico de Independencia a los 60 Ayuntamientos, a las 10:00 horas, y la ceremonia conmemorativa CCXIII del Grito de Independencia, a partir de las 23:00 horas en el Z\u00f3calo Capitalino.El s\u00e1bado 16 de septiembre, se llevar\u00e1 a cabo el desfile c\u00edvico militar, que dar\u00e1 comienzo en la Escalinata de los H\u00e9roes en punto de las 10:30 horas y recorrer\u00e1 las principales calles de la ciudad.El s\u00e1bado 30 de septiembre, se realizar\u00e1 la ceremonia conmemorativa del CCLVIII aniversario del natalicio de Don Jos\u00e9 Mar\u00eda Morelos y Pav\u00f3n en la Escalinata de los H\u00e9roes para concluir con las actividades programadas con motivo del mes patrio.<\/p>\n","protected":false},"excerpt":{"rendered":"<p>\u2022\u200b El acto fue encabezado por la alcaldesa Maribel P\u00e9rez Arenas e integrantes del Cuerpo EdilicioEl Ayuntamiento de Tlaxcala Capital dio cumplimiento a su responsabilidad c\u00edvica con la colocaci\u00f3n del Bando Solemne de Fiestas Patrias para anunciar las celebraciones que se llevar\u00e1n a cabo durante el mes de septiembre, con motivo del CCXIII Aniversario del [&hellip;]<\/p>\n","protected":false},"author":1,"featured_media":113445,"comment_status":"open","ping_status":"open","sticky":false,"template":"","format":"standard","meta":{"footnotes":""},"categories":[17],"tags":[],"class_list":["post-113444","post","type-post","status-publish","format-standard","has-post-thumbnail","hentry","category-tlaxcala"],"blog_post_layout_featured_media_urls":{"thumbnail":["https:\/\/diariolanoticia.com.mx\/wp-content\/uploads\/2023\/09\/373531957_318470937376458_1419891215293029926_n-216x160.jpg",216,160,true],"full":["https:\/\/diariolanoticia.com.mx\/wp-content\/uploads\/2023\/09\/373531957_318470937376458_1419891215293029926_n.jpg",2048,1536,false]},"categories_names":{"17":{"name":"Tlaxcala","link":"https:\/\/diariolanoticia.com.mx\/?cat=17"}},"tags_names":[],"comments_number":"0","wpmagazine_modules_lite_featured_media_urls":{"thumbnail":["https:\/\/diariolanoticia.com.mx\/wp-content\/uploads\/2023\/09\/373531957_318470937376458_1419891215293029926_n-216x160.jpg",216,160,true],"cvmm-medium":["https:\/\/diariolanoticia.com.mx\/wp-content\/uploads\/2023\/09\/373531957_318470937376458_1419891215293029926_n-300x300.jpg",300,300,true],"cvmm-medium-plus":["https:\/\/diariolanoticia.com.mx\/wp-content\/uploads\/2023\/09\/373531957_318470937376458_1419891215293029926_n-305x207.jpg",305,207,true],"cvmm-portrait":["https:\/\/diariolanoticia.com.mx\/wp-content\/uploads\/2023\/09\/373531957_318470937376458_1419891215293029926_n-400x600.jpg",400,600,true],"cvmm-medium-square":["https:\/\/diariolanoticia.com.mx\/wp-content\/uploads\/2023\/09\/373531957_318470937376458_1419891215293029926_n-600x600.jpg",600,600,true],"cvmm-large":["https:\/\/diariolanoticia.com.mx\/wp-content\/uploads\/2023\/09\/373531957_318470937376458_1419891215293029926_n-1024x1024.jpg",1024,1024,true],"cvmm-small":["https:\/\/diariolanoticia.com.mx\/wp-content\/uploads\/2023\/09\/373531957_318470937376458_1419891215293029926_n-130x95.jpg",130,95,true],"full":["https:\/\/diariolanoticia.com.mx\/wp-content\/uploads\/2023\/09\/373531957_318470937376458_1419891215293029926_n.jpg",2048,1536,false]},"_links":{"self":[{"href":"https:\/\/diariolanoticia.com.mx\/index.php?rest_route=\/wp\/v2\/posts\/113444","targetHints":{"allow":["GET"]}}],"collection":[{"href":"https:\/\/diariolanoticia.com.mx\/index.php?rest_route=\/wp\/v2\/posts"}],"about":[{"href":"https:\/\/diariolanoticia.com.mx\/index.php?rest_route=\/wp\/v2\/types\/post"}],"author":[{"embeddable":true,"href":"https:\/\/diariolanoticia.com.mx\/index.php?rest_route=\/wp\/v2\/users\/1"}],"replies":[{"embeddable":true,"href":"https:\/\/diariolanoticia.com.mx\/index.php?rest_route=%2Fwp%2Fv2%2Fcomments&post=113444"}],"version-history":[{"count":1,"href":"https:\/\/diariolanoticia.com.mx\/index.php?rest_route=\/wp\/v2\/posts\/113444\/revisions"}],"predecessor-version":[{"id":113446,"href":"https:\/\/diariolanoticia.com.mx\/index.php?rest_route=\/wp\/v2\/posts\/113444\/revisions\/113446"}],"wp:featuredmedia":[{"embeddable":true,"href":"https:\/\/diariolanoticia.com.mx\/index.php?rest_route=\/wp\/v2\/media\/113445"}],"wp:attachment":[{"href":"https:\/\/diariolanoticia.com.mx\/index.php?rest_route=%2Fwp%2Fv2%2Fmedia&parent=113444"}],"wp:term":[{"taxonomy":"category","embeddable":true,"href":"https:\/\/diariolanoticia.com.mx\/index.php?rest_route=%2Fwp%2Fv2%2Fcategories&post=113444"},{"taxonomy":"post_tag","embeddable":true,"href":"https:\/\/diariolanoticia.com.mx\/index.php?rest_route=%2Fwp%2Fv2%2Ftags&post=113444"}],"curies":[{"name":"wp","href":"https:\/\/api.w.org\/{rel}","templated":true}]}}