{"id":113504,"date":"2023-08-18T23:14:43","date_gmt":"2023-08-19T05:14:43","guid":{"rendered":"https:\/\/diariolanoticia.com.mx\/?p=113504"},"modified":"2023-09-03T23:14:56","modified_gmt":"2023-09-04T05:14:56","slug":"alberga-tlaxcala-capital-feria-de-regreso-a-clases","status":"publish","type":"post","link":"https:\/\/diariolanoticia.com.mx\/?p=113504","title":{"rendered":"Alberga Tlaxcala Capital Feria de Regreso a Clases"},"content":{"rendered":"\n<p> Con el respaldo del Ayuntamiento capitalino, se inaugur\u00f3 la Feria de Regreso a Clases 2023, en apoyo a la econom\u00eda familiar de los tlaxcaltecas, organizada por el Gobierno de Tlaxcala.En la Plaza Ju\u00e1rez, se re\u00fanen expositores &#8211; vendedores del sector privado que ofrecen \u00fatiles escolares, el uniforme \u00fanico y calzado.En el acto inaugural, estuvo presente Paul Hern\u00e1ndez G\u00f3mez, Coordinador de Gobierno Abierto municipal, en representaci\u00f3n de la presidenta Maribel P\u00e9rez Arenas.<\/p>\n","protected":false},"excerpt":{"rendered":"<p>Con el respaldo del Ayuntamiento capitalino, se inaugur\u00f3 la Feria de Regreso a Clases 2023, en apoyo a la econom\u00eda familiar de los tlaxcaltecas, organizada por el Gobierno de Tlaxcala.En la Plaza Ju\u00e1rez, se re\u00fanen expositores &#8211; vendedores del sector privado que ofrecen \u00fatiles escolares, el uniforme \u00fanico y calzado.En el acto inaugural, estuvo presente [&hellip;]<\/p>\n","protected":false},"author":1,"featured_media":113505,"comment_status":"open","ping_status":"open","sticky":false,"template":"","format":"standard","meta":{"footnotes":""},"categories":[17],"tags":[],"class_list":["post-113504","post","type-post","status-publish","format-standard","has-post-thumbnail","hentry","category-tlaxcala"],"blog_post_layout_featured_media_urls":{"thumbnail":["https:\/\/diariolanoticia.com.mx\/wp-content\/uploads\/2023\/09\/368377390_311533254736893_7926611605630897950_n-216x160.jpg",216,160,true],"full":["https:\/\/diariolanoticia.com.mx\/wp-content\/uploads\/2023\/09\/368377390_311533254736893_7926611605630897950_n.jpg",1600,1065,false]},"categories_names":{"17":{"name":"Tlaxcala","link":"https:\/\/diariolanoticia.com.mx\/?cat=17"}},"tags_names":[],"comments_number":"0","wpmagazine_modules_lite_featured_media_urls":{"thumbnail":["https:\/\/diariolanoticia.com.mx\/wp-content\/uploads\/2023\/09\/368377390_311533254736893_7926611605630897950_n-216x160.jpg",216,160,true],"cvmm-medium":["https:\/\/diariolanoticia.com.mx\/wp-content\/uploads\/2023\/09\/368377390_311533254736893_7926611605630897950_n-300x300.jpg",300,300,true],"cvmm-medium-plus":["https:\/\/diariolanoticia.com.mx\/wp-content\/uploads\/2023\/09\/368377390_311533254736893_7926611605630897950_n-305x207.jpg",305,207,true],"cvmm-portrait":["https:\/\/diariolanoticia.com.mx\/wp-content\/uploads\/2023\/09\/368377390_311533254736893_7926611605630897950_n-400x600.jpg",400,600,true],"cvmm-medium-square":["https:\/\/diariolanoticia.com.mx\/wp-content\/uploads\/2023\/09\/368377390_311533254736893_7926611605630897950_n-600x600.jpg",600,600,true],"cvmm-large":["https:\/\/diariolanoticia.com.mx\/wp-content\/uploads\/2023\/09\/368377390_311533254736893_7926611605630897950_n-1024x1024.jpg",1024,1024,true],"cvmm-small":["https:\/\/diariolanoticia.com.mx\/wp-content\/uploads\/2023\/09\/368377390_311533254736893_7926611605630897950_n-130x95.jpg",130,95,true],"full":["https:\/\/diariolanoticia.com.mx\/wp-content\/uploads\/2023\/09\/368377390_311533254736893_7926611605630897950_n.jpg",1600,1065,false]},"_links":{"self":[{"href":"https:\/\/diariolanoticia.com.mx\/index.php?rest_route=\/wp\/v2\/posts\/113504","targetHints":{"allow":["GET"]}}],"collection":[{"href":"https:\/\/diariolanoticia.com.mx\/index.php?rest_route=\/wp\/v2\/posts"}],"about":[{"href":"https:\/\/diariolanoticia.com.mx\/index.php?rest_route=\/wp\/v2\/types\/post"}],"author":[{"embeddable":true,"href":"https:\/\/diariolanoticia.com.mx\/index.php?rest_route=\/wp\/v2\/users\/1"}],"replies":[{"embeddable":true,"href":"https:\/\/diariolanoticia.com.mx\/index.php?rest_route=%2Fwp%2Fv2%2Fcomments&post=113504"}],"version-history":[{"count":1,"href":"https:\/\/diariolanoticia.com.mx\/index.php?rest_route=\/wp\/v2\/posts\/113504\/revisions"}],"predecessor-version":[{"id":113506,"href":"https:\/\/diariolanoticia.com.mx\/index.php?rest_route=\/wp\/v2\/posts\/113504\/revisions\/113506"}],"wp:featuredmedia":[{"embeddable":true,"href":"https:\/\/diariolanoticia.com.mx\/index.php?rest_route=\/wp\/v2\/media\/113505"}],"wp:attachment":[{"href":"https:\/\/diariolanoticia.com.mx\/index.php?rest_route=%2Fwp%2Fv2%2Fmedia&parent=113504"}],"wp:term":[{"taxonomy":"category","embeddable":true,"href":"https:\/\/diariolanoticia.com.mx\/index.php?rest_route=%2Fwp%2Fv2%2Fcategories&post=113504"},{"taxonomy":"post_tag","embeddable":true,"href":"https:\/\/diariolanoticia.com.mx\/index.php?rest_route=%2Fwp%2Fv2%2Ftags&post=113504"}],"curies":[{"name":"wp","href":"https:\/\/api.w.org\/{rel}","templated":true}]}}