{"id":113706,"date":"2023-09-06T19:44:08","date_gmt":"2023-09-07T01:44:08","guid":{"rendered":"https:\/\/diariolanoticia.com.mx\/?p=113706"},"modified":"2023-09-06T19:44:06","modified_gmt":"2023-09-07T01:44:06","slug":"expo-mezcal-orgullo-de-puebla-ensalza-tradicion","status":"publish","type":"post","link":"https:\/\/diariolanoticia.com.mx\/?p=113706","title":{"rendered":"Expo \u201cMezcal Orgullo de Puebla\u201d ensalza tradici\u00f3n"},"content":{"rendered":"\n<p>-El gobernador Sergio Salom\u00f3n presidi\u00f3 la inauguraci\u00f3n de dicho evento en el Centro de Convenciones<\/p>\n\n\n\n<p>-Coment\u00f3 que su administraci\u00f3n ha promovido iniciativas para posicionar la industria mezcalera de Puebla a nivel nacional e internacional<\/p>\n\n\n\n<p>CIUDAD DE PUEBLA, Pue. &#8211; Con la \u201cExpo Mezcal Orgullo Puebla\u201d, el gobierno estatal ensalza la tradici\u00f3n mezcalera poblana y reconoce el trabajo de las y los productores, de las y los maestros mezcaleros y de todas y todos aquellos que con profesionalismo han convertido a la entidad en un referente de calidad en la producci\u00f3n de dicha bebida, manifest\u00f3 el gobernador Sergio Salom\u00f3n.<\/p>\n\n\n\n<p>Durante su mensaje al presidir la inauguraci\u00f3n de dicho evento en el Centro de Convenciones, el mandatario record\u00f3 que su administraci\u00f3n ha promovido iniciativas para posicionar la industria mezcalera de Puebla a nivel nacional e internacional, una muestra, fue la puesta en marcha de la estrategia \u201cImpulso al Agave Mezcalero\u201d con la que ser\u00e1n destinados 442 millones de pesos para fortalecer las cadenas productivas y comerciales.<\/p>\n\n\n\n<p>Reconoci\u00f3 a las y los mezcaleros que participan en la Expo, ya que han hecho de dicha industria un motor de crecimiento econ\u00f3mico, lo que impacta en la generaci\u00f3n de empleos para beneficio de comunidades enteras y de miles de familias poblanas.<\/p>\n\n\n\n<p>Sergio Salom\u00f3n recalc\u00f3 que el gobierno de Puebla continuar\u00e1 con acciones contundentes para que visitantes y turistas disfruten de todo lo que ofrece la entidad, como su variedad de mezcales, sus aromas y sabores, as\u00ed como herencia gastron\u00f3mica y cultural.<\/p>\n\n\n\n<p>En el acto inaugural, el titular del Ejecutivo tambi\u00e9n entreg\u00f3 22 medallas a los productores ganadores de la convocatoria cata de mezcal y destilados de agave \u201cPremio al Origen 2023\u201d y 10 constancias de cumplimiento con la Norma de \u201cCertificaci\u00f3n de establecimiento de palenques para la producci\u00f3n de mezcal\u201d.<\/p>\n\n\n\n<p>La titular de la Secretar\u00eda de Desarrollo Rural (SDR), Ana Laura Altamirano P\u00e9rez coment\u00f3 que Puebla es poseedor de una diversidad de agaves, por lo que hoy el estado se ubica en segundo lugar a nivel nacional en volumen de producci\u00f3n con m\u00e1s de 500 mil litros de mezcal al a\u00f1o.<\/p>\n\n\n\n<p>Mencion\u00f3 que la estrategia \u201cImpulso al Agave Mezcalero\u201d es \u00fanica en su tipo, integral y que cambiar\u00e1 la vida de las familias de la Mixteca, ya que el pr\u00f3ximo a\u00f1o la producci\u00f3n pasar\u00e1 a un mill\u00f3n de litros de mezcal.<\/p>\n\n\n\n<p>Record\u00f3 que la \u201cExpo Mezcal Orgullo Puebla\u201d concluir\u00e1 el 10 de septiembre y el acceso es de 10:00 a 20:00 horas sin costo alguno. Record\u00f3 que habr\u00e1 actividades como el segundo campeonato de bartenders, carrera del mezcal, la primera subasta de \u201cPremio al Origen 2023\u201d y el museo del mezcal para conocer m\u00e1s sobre la actividad.<\/p>\n","protected":false},"excerpt":{"rendered":"<p>-El gobernador Sergio Salom\u00f3n presidi\u00f3 la inauguraci\u00f3n de dicho evento en el Centro de Convenciones -Coment\u00f3 que su administraci\u00f3n ha promovido iniciativas para posicionar la industria mezcalera de Puebla a nivel nacional e internacional CIUDAD DE PUEBLA, Pue. &#8211; Con la \u201cExpo Mezcal Orgullo Puebla\u201d, el gobierno estatal ensalza la tradici\u00f3n mezcalera poblana y reconoce [&hellip;]<\/p>\n","protected":false},"author":1,"featured_media":113705,"comment_status":"open","ping_status":"open","sticky":false,"template":"","format":"standard","meta":{"footnotes":""},"categories":[20],"tags":[52],"class_list":["post-113706","post","type-post","status-publish","format-standard","has-post-thumbnail","hentry","category-norte-de-puebla","tag-puebla"],"blog_post_layout_featured_media_urls":{"thumbnail":["https:\/\/diariolanoticia.com.mx\/wp-content\/uploads\/2023\/09\/img_6316-216x160.jpg",216,160,true],"full":["https:\/\/diariolanoticia.com.mx\/wp-content\/uploads\/2023\/09\/img_6316.jpg",1368,912,false]},"categories_names":{"20":{"name":"Norte de Puebla","link":"https:\/\/diariolanoticia.com.mx\/?cat=20"}},"tags_names":{"52":{"name":"Puebla","link":"https:\/\/diariolanoticia.com.mx\/?tag=puebla"}},"comments_number":"0","wpmagazine_modules_lite_featured_media_urls":{"thumbnail":["https:\/\/diariolanoticia.com.mx\/wp-content\/uploads\/2023\/09\/img_6316-216x160.jpg",216,160,true],"cvmm-medium":["https:\/\/diariolanoticia.com.mx\/wp-content\/uploads\/2023\/09\/img_6316-300x300.jpg",300,300,true],"cvmm-medium-plus":["https:\/\/diariolanoticia.com.mx\/wp-content\/uploads\/2023\/09\/img_6316-305x207.jpg",305,207,true],"cvmm-portrait":["https:\/\/diariolanoticia.com.mx\/wp-content\/uploads\/2023\/09\/img_6316-400x600.jpg",400,600,true],"cvmm-medium-square":["https:\/\/diariolanoticia.com.mx\/wp-content\/uploads\/2023\/09\/img_6316-600x600.jpg",600,600,true],"cvmm-large":["https:\/\/diariolanoticia.com.mx\/wp-content\/uploads\/2023\/09\/img_6316-1024x912.jpg",1024,912,true],"cvmm-small":["https:\/\/diariolanoticia.com.mx\/wp-content\/uploads\/2023\/09\/img_6316-130x95.jpg",130,95,true],"full":["https:\/\/diariolanoticia.com.mx\/wp-content\/uploads\/2023\/09\/img_6316.jpg",1368,912,false]},"_links":{"self":[{"href":"https:\/\/diariolanoticia.com.mx\/index.php?rest_route=\/wp\/v2\/posts\/113706","targetHints":{"allow":["GET"]}}],"collection":[{"href":"https:\/\/diariolanoticia.com.mx\/index.php?rest_route=\/wp\/v2\/posts"}],"about":[{"href":"https:\/\/diariolanoticia.com.mx\/index.php?rest_route=\/wp\/v2\/types\/post"}],"author":[{"embeddable":true,"href":"https:\/\/diariolanoticia.com.mx\/index.php?rest_route=\/wp\/v2\/users\/1"}],"replies":[{"embeddable":true,"href":"https:\/\/diariolanoticia.com.mx\/index.php?rest_route=%2Fwp%2Fv2%2Fcomments&post=113706"}],"version-history":[{"count":1,"href":"https:\/\/diariolanoticia.com.mx\/index.php?rest_route=\/wp\/v2\/posts\/113706\/revisions"}],"predecessor-version":[{"id":113707,"href":"https:\/\/diariolanoticia.com.mx\/index.php?rest_route=\/wp\/v2\/posts\/113706\/revisions\/113707"}],"wp:featuredmedia":[{"embeddable":true,"href":"https:\/\/diariolanoticia.com.mx\/index.php?rest_route=\/wp\/v2\/media\/113705"}],"wp:attachment":[{"href":"https:\/\/diariolanoticia.com.mx\/index.php?rest_route=%2Fwp%2Fv2%2Fmedia&parent=113706"}],"wp:term":[{"taxonomy":"category","embeddable":true,"href":"https:\/\/diariolanoticia.com.mx\/index.php?rest_route=%2Fwp%2Fv2%2Fcategories&post=113706"},{"taxonomy":"post_tag","embeddable":true,"href":"https:\/\/diariolanoticia.com.mx\/index.php?rest_route=%2Fwp%2Fv2%2Ftags&post=113706"}],"curies":[{"name":"wp","href":"https:\/\/api.w.org\/{rel}","templated":true}]}}