{"id":113826,"date":"2023-09-12T13:14:50","date_gmt":"2023-09-12T19:14:50","guid":{"rendered":"https:\/\/diariolanoticia.com.mx\/?p=113826"},"modified":"2023-09-12T13:14:49","modified_gmt":"2023-09-12T19:14:49","slug":"con-nueva-central-camionera-gobierno-de-puebla-mejora-movilidad-y-defina-economia","status":"publish","type":"post","link":"https:\/\/diariolanoticia.com.mx\/?p=113826","title":{"rendered":"Con nueva central camionera, Gobierno de Puebla mejora movilidad y defina econom\u00eda"},"content":{"rendered":"\n<p>-El mandatario Sergio Salom\u00f3n entreg\u00f3 el t\u00edtulo de concesi\u00f3n de la Central Camionera del Sur al Consejo de Administraci\u00f3n de la CAPU<\/p>\n\n\n\n<p>-Indic\u00f3 que este tipo de inversiones refrendan que Puebla garantiza el Estado de Derecho y da certeza a las y los empresarios<\/p>\n\n\n\n<p>CIUDAD DE PUEBLA, Pue. &#8211; Con la nueva Central Camionera del Sur, el gobierno estatal mejorar\u00e1 la movilidad de poblanas, poblanos y visitantes y, detonar\u00e1 el crecimiento econ\u00f3mico en la zona, manifest\u00f3 el gobernador Sergio Salom\u00f3n al entregar el t\u00edtulo de concesi\u00f3n de dicho proyecto al Consejo de Administraci\u00f3n de la Central de Autobuses de Pasajeros de la Ciudad de Puebla (CAPU).<\/p>\n\n\n\n<p>En su mensaje, el titular del Ejecutivo recalc\u00f3 que la construcci\u00f3n de la terminal referida, refrenda que en la entidad el Estado de Derecho est\u00e1 garantizado, adem\u00e1s de que hay certeza para las y los empresarios, a quienes reiter\u00f3 el llamado a seguir con el trabajo conjunto con la autoridad para generar mejores condiciones de vida.<\/p>\n\n\n\n<p>Expuso que la entrega del t\u00edtulo de concesi\u00f3n para la operaci\u00f3n y administraci\u00f3n de la nueva Central Camionera del Sur es un hecho que coloca a Puebla a la vanguardia en materia de movilidad y de transporte. Agreg\u00f3 que era necesario construir una obra as\u00ed para desahogar la carga de viajes y atender a los miles de usuarios que cotidianamente se trasladan hacia el sur del estado y hacia otros del sureste del pa\u00eds, as\u00ed como la zona centro.<\/p>\n\n\n\n<p>Sergio Salom\u00f3n coment\u00f3 que la nueva terminal ser\u00e1 edificada con los m\u00e1s altos est\u00e1ndares de calidad, contar\u00e1 con instalaciones t\u00e9rmicas y energ\u00edas renovables, adem\u00e1s de que habr\u00e1 vigilancia y seguridad las 24 horas del d\u00eda.<\/p>\n\n\n\n<p>Aldo Alarc\u00f3n Vargas, presidente del Consejo de Administraci\u00f3n de la Central de Autobuses de Pasajeros de la Ciudad de Puebla (CAPU), reconoci\u00f3 al gobierno de Sergio Salom\u00f3n por impulsar iniciativas que favorezcan la movilidad de las y los poblanos. Coment\u00f3 que el proyecto era necesario para agilizar el transbordo de pasajeros; en este sentido, recalc\u00f3 que la nueva terminal ser\u00e1 eficiente y ecol\u00f3gica, adem\u00e1s de que detonar\u00e1 el crecimiento econ\u00f3mico y tur\u00edstico.<\/p>\n\n\n\n<p>El subsecretario de Infraestructura, Jes\u00fas Aquino Lim\u00f3n detall\u00f3 que los beneficios de la nueva Central Camionera del Sur son: menores gastos en pasajes para los usuarios, menor congestionamiento vial, reducci\u00f3n de tiempos de traslado y de gases contaminantes y la optimizaci\u00f3n de itinerarios y rutas de transporte.<\/p>\n","protected":false},"excerpt":{"rendered":"<p>-El mandatario Sergio Salom\u00f3n entreg\u00f3 el t\u00edtulo de concesi\u00f3n de la Central Camionera del Sur al Consejo de Administraci\u00f3n de la CAPU -Indic\u00f3 que este tipo de inversiones refrendan que Puebla garantiza el Estado de Derecho y da certeza a las y los empresarios CIUDAD DE PUEBLA, Pue. &#8211; Con la nueva Central Camionera del [&hellip;]<\/p>\n","protected":false},"author":1,"featured_media":113825,"comment_status":"open","ping_status":"open","sticky":false,"template":"","format":"standard","meta":{"footnotes":""},"categories":[20],"tags":[104,52],"class_list":["post-113826","post","type-post","status-publish","format-standard","has-post-thumbnail","hentry","category-norte-de-puebla","tag-economia","tag-puebla"],"blog_post_layout_featured_media_urls":{"thumbnail":["https:\/\/diariolanoticia.com.mx\/wp-content\/uploads\/2023\/09\/img_6609-216x160.jpg",216,160,true],"full":["https:\/\/diariolanoticia.com.mx\/wp-content\/uploads\/2023\/09\/img_6609.jpg",1500,996,false]},"categories_names":{"20":{"name":"Norte de Puebla","link":"https:\/\/diariolanoticia.com.mx\/?cat=20"}},"tags_names":{"104":{"name":"Econom\u00eda","link":"https:\/\/diariolanoticia.com.mx\/?tag=economia"},"52":{"name":"Puebla","link":"https:\/\/diariolanoticia.com.mx\/?tag=puebla"}},"comments_number":"0","wpmagazine_modules_lite_featured_media_urls":{"thumbnail":["https:\/\/diariolanoticia.com.mx\/wp-content\/uploads\/2023\/09\/img_6609-216x160.jpg",216,160,true],"cvmm-medium":["https:\/\/diariolanoticia.com.mx\/wp-content\/uploads\/2023\/09\/img_6609-300x300.jpg",300,300,true],"cvmm-medium-plus":["https:\/\/diariolanoticia.com.mx\/wp-content\/uploads\/2023\/09\/img_6609-305x207.jpg",305,207,true],"cvmm-portrait":["https:\/\/diariolanoticia.com.mx\/wp-content\/uploads\/2023\/09\/img_6609-400x600.jpg",400,600,true],"cvmm-medium-square":["https:\/\/diariolanoticia.com.mx\/wp-content\/uploads\/2023\/09\/img_6609-600x600.jpg",600,600,true],"cvmm-large":["https:\/\/diariolanoticia.com.mx\/wp-content\/uploads\/2023\/09\/img_6609-1024x996.jpg",1024,996,true],"cvmm-small":["https:\/\/diariolanoticia.com.mx\/wp-content\/uploads\/2023\/09\/img_6609-130x95.jpg",130,95,true],"full":["https:\/\/diariolanoticia.com.mx\/wp-content\/uploads\/2023\/09\/img_6609.jpg",1500,996,false]},"_links":{"self":[{"href":"https:\/\/diariolanoticia.com.mx\/index.php?rest_route=\/wp\/v2\/posts\/113826","targetHints":{"allow":["GET"]}}],"collection":[{"href":"https:\/\/diariolanoticia.com.mx\/index.php?rest_route=\/wp\/v2\/posts"}],"about":[{"href":"https:\/\/diariolanoticia.com.mx\/index.php?rest_route=\/wp\/v2\/types\/post"}],"author":[{"embeddable":true,"href":"https:\/\/diariolanoticia.com.mx\/index.php?rest_route=\/wp\/v2\/users\/1"}],"replies":[{"embeddable":true,"href":"https:\/\/diariolanoticia.com.mx\/index.php?rest_route=%2Fwp%2Fv2%2Fcomments&post=113826"}],"version-history":[{"count":1,"href":"https:\/\/diariolanoticia.com.mx\/index.php?rest_route=\/wp\/v2\/posts\/113826\/revisions"}],"predecessor-version":[{"id":113827,"href":"https:\/\/diariolanoticia.com.mx\/index.php?rest_route=\/wp\/v2\/posts\/113826\/revisions\/113827"}],"wp:featuredmedia":[{"embeddable":true,"href":"https:\/\/diariolanoticia.com.mx\/index.php?rest_route=\/wp\/v2\/media\/113825"}],"wp:attachment":[{"href":"https:\/\/diariolanoticia.com.mx\/index.php?rest_route=%2Fwp%2Fv2%2Fmedia&parent=113826"}],"wp:term":[{"taxonomy":"category","embeddable":true,"href":"https:\/\/diariolanoticia.com.mx\/index.php?rest_route=%2Fwp%2Fv2%2Fcategories&post=113826"},{"taxonomy":"post_tag","embeddable":true,"href":"https:\/\/diariolanoticia.com.mx\/index.php?rest_route=%2Fwp%2Fv2%2Ftags&post=113826"}],"curies":[{"name":"wp","href":"https:\/\/api.w.org\/{rel}","templated":true}]}}