{"id":113909,"date":"2023-09-15T17:15:53","date_gmt":"2023-09-15T23:15:53","guid":{"rendered":"https:\/\/diariolanoticia.com.mx\/?p=113909"},"modified":"2023-09-15T17:15:54","modified_gmt":"2023-09-15T23:15:54","slug":"conmemora-congreso-ccxiii-aniversario-del-inicio-de-la-lucha-de-independencia","status":"publish","type":"post","link":"https:\/\/diariolanoticia.com.mx\/?p=113909","title":{"rendered":"Conmemora Congreso CCXIII aniversario del inicio de la lucha de Independencia\u00a0"},"content":{"rendered":"\n<p>\u00b7&nbsp;&nbsp;&nbsp;&nbsp;&nbsp;&nbsp;<em>Se reconoci\u00f3 a h\u00e9roes tlaxcaltecas que participaron en la lucha de Independencia.<\/em><\/p>\n\n\n\n<p>Tlaxcala, Tlax., a 15 de septiembre de 2023&nbsp;<\/p>\n\n\n\n<p>En el marco de la conmemoraci\u00f3n del CCXIII aniversario del inicio de la lucha de independencia, las y los diputados integrantes de la LXIV Legislatura del Congreso del Estado realizaron una ceremonia c\u00edvica para rendir honores a nuestro l\u00e1baro patrio y recordar este acto c\u00e9lebre de Patria y Libertad.<\/p>\n\n\n\n<p>En este acto, la diputada M\u00f3nica S\u00e1nchez Angulo, presidenta de la Mesa Directiva del Congreso del Estado, record\u00f3 la participaci\u00f3n del diputado tlaxcalteca Jos\u00e9 Miguel Guridi y Alcocer en el debate que condujo a la declaratoria del art\u00edculo tercero constitucional de que la Soberan\u00eda resid\u00eda esencialmente en la Naci\u00f3n, propiciado en la Corte de C\u00e1diz.&nbsp;<\/p>\n\n\n\n<p>\u00abAprecio, celebro y enaltezco el presente acto c\u00edvico que conmemora tanto a h\u00e9roes locales como nacionales, en la lucha por la insurrecci\u00f3n mexicana. El d\u00eda de hoy, ya son 213 a\u00f1os en los que comenz\u00f3 el movimiento social que por medio de las armas y sobre manera, a base de un sentido ideol\u00f3gico propuso cambiar la realidad apremiante de aquel momento, desde luego sus causas fueron muy diversas pero todas ellas guardan una \u00edntima conexi\u00f3n\u00bb, destac\u00f3 S\u00e1nchez Angulo.<\/p>\n\n\n\n<p>Por su parte, la presidenta de la Junta de Coordinaci\u00f3n y Concertaci\u00f3n Pol\u00edtica, la diputada Marcela Gonz\u00e1lez Castillo, record\u00f3 al ilustre Mariano Matamoros, quien hizo de Ixtacuixtla su casa, un hombre destacado y que fue part\u00edcipe de este movimiento de Independencia, junto a Miguel Hidalgo, Jos\u00e9 Mar\u00eda Morelos y Pav\u00f3n, Leona Vicario y la Corregidora, Josefa Ortiz.&nbsp;<\/p>\n\n\n\n<p>Finalmente, la presidenta de la Junta de Coordinaci\u00f3n, enfatiz\u00f3 \u00abhoy las y los diputados reafirmamos nuestro compromiso, con los valores de libertad, respeto, igualdad y justicia que nos caracteriza como mexicanas y mexicanos, recordemos que la independencia es un logro colectivo que debemos proteger y defender d\u00eda a d\u00eda, especialmente en Tlaxcala, cuna de la naci\u00f3n\u00bb.<\/p>\n\n\n\n<p>En este acto se cont\u00f3 con la presencia de la magistrada Anel Ba\u00f1uelos Meneses, en representaci\u00f3n del Poder Judicial; de la presidenta de la Comisi\u00f3n Estatal de Derechos Humanos, Jakqueline Ordo\u00f1ez Brasdefe y el General de Brigada, diplomado del Estado Mayor, Comandante de la 23 zona militar, Andr\u00e9s Ojeda Ram\u00edrez.<\/p>\n","protected":false},"excerpt":{"rendered":"<p>\u00b7&nbsp;&nbsp;&nbsp;&nbsp;&nbsp;&nbsp;Se reconoci\u00f3 a h\u00e9roes tlaxcaltecas que participaron en la lucha de Independencia. Tlaxcala, Tlax., a 15 de septiembre de 2023&nbsp; En el marco de la conmemoraci\u00f3n del CCXIII aniversario del inicio de la lucha de independencia, las y los diputados integrantes de la LXIV Legislatura del Congreso del Estado realizaron una ceremonia c\u00edvica para rendir [&hellip;]<\/p>\n","protected":false},"author":1,"featured_media":113910,"comment_status":"open","ping_status":"open","sticky":false,"template":"","format":"standard","meta":{"footnotes":""},"categories":[22],"tags":[],"class_list":["post-113909","post","type-post","status-publish","format-standard","has-post-thumbnail","hentry","category-congreso"],"blog_post_layout_featured_media_urls":{"thumbnail":["https:\/\/diariolanoticia.com.mx\/wp-content\/uploads\/2023\/09\/Unknown-3-216x160.jpeg",216,160,true],"full":["https:\/\/diariolanoticia.com.mx\/wp-content\/uploads\/2023\/09\/Unknown-3.jpeg",1024,684,false]},"categories_names":{"22":{"name":"Congreso","link":"https:\/\/diariolanoticia.com.mx\/?cat=22"}},"tags_names":[],"comments_number":"0","wpmagazine_modules_lite_featured_media_urls":{"thumbnail":["https:\/\/diariolanoticia.com.mx\/wp-content\/uploads\/2023\/09\/Unknown-3-216x160.jpeg",216,160,true],"cvmm-medium":["https:\/\/diariolanoticia.com.mx\/wp-content\/uploads\/2023\/09\/Unknown-3-300x300.jpeg",300,300,true],"cvmm-medium-plus":["https:\/\/diariolanoticia.com.mx\/wp-content\/uploads\/2023\/09\/Unknown-3-305x207.jpeg",305,207,true],"cvmm-portrait":["https:\/\/diariolanoticia.com.mx\/wp-content\/uploads\/2023\/09\/Unknown-3-400x600.jpeg",400,600,true],"cvmm-medium-square":["https:\/\/diariolanoticia.com.mx\/wp-content\/uploads\/2023\/09\/Unknown-3-600x600.jpeg",600,600,true],"cvmm-large":["https:\/\/diariolanoticia.com.mx\/wp-content\/uploads\/2023\/09\/Unknown-3.jpeg",1024,684,false],"cvmm-small":["https:\/\/diariolanoticia.com.mx\/wp-content\/uploads\/2023\/09\/Unknown-3-130x95.jpeg",130,95,true],"full":["https:\/\/diariolanoticia.com.mx\/wp-content\/uploads\/2023\/09\/Unknown-3.jpeg",1024,684,false]},"_links":{"self":[{"href":"https:\/\/diariolanoticia.com.mx\/index.php?rest_route=\/wp\/v2\/posts\/113909","targetHints":{"allow":["GET"]}}],"collection":[{"href":"https:\/\/diariolanoticia.com.mx\/index.php?rest_route=\/wp\/v2\/posts"}],"about":[{"href":"https:\/\/diariolanoticia.com.mx\/index.php?rest_route=\/wp\/v2\/types\/post"}],"author":[{"embeddable":true,"href":"https:\/\/diariolanoticia.com.mx\/index.php?rest_route=\/wp\/v2\/users\/1"}],"replies":[{"embeddable":true,"href":"https:\/\/diariolanoticia.com.mx\/index.php?rest_route=%2Fwp%2Fv2%2Fcomments&post=113909"}],"version-history":[{"count":1,"href":"https:\/\/diariolanoticia.com.mx\/index.php?rest_route=\/wp\/v2\/posts\/113909\/revisions"}],"predecessor-version":[{"id":113911,"href":"https:\/\/diariolanoticia.com.mx\/index.php?rest_route=\/wp\/v2\/posts\/113909\/revisions\/113911"}],"wp:featuredmedia":[{"embeddable":true,"href":"https:\/\/diariolanoticia.com.mx\/index.php?rest_route=\/wp\/v2\/media\/113910"}],"wp:attachment":[{"href":"https:\/\/diariolanoticia.com.mx\/index.php?rest_route=%2Fwp%2Fv2%2Fmedia&parent=113909"}],"wp:term":[{"taxonomy":"category","embeddable":true,"href":"https:\/\/diariolanoticia.com.mx\/index.php?rest_route=%2Fwp%2Fv2%2Fcategories&post=113909"},{"taxonomy":"post_tag","embeddable":true,"href":"https:\/\/diariolanoticia.com.mx\/index.php?rest_route=%2Fwp%2Fv2%2Ftags&post=113909"}],"curies":[{"name":"wp","href":"https:\/\/api.w.org\/{rel}","templated":true}]}}