{"id":113955,"date":"2023-09-16T07:11:15","date_gmt":"2023-09-16T13:11:15","guid":{"rendered":"https:\/\/diariolanoticia.com.mx\/?p=113955"},"modified":"2023-09-16T07:11:15","modified_gmt":"2023-09-16T13:11:15","slug":"celebra-puebla-orgullo-mexicano","status":"publish","type":"post","link":"https:\/\/diariolanoticia.com.mx\/?p=113955","title":{"rendered":"Celebra Puebla orgullo mexicano"},"content":{"rendered":"\n<p>-Las y los poblanos que se dieron cita en el z\u00f3calo capitalino disfrutaron de pirotecnia, \u201cvideo mapping\u201d y la presentaci\u00f3n del cantante mexicano, Pablo Montero<\/p>\n\n\n\n<p>CIUDAD DE PUEBLA, Pue. \u2013 Bajo un ambiente familiar y de celebraci\u00f3n por el orgullo de ser mexicanas y mexicanos, el gobernador Sergio Salom\u00f3n dio el \u201cGrito de Independencia\u201d en Palacio Municipal, acto en el que record\u00f3 que en la entidad se vive en unidad.<\/p>\n\n\n\n<p>En compa\u00f1\u00eda de la presidenta honoraria del Patronato del SEDIF, Gaby Bonilla y del alcalde capitalino, Eduardo Rivera P\u00e9rez, el mandatario areng\u00f3 a las y los h\u00e9roes nacionales como Miguel Hidalgo y Costilla, Josefa Ortiz de Dom\u00ednguez, Jos\u00e9 Mar\u00eda Morelos y Pav\u00f3n y Leona Vicario.<\/p>\n\n\n\n<p>Tras el \u201cGrito de Independencia\u201d, poblanas, poblanos y visitantes, que se dieron cita en el z\u00f3calo capitalino, disfrutaron de pirotecnia, \u201cvideo mapping\u201d y la presentaci\u00f3n del cantante mexicano, Pablo Montero, quien ameniz\u00f3 la \u201cNoche Mexicana\u201d.<\/p>\n\n\n\n<p>En el acto estuvieron presentes los presidentes del Congreso local y del Tribunal Superior de Justicia, Eduardo Castillo L\u00f3pez y Belinda Aguilar D\u00edaz; los comandantes de la XXV Zona Militar y la VI Regi\u00f3n Militar, Manuel Ram\u00edrez Mart\u00ednez y Julio \u00c1lvarez Arellano, as\u00ed como funcionarios estatales y municipales.<\/p>\n","protected":false},"excerpt":{"rendered":"<p>-Las y los poblanos que se dieron cita en el z\u00f3calo capitalino disfrutaron de pirotecnia, \u201cvideo mapping\u201d y la presentaci\u00f3n del cantante mexicano, Pablo Montero CIUDAD DE PUEBLA, Pue. \u2013 Bajo un ambiente familiar y de celebraci\u00f3n por el orgullo de ser mexicanas y mexicanos, el gobernador Sergio Salom\u00f3n dio el \u201cGrito de Independencia\u201d en [&hellip;]<\/p>\n","protected":false},"author":1,"featured_media":113954,"comment_status":"open","ping_status":"open","sticky":false,"template":"","format":"standard","meta":{"footnotes":""},"categories":[20],"tags":[52],"class_list":["post-113955","post","type-post","status-publish","format-standard","has-post-thumbnail","hentry","category-norte-de-puebla","tag-puebla"],"blog_post_layout_featured_media_urls":{"thumbnail":["https:\/\/diariolanoticia.com.mx\/wp-content\/uploads\/2023\/09\/img_6859-216x160.jpg",216,160,true],"full":["https:\/\/diariolanoticia.com.mx\/wp-content\/uploads\/2023\/09\/img_6859.jpg",1312,875,false]},"categories_names":{"20":{"name":"Norte de Puebla","link":"https:\/\/diariolanoticia.com.mx\/?cat=20"}},"tags_names":{"52":{"name":"Puebla","link":"https:\/\/diariolanoticia.com.mx\/?tag=puebla"}},"comments_number":"0","wpmagazine_modules_lite_featured_media_urls":{"thumbnail":["https:\/\/diariolanoticia.com.mx\/wp-content\/uploads\/2023\/09\/img_6859-216x160.jpg",216,160,true],"cvmm-medium":["https:\/\/diariolanoticia.com.mx\/wp-content\/uploads\/2023\/09\/img_6859-300x300.jpg",300,300,true],"cvmm-medium-plus":["https:\/\/diariolanoticia.com.mx\/wp-content\/uploads\/2023\/09\/img_6859-305x207.jpg",305,207,true],"cvmm-portrait":["https:\/\/diariolanoticia.com.mx\/wp-content\/uploads\/2023\/09\/img_6859-400x600.jpg",400,600,true],"cvmm-medium-square":["https:\/\/diariolanoticia.com.mx\/wp-content\/uploads\/2023\/09\/img_6859-600x600.jpg",600,600,true],"cvmm-large":["https:\/\/diariolanoticia.com.mx\/wp-content\/uploads\/2023\/09\/img_6859-1024x875.jpg",1024,875,true],"cvmm-small":["https:\/\/diariolanoticia.com.mx\/wp-content\/uploads\/2023\/09\/img_6859-130x95.jpg",130,95,true],"full":["https:\/\/diariolanoticia.com.mx\/wp-content\/uploads\/2023\/09\/img_6859.jpg",1312,875,false]},"_links":{"self":[{"href":"https:\/\/diariolanoticia.com.mx\/index.php?rest_route=\/wp\/v2\/posts\/113955","targetHints":{"allow":["GET"]}}],"collection":[{"href":"https:\/\/diariolanoticia.com.mx\/index.php?rest_route=\/wp\/v2\/posts"}],"about":[{"href":"https:\/\/diariolanoticia.com.mx\/index.php?rest_route=\/wp\/v2\/types\/post"}],"author":[{"embeddable":true,"href":"https:\/\/diariolanoticia.com.mx\/index.php?rest_route=\/wp\/v2\/users\/1"}],"replies":[{"embeddable":true,"href":"https:\/\/diariolanoticia.com.mx\/index.php?rest_route=%2Fwp%2Fv2%2Fcomments&post=113955"}],"version-history":[{"count":1,"href":"https:\/\/diariolanoticia.com.mx\/index.php?rest_route=\/wp\/v2\/posts\/113955\/revisions"}],"predecessor-version":[{"id":113956,"href":"https:\/\/diariolanoticia.com.mx\/index.php?rest_route=\/wp\/v2\/posts\/113955\/revisions\/113956"}],"wp:featuredmedia":[{"embeddable":true,"href":"https:\/\/diariolanoticia.com.mx\/index.php?rest_route=\/wp\/v2\/media\/113954"}],"wp:attachment":[{"href":"https:\/\/diariolanoticia.com.mx\/index.php?rest_route=%2Fwp%2Fv2%2Fmedia&parent=113955"}],"wp:term":[{"taxonomy":"category","embeddable":true,"href":"https:\/\/diariolanoticia.com.mx\/index.php?rest_route=%2Fwp%2Fv2%2Fcategories&post=113955"},{"taxonomy":"post_tag","embeddable":true,"href":"https:\/\/diariolanoticia.com.mx\/index.php?rest_route=%2Fwp%2Fv2%2Ftags&post=113955"}],"curies":[{"name":"wp","href":"https:\/\/api.w.org\/{rel}","templated":true}]}}