{"id":114223,"date":"2023-09-21T10:08:17","date_gmt":"2023-09-21T16:08:17","guid":{"rendered":"https:\/\/diariolanoticia.com.mx\/?p=114223"},"modified":"2023-09-22T10:08:31","modified_gmt":"2023-09-22T16:08:31","slug":"autoridades-de-los-tres-poderes-conmemoraron-bicentenario-del-colegio-militar","status":"publish","type":"post","link":"https:\/\/diariolanoticia.com.mx\/?p=114223","title":{"rendered":"AUTORIDADES DE LOS TRES PODERES CONMEMORARON BICENTENARIO DEL COLEGIO MILITAR"},"content":{"rendered":"\n<p>*Reconocieron a la instituci\u00f3n por su labor en la formaci\u00f3n y adiestramiento de mujeres y hombres con esp\u00edritu de cuerpo y lealtad al servicio de la patria y el bienestar colectivo<\/p>\n\n\n\n<p>Autoridades de los tres Poderes de Gobierno develaron la inscripci\u00f3n de las letras doradas \u201c2023 A\u00f1o del Bicentenario del Heroico Colegio Militar\u201d, en el Muro de Honor de la sala de sesiones del Poder Legislativo<\/p>\n\n\n\n<p>El titular de la Secretar\u00eda de Gobierno (Segob), Sergio Gonz\u00e1lez Hern\u00e1ndez, en representaci\u00f3n de la gobernadora Lorena Cu\u00e9llar Cisneros, acompa\u00f1\u00f3 al director del Heroico Colegio Militar, general de Brigada Diplomado de Estado Mayor, Jorge Antonio Maldonado Guevara, a la sesi\u00f3n solemne donde se reconoci\u00f3 a esta instituci\u00f3n por su labor en la formaci\u00f3n y adiestramiento de mujeres y hombres con esp\u00edritu de cuerpo y lealtad al servicio de la patria y el bienestar colectivo.<\/p>\n\n\n\n<p>Maldonado Guevara manifest\u00f3 que el Colegio Militar ha consolidado una noble tradici\u00f3n de lealtad, honor y patriotismo que distingue a sus egresados, siendo un referente de las m\u00e1s altas virtudes militares de fidelidad y amor al pueblo de M\u00e9xico.<\/p>\n\n\n\n<p>\u201cEn la celebraci\u00f3n de estos dos siglos de lealtad institucional del Heroico Colegio Militar, nos amalgamamos con la herencia hist\u00f3rica de los cadetes de ayer y evocamos el lema que nos impulsa a pensar en la grandeza de nuestra patria y de la sociedad tlaxcalteca, y que todos los d\u00edas hace eco en este glorioso plantel por el honor de M\u00e9xico\u201d.<\/p>\n\n\n\n<p>Reconoci\u00f3 que la entidad tlaxcalteca fue testigo de un hecho hist\u00f3rico el 9 mayo de 1920 donde cadetes escoltaban al presidente Venustiano Carranza hacia Veracruz en la \u00faltima carga de caballer\u00eda al sable; as\u00ed como al coronel Felipe Santiago Xicoht\u00e9ncatl, egresado del Colegio y quien muri\u00f3 en cumplimiento de su deber durante la defensa del Castillo de Chapultepec en 1847, dirigiendo al Batall\u00f3n de San Blas.<\/p>\n\n\n\n<p>En representaci\u00f3n del Poder Legislativo, la presidenta de la Mesa Directiva de la LXIV Legislatura del Congreso local, M\u00f3nica S\u00e1nchez Angulo refiri\u00f3 que desde la fundaci\u00f3n del Colegio en 1823, se ha contado con una instituci\u00f3n que ha sido parte importante en el crecimiento y desarrollo del pa\u00eds.<\/p>\n\n\n\n<p>En tanto, el diputado local del distrito XIII, Bladimir Zainos Flores expres\u00f3 que el Heroico Colegio Militar representa un legado de honor, manteni\u00e9ndose a la vanguardia con una gran reserva de valores culturales y morales.<\/p>\n\n\n\n<p>En el evento solemne estuvieron la representante de la presidenta del Poder Judicial, Mary Cruz Cort\u00e9s Ornelas, la magistrada integrante de la Ponencia de la Sala Civil y Familiar, Fanny Margarita Amador Montes y el comandante de la VI Regi\u00f3n Militar, Julio \u00c1lvarez Arellano.<\/p>\n\n\n\n<p>Asimismo, integrantes de la LXIV Legislatura, el comandante de la 23a. Zona Militar, Andr\u00e9s Ojeda Ram\u00edrez y el coordinador de la Guardia Nacional (GN) en Tlaxcala, Jorge Antonio Rebolledo Zaragoza, quienes refrendaron su compromiso de trabajar coordinadamente con los tres niveles de gobierno desde las mesas para la Construcci\u00f3n de la Paz y la Seguridad para salvaguardar a la poblaci\u00f3n tlaxcalteca.<\/p>\n\n\n\n<p>Cabe mencionar que soldados del Regimiento de Caballer\u00eda realizaron una valla de honor a las afueras del Congreso del estado para integrantes del gabinete legal y ampliado, autoridades de las c\u00e1maras de comercio y de la industria; adem\u00e1s de invitados especiales y sociedad en general para que convivan con las fuerzas armadas.<\/p>\n","protected":false},"excerpt":{"rendered":"<p>*Reconocieron a la instituci\u00f3n por su labor en la formaci\u00f3n y adiestramiento de mujeres y hombres con esp\u00edritu de cuerpo y lealtad al servicio de la patria y el bienestar colectivo Autoridades de los tres Poderes de Gobierno develaron la inscripci\u00f3n de las letras doradas \u201c2023 A\u00f1o del Bicentenario del Heroico Colegio Militar\u201d, en el [&hellip;]<\/p>\n","protected":false},"author":1,"featured_media":114224,"comment_status":"open","ping_status":"open","sticky":false,"template":"","format":"standard","meta":{"footnotes":""},"categories":[21],"tags":[],"class_list":["post-114223","post","type-post","status-publish","format-standard","has-post-thumbnail","hentry","category-estatal"],"blog_post_layout_featured_media_urls":{"thumbnail":["https:\/\/diariolanoticia.com.mx\/wp-content\/uploads\/2023\/09\/WhatsApp-Image-2023-09-21-at-18.15.17-216x160.jpeg",216,160,true],"full":["https:\/\/diariolanoticia.com.mx\/wp-content\/uploads\/2023\/09\/WhatsApp-Image-2023-09-21-at-18.15.17.jpeg",1600,1066,false]},"categories_names":{"21":{"name":"Estatal","link":"https:\/\/diariolanoticia.com.mx\/?cat=21"}},"tags_names":[],"comments_number":"0","wpmagazine_modules_lite_featured_media_urls":{"thumbnail":["https:\/\/diariolanoticia.com.mx\/wp-content\/uploads\/2023\/09\/WhatsApp-Image-2023-09-21-at-18.15.17-216x160.jpeg",216,160,true],"cvmm-medium":["https:\/\/diariolanoticia.com.mx\/wp-content\/uploads\/2023\/09\/WhatsApp-Image-2023-09-21-at-18.15.17-300x300.jpeg",300,300,true],"cvmm-medium-plus":["https:\/\/diariolanoticia.com.mx\/wp-content\/uploads\/2023\/09\/WhatsApp-Image-2023-09-21-at-18.15.17-305x207.jpeg",305,207,true],"cvmm-portrait":["https:\/\/diariolanoticia.com.mx\/wp-content\/uploads\/2023\/09\/WhatsApp-Image-2023-09-21-at-18.15.17-400x600.jpeg",400,600,true],"cvmm-medium-square":["https:\/\/diariolanoticia.com.mx\/wp-content\/uploads\/2023\/09\/WhatsApp-Image-2023-09-21-at-18.15.17-600x600.jpeg",600,600,true],"cvmm-large":["https:\/\/diariolanoticia.com.mx\/wp-content\/uploads\/2023\/09\/WhatsApp-Image-2023-09-21-at-18.15.17-1024x1024.jpeg",1024,1024,true],"cvmm-small":["https:\/\/diariolanoticia.com.mx\/wp-content\/uploads\/2023\/09\/WhatsApp-Image-2023-09-21-at-18.15.17-130x95.jpeg",130,95,true],"full":["https:\/\/diariolanoticia.com.mx\/wp-content\/uploads\/2023\/09\/WhatsApp-Image-2023-09-21-at-18.15.17.jpeg",1600,1066,false]},"_links":{"self":[{"href":"https:\/\/diariolanoticia.com.mx\/index.php?rest_route=\/wp\/v2\/posts\/114223","targetHints":{"allow":["GET"]}}],"collection":[{"href":"https:\/\/diariolanoticia.com.mx\/index.php?rest_route=\/wp\/v2\/posts"}],"about":[{"href":"https:\/\/diariolanoticia.com.mx\/index.php?rest_route=\/wp\/v2\/types\/post"}],"author":[{"embeddable":true,"href":"https:\/\/diariolanoticia.com.mx\/index.php?rest_route=\/wp\/v2\/users\/1"}],"replies":[{"embeddable":true,"href":"https:\/\/diariolanoticia.com.mx\/index.php?rest_route=%2Fwp%2Fv2%2Fcomments&post=114223"}],"version-history":[{"count":1,"href":"https:\/\/diariolanoticia.com.mx\/index.php?rest_route=\/wp\/v2\/posts\/114223\/revisions"}],"predecessor-version":[{"id":114225,"href":"https:\/\/diariolanoticia.com.mx\/index.php?rest_route=\/wp\/v2\/posts\/114223\/revisions\/114225"}],"wp:featuredmedia":[{"embeddable":true,"href":"https:\/\/diariolanoticia.com.mx\/index.php?rest_route=\/wp\/v2\/media\/114224"}],"wp:attachment":[{"href":"https:\/\/diariolanoticia.com.mx\/index.php?rest_route=%2Fwp%2Fv2%2Fmedia&parent=114223"}],"wp:term":[{"taxonomy":"category","embeddable":true,"href":"https:\/\/diariolanoticia.com.mx\/index.php?rest_route=%2Fwp%2Fv2%2Fcategories&post=114223"},{"taxonomy":"post_tag","embeddable":true,"href":"https:\/\/diariolanoticia.com.mx\/index.php?rest_route=%2Fwp%2Fv2%2Ftags&post=114223"}],"curies":[{"name":"wp","href":"https:\/\/api.w.org\/{rel}","templated":true}]}}