{"id":114746,"date":"2023-10-02T11:38:33","date_gmt":"2023-10-02T17:38:33","guid":{"rendered":"https:\/\/diariolanoticia.com.mx\/?p=114746"},"modified":"2023-10-02T11:38:33","modified_gmt":"2023-10-02T17:38:33","slug":"inclusion-capacitacion-y-apoyo-a-las-personas-adultas-mayores-en-oxxo-y-oxxo-gas","status":"publish","type":"post","link":"https:\/\/diariolanoticia.com.mx\/?p=114746","title":{"rendered":"Inclusi\u00f3n, capacitaci\u00f3n y apoyo a las personas adultas mayores en OXXO y OXXO GAS"},"content":{"rendered":"\n<ul class=\"wp-block-list\"><li>M\u00e1s de siete mil personas han participado en cursos y talleres de los Centros de Capacitaci\u00f3n para Adultos Mayores.<\/li><li>Tres mil 532 personas de m\u00e1s de 60 a\u00f1os trabajan en OXXO y OXXO GAS.<\/li><li>+10,132 millones de pesos recaudados a trav\u00e9s del Programa Redondeo Cambio x Cambio.<\/li><\/ul>\n\n\n\n<p><strong>Monterrey, Nuevo Le\u00f3n, M\u00e9xico. 2 de octubre de 2023.\u2013&nbsp;<\/strong>Seg\u00fan datos de la Organizaci\u00f3n de las Naciones Unidas (ONU), para 2050 las personas de 60 a\u00f1os o m\u00e1s ser\u00e1n 2 mil millones, es decir, m\u00e1s del 20% de la poblaci\u00f3n mundial. Ante este panorama OXXO y OXXO GAS reconocen la contribuci\u00f3n de las Personas Adultas Mayores al desarrollo econ\u00f3mico y social, por lo que, a trav\u00e9s de tres iniciativas enfocadas a la capacitaci\u00f3n, inclusi\u00f3n laboral y apoyo en su desarrollo, en 2023 han impactado de manera positiva a m\u00e1s de 10 mil mujeres y hombres adultos mayores.<\/p>\n\n\n\n<p>\u201cDentro de los objetivos de Justicia, Equidad, Diversidad e Inclusi\u00f3n (JEDI) de FEMSA, compartidas por OXXO, las personas de edad o adultas mayores son parte importante del reconocimiento a la diversidad generacional que integra a la sociedad y de su necesidad de contar con acceso equitativo a oportunidades de desarrollo y espacio para aportar valor desde su experiencia y visi\u00f3n de la vida\u201d, coment\u00f3 Diego Minakata, Director de Recursos Humanos de OXXO.<\/p>\n\n\n\n<p>Actualmente, hay 35 Centros de Capacitaci\u00f3n para Personas Adultas Mayores, ubicados en 19 estados del pa\u00eds, los cuales son parte del Programa Huellas Mayores por OXXO, de la Estrategia Transversal de OXXO, que consiste en la alianza&nbsp;&nbsp;y trabajo mutuo con universidades, organizaciones civiles y p\u00fablicas, para lograr la rehabilitaci\u00f3n y recuperaci\u00f3n de espacios en los que se activen aulas para dotar de herramientas y conocimientos necesarios a personas de 55, 60 a\u00f1os o m\u00e1s, en situaci\u00f3n de vulnerabilidad y que les permitan mantenerse activos.<\/p>\n\n\n\n<p>A finales de agosto, se llevaron a cabo las primeras graduaciones a nivel nacional en los Centros de Capacitaci\u00f3n para Adultos Mayores Armon\u00eda y Renacer, en Regi\u00f3n Yucat\u00e1n Peninsular, logrando que 110 personas concluyeran la habilitaci\u00f3n, y, en septiembre, 64 personas se graduaron en el Centro de Capacitaci\u00f3n y Desarrollo en Puebla.<\/p>\n\n\n\n<p>Cabe destacar que tan solo los Centros de Regi\u00f3n Yucat\u00e1n Peninsular atienden a m\u00e1s de 600 personas adultas mayores del poniente de la ciudad; lo cual indica que pr\u00f3ximamente habr\u00e1 m\u00e1s graduaciones.<\/p>\n\n\n\n<p>Tambi\u00e9n, entre los casos de \u00e9xito que existen en otras entidades, se puede mencionar la historia de Josefina Bonald Chavira de 71 a\u00f1os, ella acude a la Casa de D\u00eda del Adulto Mayor Tonatico, en Estado de M\u00e9xico. Su diagn\u00f3stico de artritis reumatoide no le ha impedido tomar las lecciones del taller \u201cAdultos Mayores Conectados con la Tecnolog\u00eda\u201d, donde ha aprendido a descargar m\u00fasica en una memoria USB, la creaci\u00f3n y administraci\u00f3n de archivos de procesador de textos y un programa para usar el teclado de manera m\u00e1s r\u00e1pida.<\/p>\n\n\n\n<p>En este sentido, el objetivo principal de esta iniciativa es que las personas adultas mayores puedan tomar la decisi\u00f3n de mantenerse activas, aprender cosas nuevas y seguir creciendo y desarroll\u00e1ndose profesionalmente; si as\u00ed lo desean, ya sea dentro o fuera de la compa\u00f1\u00eda. Pues, adicional del aprendizaje brindado en los cursos de capacitaci\u00f3n, tienen la opci\u00f3n de aplicar para trabajar en alguna de las tiendas de la cadena OXXO o emprender su propio negocio, por ejemplo.<\/p>\n\n\n\n<p>Adem\u00e1s, y como parte de la estrategia de Diversidad, Equidad e Inclusi\u00f3n de OXXO, que promueve la imparcialidad de g\u00e9nero e igualdad de oportunidades para laborar en la empresa, se busca fomentar la diversidad e inclusi\u00f3n laboral en los equipos de trabajo.&nbsp;&nbsp;<\/p>\n\n\n\n<p>Bajo esta l\u00ednea, actualmente OXXO y OXXO GAS tienen 3,532 colaboradores adultos mayores en tiendas y estaciones de servicio, 664 de los cuales fueron contratados entre el 1 de enero y el 15 de agosto de 2023; es decir, casi 3 trabajadores empleados cada 24 horas, los primeros 226 d\u00edas del a\u00f1o.<\/p>\n\n\n\n<p>La antig\u00fcedad promedio de cada trabajador de OXXO en esa franja de edad es de cuatro a\u00f1os y dos meses, sumando tres mil 247 personas entre 60 y 69 a\u00f1os, 278 entre 70 y 79 y siete entre los 80 y 82 a\u00f1os.<\/p>\n\n\n\n<p>Aunque no todas las personas adultas mayores en funciones en OXXO y OXXO GAS son contratadas al llegar a esa etapa de la vida, muchas arriban a ella ya con varios a\u00f1os de servicio en la empresa, como es el caso de Joaqu\u00edn L\u00f3pez Manzo; de una tienda de los Altos de Jalisco, quien tiene 22 a\u00f1os en OXXO y 80 de edad, habiendo iniciado su relaci\u00f3n laboral cuando ten\u00eda 58 a\u00f1os.<\/p>\n\n\n\n<p>De igual modo, y con la finalidad de sensibilizar a sus equipos de trabajo, el pasado 27 de septiembre OXXO realiz\u00f3 un foro virtual llamado \u201cHablemos de\u2026 Personas Adultas Mayores\u201d, para concienciar sobre la forma de pensar, sentir y actuar con respecto a este sector de la poblaci\u00f3n, plantear el contexto actual y dar a conocer los beneficios de su Inclusi\u00f3n Laboral. Se presentaron estad\u00edsticas de grupos generacionales, edadismo, discriminaci\u00f3n, estrategias para reducir el edadismo, mitos sobre las personas mayores y beneficios de la inclusi\u00f3n laboral. El evento dur\u00f3 90 minutos y cont\u00f3 con la participaci\u00f3n de m\u00e1s de m\u00e1s de 600 personas.<\/p>\n\n\n\n<p>Finalmente, OXXO, cuenta con sus clientes para beneficiar a las personas adultas mayores, pues durante 2022 y lo que va de 2023 se ha logrado recaudar $10,132,449.35, destinados a apoyar a 37 organizaciones de la sociedad civil que atienden a personas de edad en temas de salud y alimentaci\u00f3n, principalmente.<\/p>\n\n\n\n<p>As\u00ed es como OXXO y OXXO GAS reconocen a las personas adultas mayores como parte de su gente y de la comunidad, preocup\u00e1ndose, a su vez, por su desarrollo e inclusi\u00f3n.<\/p>\n","protected":false},"excerpt":{"rendered":"<p>M\u00e1s de siete mil personas han participado en cursos y talleres de los Centros de Capacitaci\u00f3n para Adultos Mayores. Tres mil 532 personas de m\u00e1s de 60 a\u00f1os trabajan en OXXO y OXXO GAS. +10,132 millones de pesos recaudados a trav\u00e9s del Programa Redondeo Cambio x Cambio. Monterrey, Nuevo Le\u00f3n, M\u00e9xico. 2 de octubre de [&hellip;]<\/p>\n","protected":false},"author":1,"featured_media":114747,"comment_status":"open","ping_status":"open","sticky":false,"template":"","format":"standard","meta":{"footnotes":""},"categories":[40],"tags":[],"class_list":["post-114746","post","type-post","status-publish","format-standard","has-post-thumbnail","hentry","category-fed"],"blog_post_layout_featured_media_urls":{"thumbnail":["https:\/\/diariolanoticia.com.mx\/wp-content\/uploads\/2023\/10\/f5h9wp9wuaaodzh-0692078256836198-216x160.jpg",216,160,true],"full":["https:\/\/diariolanoticia.com.mx\/wp-content\/uploads\/2023\/10\/f5h9wp9wuaaodzh-0692078256836198.jpg",1024,682,false]},"categories_names":{"40":{"name":"Federal","link":"https:\/\/diariolanoticia.com.mx\/?cat=40"}},"tags_names":[],"comments_number":"0","wpmagazine_modules_lite_featured_media_urls":{"thumbnail":["https:\/\/diariolanoticia.com.mx\/wp-content\/uploads\/2023\/10\/f5h9wp9wuaaodzh-0692078256836198-216x160.jpg",216,160,true],"cvmm-medium":["https:\/\/diariolanoticia.com.mx\/wp-content\/uploads\/2023\/10\/f5h9wp9wuaaodzh-0692078256836198-300x300.jpg",300,300,true],"cvmm-medium-plus":["https:\/\/diariolanoticia.com.mx\/wp-content\/uploads\/2023\/10\/f5h9wp9wuaaodzh-0692078256836198-305x207.jpg",305,207,true],"cvmm-portrait":["https:\/\/diariolanoticia.com.mx\/wp-content\/uploads\/2023\/10\/f5h9wp9wuaaodzh-0692078256836198-400x600.jpg",400,600,true],"cvmm-medium-square":["https:\/\/diariolanoticia.com.mx\/wp-content\/uploads\/2023\/10\/f5h9wp9wuaaodzh-0692078256836198-600x600.jpg",600,600,true],"cvmm-large":["https:\/\/diariolanoticia.com.mx\/wp-content\/uploads\/2023\/10\/f5h9wp9wuaaodzh-0692078256836198.jpg",1024,682,false],"cvmm-small":["https:\/\/diariolanoticia.com.mx\/wp-content\/uploads\/2023\/10\/f5h9wp9wuaaodzh-0692078256836198-130x95.jpg",130,95,true],"full":["https:\/\/diariolanoticia.com.mx\/wp-content\/uploads\/2023\/10\/f5h9wp9wuaaodzh-0692078256836198.jpg",1024,682,false]},"_links":{"self":[{"href":"https:\/\/diariolanoticia.com.mx\/index.php?rest_route=\/wp\/v2\/posts\/114746","targetHints":{"allow":["GET"]}}],"collection":[{"href":"https:\/\/diariolanoticia.com.mx\/index.php?rest_route=\/wp\/v2\/posts"}],"about":[{"href":"https:\/\/diariolanoticia.com.mx\/index.php?rest_route=\/wp\/v2\/types\/post"}],"author":[{"embeddable":true,"href":"https:\/\/diariolanoticia.com.mx\/index.php?rest_route=\/wp\/v2\/users\/1"}],"replies":[{"embeddable":true,"href":"https:\/\/diariolanoticia.com.mx\/index.php?rest_route=%2Fwp%2Fv2%2Fcomments&post=114746"}],"version-history":[{"count":1,"href":"https:\/\/diariolanoticia.com.mx\/index.php?rest_route=\/wp\/v2\/posts\/114746\/revisions"}],"predecessor-version":[{"id":114748,"href":"https:\/\/diariolanoticia.com.mx\/index.php?rest_route=\/wp\/v2\/posts\/114746\/revisions\/114748"}],"wp:featuredmedia":[{"embeddable":true,"href":"https:\/\/diariolanoticia.com.mx\/index.php?rest_route=\/wp\/v2\/media\/114747"}],"wp:attachment":[{"href":"https:\/\/diariolanoticia.com.mx\/index.php?rest_route=%2Fwp%2Fv2%2Fmedia&parent=114746"}],"wp:term":[{"taxonomy":"category","embeddable":true,"href":"https:\/\/diariolanoticia.com.mx\/index.php?rest_route=%2Fwp%2Fv2%2Fcategories&post=114746"},{"taxonomy":"post_tag","embeddable":true,"href":"https:\/\/diariolanoticia.com.mx\/index.php?rest_route=%2Fwp%2Fv2%2Ftags&post=114746"}],"curies":[{"name":"wp","href":"https:\/\/api.w.org\/{rel}","templated":true}]}}