{"id":114825,"date":"2023-10-03T15:34:16","date_gmt":"2023-10-03T21:34:16","guid":{"rendered":"https:\/\/diariolanoticia.com.mx\/?p=114825"},"modified":"2023-10-03T15:34:17","modified_gmt":"2023-10-03T21:34:17","slug":"entrega-salvador-santos-cedillo-barda-perimetral-en-preescolar-del-pueblo-de-chapultepec","status":"publish","type":"post","link":"https:\/\/diariolanoticia.com.mx\/?p=114825","title":{"rendered":"ENTREGA SALVADOR SANTOS CEDILLO BARDA PERIMETRAL EN PREESCOLAR DEL PUEBLO DE CHAPULTEPEC"},"content":{"rendered":"\n<p>\u201cCon esta obra se garantiza la seguridad de la comunidad escolar\u201d, asegur\u00f3 el presidente municipal de Huamantla.<\/p>\n\n\n\n<p>Con el prop\u00f3sito de brindar mayor seguridad a alumnos y docentes, as\u00ed como confianza a los padres de familia, el presidente municipal de Huamantla, Salvador Santos Cedillo, realiz\u00f3 el corte de list\u00f3n inaugural de la barda perimetral del Jard\u00edn de Ni\u00f1os \u201cBertha Von Glummer\u201d del Pueblo de Chapultepec, cuyos trabajos de construcci\u00f3n fue de 338 metros lineales.<\/p>\n\n\n\n<p>En el patio central de la escuela, el edil Santos Cedillo, se\u00f1al\u00f3 que la obra que se inaugura es el resultado de los recorridos que han emprendido por las diferentes comunidades, para detectar las necesidades m\u00e1s apremiantes que se tienen, que en este caso fue mejorar este espacio educativo.<\/p>\n\n\n\n<p>\u201cHoy se concluye una obra que era muy importante para la seguridad de la comunidad escolar, anteriormente se ten\u00eda como cerca una malla cicl\u00f3nica, lo cual era inc\u00f3modo e inseguro, pero ahora con esta barda perimetral se tendr\u00e1 mayor seguridad para los ni\u00f1os y para los bienes de esta escuela\u201d, apunt\u00f3.<\/p>\n\n\n\n<p>Santos Cedillo dijo que siempre le ha apostado a la educaci\u00f3n, ya que las ni\u00f1as, ni\u00f1os y j\u00f3venes son el presente de M\u00e9xico, que van a sacar adelante nuestro pa\u00eds; por ello, deben tener lugares adecuados para recibir una formaci\u00f3n educativa y un sano desarrollo social.<\/p>\n\n\n\n<p>Por su parte, la directora del jard\u00edn de ni\u00f1os, Rebeca Gonzalino Ju\u00e1rez, agradeci\u00f3 el apoyo e impulso que ha demostrado el alcalde Salvador Santos Cedillo, hacia la educaci\u00f3n y el bienestar de las ni\u00f1as y ni\u00f1os.<\/p>\n\n\n\n<p>Reconoci\u00f3 que esta obra representa un paso importante para garantizar un entorno adecuado para la comunidad que diariamente asiste; adem\u00e1s, aplaudi\u00f3 la visi\u00f3n que tiene el edil para llevar a cabo acciones tan importantes a favor de la ni\u00f1ez y la educaci\u00f3n de los huamantlecos.<\/p>\n\n\n\n<p>Finalmente, Salvador Santos Cedillo, hizo un llamado a los padres de familia a trabajar de manera coordinada, sociedad y gobierno, a fin de continuar transformando la vida de las familias que habitan en las 39 comunidades que conforman el municipio.<\/p>\n","protected":false},"excerpt":{"rendered":"<p>\u201cCon esta obra se garantiza la seguridad de la comunidad escolar\u201d, asegur\u00f3 el presidente municipal de Huamantla. Con el prop\u00f3sito de brindar mayor seguridad a alumnos y docentes, as\u00ed como confianza a los padres de familia, el presidente municipal de Huamantla, Salvador Santos Cedillo, realiz\u00f3 el corte de list\u00f3n inaugural de la barda perimetral del [&hellip;]<\/p>\n","protected":false},"author":1,"featured_media":114826,"comment_status":"open","ping_status":"open","sticky":false,"template":"","format":"standard","meta":{"footnotes":""},"categories":[219],"tags":[],"class_list":["post-114825","post","type-post","status-publish","format-standard","has-post-thumbnail","hentry","category-huamantla"],"blog_post_layout_featured_media_urls":{"thumbnail":["https:\/\/diariolanoticia.com.mx\/wp-content\/uploads\/2023\/10\/WhatsApp-Image-2023-10-03-at-15.18.31-216x160.jpeg",216,160,true],"full":["https:\/\/diariolanoticia.com.mx\/wp-content\/uploads\/2023\/10\/WhatsApp-Image-2023-10-03-at-15.18.31.jpeg",1280,853,false]},"categories_names":{"219":{"name":"Huamantla","link":"https:\/\/diariolanoticia.com.mx\/?cat=219"}},"tags_names":[],"comments_number":"0","wpmagazine_modules_lite_featured_media_urls":{"thumbnail":["https:\/\/diariolanoticia.com.mx\/wp-content\/uploads\/2023\/10\/WhatsApp-Image-2023-10-03-at-15.18.31-216x160.jpeg",216,160,true],"cvmm-medium":["https:\/\/diariolanoticia.com.mx\/wp-content\/uploads\/2023\/10\/WhatsApp-Image-2023-10-03-at-15.18.31-300x300.jpeg",300,300,true],"cvmm-medium-plus":["https:\/\/diariolanoticia.com.mx\/wp-content\/uploads\/2023\/10\/WhatsApp-Image-2023-10-03-at-15.18.31-305x207.jpeg",305,207,true],"cvmm-portrait":["https:\/\/diariolanoticia.com.mx\/wp-content\/uploads\/2023\/10\/WhatsApp-Image-2023-10-03-at-15.18.31-400x600.jpeg",400,600,true],"cvmm-medium-square":["https:\/\/diariolanoticia.com.mx\/wp-content\/uploads\/2023\/10\/WhatsApp-Image-2023-10-03-at-15.18.31-600x600.jpeg",600,600,true],"cvmm-large":["https:\/\/diariolanoticia.com.mx\/wp-content\/uploads\/2023\/10\/WhatsApp-Image-2023-10-03-at-15.18.31-1024x853.jpeg",1024,853,true],"cvmm-small":["https:\/\/diariolanoticia.com.mx\/wp-content\/uploads\/2023\/10\/WhatsApp-Image-2023-10-03-at-15.18.31-130x95.jpeg",130,95,true],"full":["https:\/\/diariolanoticia.com.mx\/wp-content\/uploads\/2023\/10\/WhatsApp-Image-2023-10-03-at-15.18.31.jpeg",1280,853,false]},"_links":{"self":[{"href":"https:\/\/diariolanoticia.com.mx\/index.php?rest_route=\/wp\/v2\/posts\/114825","targetHints":{"allow":["GET"]}}],"collection":[{"href":"https:\/\/diariolanoticia.com.mx\/index.php?rest_route=\/wp\/v2\/posts"}],"about":[{"href":"https:\/\/diariolanoticia.com.mx\/index.php?rest_route=\/wp\/v2\/types\/post"}],"author":[{"embeddable":true,"href":"https:\/\/diariolanoticia.com.mx\/index.php?rest_route=\/wp\/v2\/users\/1"}],"replies":[{"embeddable":true,"href":"https:\/\/diariolanoticia.com.mx\/index.php?rest_route=%2Fwp%2Fv2%2Fcomments&post=114825"}],"version-history":[{"count":1,"href":"https:\/\/diariolanoticia.com.mx\/index.php?rest_route=\/wp\/v2\/posts\/114825\/revisions"}],"predecessor-version":[{"id":114827,"href":"https:\/\/diariolanoticia.com.mx\/index.php?rest_route=\/wp\/v2\/posts\/114825\/revisions\/114827"}],"wp:featuredmedia":[{"embeddable":true,"href":"https:\/\/diariolanoticia.com.mx\/index.php?rest_route=\/wp\/v2\/media\/114826"}],"wp:attachment":[{"href":"https:\/\/diariolanoticia.com.mx\/index.php?rest_route=%2Fwp%2Fv2%2Fmedia&parent=114825"}],"wp:term":[{"taxonomy":"category","embeddable":true,"href":"https:\/\/diariolanoticia.com.mx\/index.php?rest_route=%2Fwp%2Fv2%2Fcategories&post=114825"},{"taxonomy":"post_tag","embeddable":true,"href":"https:\/\/diariolanoticia.com.mx\/index.php?rest_route=%2Fwp%2Fv2%2Ftags&post=114825"}],"curies":[{"name":"wp","href":"https:\/\/api.w.org\/{rel}","templated":true}]}}